{"id":10733,"date":"2025-03-06T19:08:34","date_gmt":"2025-03-06T22:08:34","guid":{"rendered":"https:\/\/13.com.ar\/index.php\/guillermo-dio-el-si-y-velez-ya-tiene-al-entrenador-que-buscaba-para-salir-de-la-crisis-y-competir-en-la-copa-libertadores\/"},"modified":"2025-03-06T19:08:34","modified_gmt":"2025-03-06T22:08:34","slug":"guillermo-dio-el-si-y-velez-ya-tiene-al-entrenador-que-buscaba-para-salir-de-la-crisis-y-competir-en-la-copa-libertadores","status":"publish","type":"post","link":"https:\/\/13.com.ar\/index.php\/guillermo-dio-el-si-y-velez-ya-tiene-al-entrenador-que-buscaba-para-salir-de-la-crisis-y-competir-en-la-copa-libertadores\/","title":{"rendered":"Guillermo dio el &#8220;s\u00ed&#8221; y V\u00e9lez ya tiene al entrenador que buscaba para salir de la crisis y competir en la Copa Libertadores"},"content":{"rendered":"<p> <br \/>\n<\/p>\n<div id=\"cuerpo\">\n<div class=\"sc-80531b6b-0 chRIGJ container-text text-embed\">\n<p><strong>V\u00e9lez<\/strong>, el campe\u00f3n del \u00faltimo torneo del f\u00fatbol argentino y que tuvo un p\u00e9simo arranque de 2025, ya tiene nuevo entrenador: <strong>Guillermo Barros Schelotto<\/strong>. El <em>Mellizo, <\/em>que vuelve a trabajar en el pa\u00eds despu\u00e9s de 7 a\u00f1os,<em> <\/em>se encontraba sin trabajo desde hace tiempo, por lo que la negociaci\u00f3n lleg\u00f3 r\u00e1pidamente a buen puerto, tras dos fruct\u00edferas reuniones. <strong>El Mellizo firmar\u00e1 por un a\u00f1o con opci\u00f3n a uno m\u00e1s, se espera que este viernes est\u00e9 presente en el Jos\u00e9 Amalfitani<\/strong> en el partido frente a San Mart\u00edn de San Juan (dirigir\u00e1 interinamente Marcelo Bravo) y tendr\u00e1 su debut el lunes 17 ante Atl\u00e9tico en Tucum\u00e1n.<\/p>\n<\/div>\n<div class=\"sc-80531b6b-0 chRIGJ container-text text-embed\">\n<p>Tras la interrupci\u00f3n del contrato de <strong>Sebasti\u00e1n Dom\u00ednguez<\/strong> por la acumulaci\u00f3n de malos resultados, en Liniers pusieron los ojos en Guillermo y su cuerpo t\u00e9cnico. <strong>Ricky \u00c1lvarez, director deportivo de V\u00e9lez, se reuni\u00f3 con el entrenador de 51 a\u00f1os en City Bell<\/strong> y las charlas avanzaron positivamente. &#8220;Ac\u00e1 estamos, esperando volver al ruedo&#8221;, le confes\u00f3 el <em>Mellizo <\/em>a <strong>Clar\u00edn<\/strong> luego de la reuni\u00f3n, lo que evidencia las ganas que tiene de ponerse el buzo nuevamente, hecho que no realiza desde septiembre de 2023. Sin embargo, tendr\u00e1 una dif\u00edcil misi\u00f3n ya que el Fort\u00edn est\u00e1 en el fondo de la tabla de posiciones y acumula dos empates y seis derrotas en el \u00e1mbito dom\u00e9stico. Adem\u00e1s, no logr\u00f3 anotar ni un solo gol.<\/p>\n<\/div>\n<div class=\"sc-80531b6b-0 chRIGJ container-text text-embed\">\n<p>Tras imponer sus condiciones innegociables y con el visto bueno de la dirigencia, <strong>Guillermo se asegur\u00f3 un jugoso mercado de pases a mitad de a\u00f1o<\/strong> para cambiar dr\u00e1sticamente el nivel del plantel heredado. Porque en l\u00ednea con disminuir las deudas, decidieron deshacerse de las figuras del equipo campe\u00f3n y el plan iba a continuar en los pr\u00f3ximos meses, pero eso qued\u00f3 en <em>stand by<\/em>.<\/p>\n<\/div>\n<div class=\"sc-198be8ec-0 cynXbu image-embed  image-embed \"><picture class=\"sc-198be8ec-1 kOjRiQ\"><source media=\"(min-width: 975px)\" width=\"720\" height=\"480\" \/><img alt=\"Guillermo Barros Schelotto, en su estad\u00eda en la selecci\u00f3n paraguaya.  (AP Photo\/ Jorge Saenz)\" loading=\"lazy\" width=\"720\" height=\"480\" decoding=\"async\" data-nimg=\"1\" style=\"color:transparent\" src=\"https:\/\/13.com.ar\/wp-content\/uploads\/2025\/03\/Guillermo-dio-el-si-y-Velez-ya-tiene-al-entrenador.jpg\"\/><span class=\"epigraphe\">Guillermo Barros Schelotto, en su estad\u00eda en la selecci\u00f3n paraguaya.  (AP Photo\/ Jorge Saenz)<\/span><span class=\"bkg\"\/><span class=\"picture-open\"><button class=\"open-image\" aria-label=\"Open Image\"\/><\/span><\/picture><\/div>\n<div class=\"sc-80531b6b-0 chRIGJ container-text text-embed\">\n<p>El indiscutido \u00eddolo de Boca, como ya es habitual, estar\u00e1 acompa\u00f1ado de su hermano Gustavo en esta nueva traves\u00eda en el f\u00fatbol argentino, donde la situaci\u00f3n es mucho m\u00e1s adversa que en las experiencias anteriores. Los Barros Schelotto saben lo que es gritar campe\u00f3n como entrenadores y lo hicieron en distintos equipos.<\/p>\n<\/div>\n<div class=\"sc-80531b6b-0 chRIGJ container-text text-embed\">\n<p>Porque en su primera vivencia como dupla t\u00e9cnica, los oriundos de La Plata dejaron una huella imborrable en <strong>Lan\u00fas<\/strong>. Es que con el Granate conquistaron la <strong>Copa Sudamericana 2013<\/strong>, que signific\u00f3 el segundo t\u00edtulo internacional en la historia del club. Adem\u00e1s, termin\u00f3 segundo, cuarto y tercero en tres campeonatos consecutivos, y con una identidad muy marcada en el campo de juego. Con el Granate, en total, fueron 170 partidos, con 75 triunfos, 51 empates y 44 derrotas y un 54 % de efectividad.<\/p>\n<\/div>\n<div class=\"sc-80531b6b-0 chRIGJ container-text text-embed\">\n<p>Su segunda experiencia fue <strong>Palermo <\/strong>de Italia, aunque dur\u00f3 mucho menos de lo esperado. Es que tras dirigir solamente cuatro partidos, los mellizos se vieron obligados a abandonar el sue\u00f1o europeo por problemas con la UEFA. <em>&#8220;No tengo la licencia necesaria y no puedo dirigir. No me aprob\u00f3 la UEFA, la ley est\u00e1 y hay que cumplirla&#8221;<\/em>, explic\u00f3 Guillermo.<\/p>\n<\/div>\n<div class=\"sc-80531b6b-0 chRIGJ container-text text-embed\">\n<p>Y lleg\u00f3 el sue\u00f1o de dirigir a <strong>Boca<\/strong>. Aunque el comienzo fue irregular, inmediatamente el equipo arranc\u00f3 con su estilo ofensivo y din\u00e1mico y se <strong>consagr\u00f3 bicampe\u00f3n del f\u00fatbol argentino en 2016\/17 y 2017\/18<\/strong>. Luego lleg\u00f3 a la final de la Copa Libertadores 2018, donde perdi\u00f3 la recordada final ante River en Madrid y, tras aquel suceso, decidi\u00f3 dar un paso al costado. Logr\u00f3 un 62 % de efectividad, tras 63 triunfos, 31 empates y 23 derrotas.<\/p>\n<\/div>\n<div class=\"sc-198be8ec-0 cynXbu image-embed  image-embed \"><picture class=\"sc-198be8ec-1 kOjRiQ\"><source media=\"(min-width: 975px)\" width=\"720\" height=\"480\" \/><img alt=\"Guillermo Barros Schelotto como entrenador de Boca.&#10;Foto: Fernando de la Orden \" loading=\"lazy\" width=\"720\" height=\"480\" decoding=\"async\" data-nimg=\"1\" style=\"color:transparent\" src=\"https:\/\/13.com.ar\/wp-content\/uploads\/2025\/03\/1741298914_702_Guillermo-dio-el-si-y-Velez-ya-tiene-al-entrenador.jpg\"\/><span class=\"epigraphe\">Guillermo Barros Schelotto como entrenador de Boca.<br \/>\nFoto: Fernando de la Orden <\/span><span class=\"bkg\"\/><span class=\"picture-open\"><button class=\"open-image\" aria-label=\"Open Image\"\/><\/span><\/picture><\/div>\n<div class=\"sc-80531b6b-0 chRIGJ container-text text-embed\">\n<p><strong>Los \u00c1ngeles Galaxy<\/strong> fueron el refugio de los Barros Schelotto en Estados Unidos para calmar las aguas. Sin embargo, el paso por la MLS no fue exitoso y tras un primer a\u00f1o aceptable y un segundo lejos del ideal, no continuaron. En 62 partidos dirigidos, el elenco norteamericano gan\u00f3 23 partidos, empat\u00f3 ocho y perdi\u00f3 31.<\/p>\n<\/div>\n<div class=\"sc-80531b6b-0 chRIGJ container-text text-embed\">\n<p>La \u00faltima estad\u00eda fue en la <strong>selecci\u00f3n de Paraguay<\/strong>. Los hermanos asumieron en 2021 pero los resultados en las Eliminatorias Sudamericanas sentenciaron su paso por el combinado guaran\u00ed. Es que en ocho partidos solo ganaron uno, empataron dos y perdieron los cinco restantes. Por eso, se interrumpi\u00f3 el v\u00ednculo en septiembre de 2023.<\/p>\n<\/div>\n<\/div>\n<p><br \/>\n<br \/><a href=\"https:\/\/www.clarin.com\/deportes\/guillermo-dio-velez-entrenador-buscaba-salir-crisis-competir-copa-libertadores_0_r0nLGMDXsn.html\">Fuente Clarin.com <\/a><\/p>\n","protected":false},"excerpt":{"rendered":"<p>V\u00e9lez, el campe\u00f3n del \u00faltimo torneo del f\u00fatbol argentino y que tuvo un p\u00e9simo arranque de 2025, ya tiene nuevo entrenador: Guillermo Barros Schelotto. El Mellizo, que vuelve a trabajar en el pa\u00eds despu\u00e9s de 7 a\u00f1os, se encontraba sin trabajo desde hace tiempo, por lo que la negociaci\u00f3n lleg\u00f3 r\u00e1pidamente a buen puerto, tras [&hellip;]<\/p>\n","protected":false},"author":1,"featured_media":10734,"comment_status":"open","ping_status":"open","sticky":false,"template":"","format":"standard","meta":{"footnotes":""},"categories":[2],"tags":[11141,4356,2851,625,643,8031,3520,1749,16,1660,5296,1486,2313],"class_list":["post-10733","post","type-post","status-publish","format-standard","has-post-thumbnail","hentry","category-ultimas-noticias","tag-buscaba","tag-competir","tag-copa","tag-crisis","tag-dio","tag-entrenador","tag-guillermo","tag-libertadores","tag-para","tag-salir","tag-si","tag-tiene","tag-velez"],"_links":{"self":[{"href":"https:\/\/13.com.ar\/index.php\/wp-json\/wp\/v2\/posts\/10733","targetHints":{"allow":["GET"]}}],"collection":[{"href":"https:\/\/13.com.ar\/index.php\/wp-json\/wp\/v2\/posts"}],"about":[{"href":"https:\/\/13.com.ar\/index.php\/wp-json\/wp\/v2\/types\/post"}],"author":[{"embeddable":true,"href":"https:\/\/13.com.ar\/index.php\/wp-json\/wp\/v2\/users\/1"}],"replies":[{"embeddable":true,"href":"https:\/\/13.com.ar\/index.php\/wp-json\/wp\/v2\/comments?post=10733"}],"version-history":[{"count":0,"href":"https:\/\/13.com.ar\/index.php\/wp-json\/wp\/v2\/posts\/10733\/revisions"}],"wp:featuredmedia":[{"embeddable":true,"href":"https:\/\/13.com.ar\/index.php\/wp-json\/wp\/v2\/media\/10734"}],"wp:attachment":[{"href":"https:\/\/13.com.ar\/index.php\/wp-json\/wp\/v2\/media?parent=10733"}],"wp:term":[{"taxonomy":"category","embeddable":true,"href":"https:\/\/13.com.ar\/index.php\/wp-json\/wp\/v2\/categories?post=10733"},{"taxonomy":"post_tag","embeddable":true,"href":"https:\/\/13.com.ar\/index.php\/wp-json\/wp\/v2\/tags?post=10733"}],"curies":[{"name":"wp","href":"https:\/\/api.w.org\/{rel}","templated":true}]}}