{"id":1073,"date":"2025-01-31T19:39:51","date_gmt":"2025-01-31T22:39:51","guid":{"rendered":"https:\/\/13.com.ar\/index.php\/en-que-epoca-del-ano-se-pueden-disfrutar-y-por-que-se-da-este-fenomeno\/"},"modified":"2025-01-31T19:39:51","modified_gmt":"2025-01-31T22:39:51","slug":"en-que-epoca-del-ano-se-pueden-disfrutar-y-por-que-se-da-este-fenomeno","status":"publish","type":"post","link":"https:\/\/13.com.ar\/index.php\/en-que-epoca-del-ano-se-pueden-disfrutar-y-por-que-se-da-este-fenomeno\/","title":{"rendered":"en qu\u00e9 \u00e9poca del a\u00f1o se pueden disfrutar y por qu\u00e9 se da este fen\u00f3meno"},"content":{"rendered":"<p> <br \/>\n<\/p>\n<div id=\"cuerpo\">\n<div class=\"sc-80531b6b-0 chRIGJ container-text text-embed\">\n<p>En <strong>Sudam\u00e9rica<\/strong>, hay un <strong>rinc\u00f3n costero<\/strong> donde las olas parecen cobrar vida con un <strong>brillo azul ne\u00f3n<\/strong> que ilumina la noche. Este fen\u00f3meno natural, conocido como <strong>bioluminiscencia marina<\/strong>, transforma el paisaje y deja sin palabras a quienes tienen la suerte de presenciarlo. Pero \u00bfen qu\u00e9 \u00e9poca del a\u00f1o ocurre y cu\u00e1l es la raz\u00f3n detr\u00e1s de este espect\u00e1culo de <strong>luces en el agua<\/strong>?<\/p>\n<\/div>\n<div class=\"sc-80531b6b-0 chRIGJ container-text text-embed\">\n<p>La <strong>bioluminiscencia<\/strong> es un evento poco com\u00fan que depende de varios factores ambientales, como la temperatura del agua o la presencia de ciertos microorganismos marinos. \u00bfQu\u00e9 <strong>pa\u00eds sudamericano<\/strong> cuenta con este suceso incre\u00edble y maravilloso?<\/p>\n<\/div>\n<p><h2>D\u00f3nde y cu\u00e1ndo ver las olas fluorescentes en Sudam\u00e9rica<\/h2>\n<\/p>\n<div class=\"sc-80531b6b-0 chRIGJ container-text text-embed\">\n<p>Uno de los pa\u00edses donde se registr\u00f3 este fen\u00f3meno con mayor frecuencia es <strong>Argentina<\/strong>, especialmente en sus playas de la <strong>costa atl\u00e1ntica<\/strong>. Lugares como <strong>Mar del Plata<\/strong>, <strong>Pinamar<\/strong>, <strong>Villa Gesell<\/strong> y <strong>Caril\u00f3<\/strong> fueron testigos de la bioluminiscencia, atrayendo la curiosidad de quienes visitan estas localidades durante el verano.<\/p>\n<\/div>\n<div class=\"sc-80531b6b-0 chRIGJ container-text text-embed\">\n<p>Si bien la <strong>bioluminiscencia <\/strong>no ocurre de manera constante ni en un solo punto fijo, hay <strong>\u00e9pocas del a\u00f1o<\/strong> donde las probabilidades de verla aumentan considerablemente.<\/p>\n<\/div>\n<div class=\"sc-80531b6b-0 chRIGJ container-text text-embed\">\n<p>Este fen\u00f3meno suele darse con mayor frecuencia entre los <strong>meses de enero y marzo<\/strong>, cuando el agua alcanza temperaturas m\u00e1s templadas y favorece la proliferaci\u00f3n de microorganismos responsables de este brillo caracter\u00edstico.<\/p>\n<\/div>\n<div class=\"sc-198be8ec-0 cynXbu image-embed  image-embed \"><picture class=\"sc-198be8ec-1 kOjRiQ\"><source media=\"(min-width: 975px)\" width=\"720\" height=\"480\" \/><img alt=\"Las olas fluorescentes en Sudam\u00e9rica sorprenden a turistas y cient\u00edficos por igual. Foto: Unsplash.\" loading=\"lazy\" width=\"720\" height=\"480\" decoding=\"async\" data-nimg=\"1\" style=\"color:transparent\" src=\"https:\/\/13.com.ar\/wp-content\/uploads\/2025\/01\/en-que-epoca-del-ano-se-pueden-disfrutar-y-por.jpg\"\/><span class=\"epigraphe\">Las olas fluorescentes en Sudam\u00e9rica sorprenden a turistas y cient\u00edficos por igual. Foto: Unsplash.<\/span><span class=\"bkg\"\/><span class=\"picture-open\"><button class=\"open-image\" aria-label=\"Open Image\"\/><\/span><\/picture><\/div>\n<div class=\"sc-80531b6b-0 chRIGJ container-text text-embed\">\n<p>Factores que influyen en la aparici\u00f3n de la bioluminiscencia:<\/p>\n<\/div>\n<div class=\"sc-80531b6b-0 chRIGJ container-text text-embed\">\n<ul>\n<li><strong>Temperatura del agua<\/strong>: las aguas m\u00e1s c\u00e1lidas favorecen el crecimiento del fitoplancton bioluminiscente.<\/li>\n<\/ul>\n<\/div>\n<div class=\"sc-80531b6b-0 chRIGJ container-text text-embed\">\n<ul>\n<li><strong>Movimiento de las olas<\/strong>: la agitaci\u00f3n del mar o el contacto con las personas genera la reacci\u00f3n qu\u00edmica que emite luz.<\/li>\n<\/ul>\n<\/div>\n<div class=\"sc-80531b6b-0 chRIGJ container-text text-embed\">\n<ul>\n<li><strong>Ausencia de contaminaci\u00f3n lum\u00ednica<\/strong>: para observar este fen\u00f3meno en su m\u00e1ximo esplendor, es ideal buscar playas con poca iluminaci\u00f3n artificial.<\/li>\n<\/ul>\n<\/div>\n<div class=\"sc-80531b6b-0 chRIGJ container-text text-embed\">\n<ul>\n<li><strong>Falta de viento y aguas tranquilas<\/strong>: estas condiciones permiten que los microorganismos se mantengan en la superficie y la luz sea m\u00e1s visible.<\/li>\n<\/ul>\n<\/div>\n<p><h2>Por qu\u00e9 las olas se iluminan: la ciencia detr\u00e1s del fen\u00f3meno<\/h2>\n<\/p>\n<div class=\"sc-80531b6b-0 chRIGJ container-text text-embed\">\n<p>La <strong>bioluminiscencia <\/strong>se debe a la <strong>presencia de microorganismos marinos<\/strong>, principalmente <strong>dinoflagelados<\/strong>, un <strong>tipo de fitoplancton<\/strong> que reacciona con el ox\u00edgeno cuando es agitado. Este proceso qu\u00edmico genera un resplandor azul o verdoso, creando el efecto de olas fluorescentes.<\/p>\n<\/div>\n<div class=\"sc-198be8ec-0 cynXbu image-embed  image-embed \"><picture class=\"sc-198be8ec-1 kOjRiQ\"><source media=\"(min-width: 975px)\" width=\"720\" height=\"480\" \/><img alt=\"Argentina es uno de los pa\u00edses donde se registraron olas fluorescentes en la costa atl\u00e1ntica. Foto: Shutterstock.\" loading=\"lazy\" width=\"720\" height=\"480\" decoding=\"async\" data-nimg=\"1\" style=\"color:transparent\" src=\"https:\/\/13.com.ar\/wp-content\/uploads\/2025\/01\/1738363191_347_en-que-epoca-del-ano-se-pueden-disfrutar-y-por.jpg\"\/><span class=\"epigraphe\">Argentina es uno de los pa\u00edses donde se registraron olas fluorescentes en la costa atl\u00e1ntica. Foto: Shutterstock.<\/span><span class=\"bkg\"\/><span class=\"picture-open\"><button class=\"open-image\" aria-label=\"Open Image\"\/><\/span><\/picture><\/div>\n<div class=\"sc-80531b6b-0 chRIGJ container-text text-embed\">\n<p>Cuando los <strong>dinoflagelados<\/strong> se sienten amenazados, <strong>activan un mecanismo de defensa liberando una sustancia llamada luciferina<\/strong>, que al interactuar con la <strong>enzima luciferasa y el ox\u00edgeno<\/strong>, produce la <strong>luz caracter\u00edstica de este fen\u00f3meno<\/strong>. Este <strong>tipo de bioluminiscencia<\/strong> no solo ocurre en el mar, sino que tambi\u00e9n <strong>puede observarse en algunos insectos, hongos y organismos<\/strong> de <strong>aguas profundas<\/strong>.<\/p>\n<\/div>\n<div class=\"sc-80531b6b-0 chRIGJ container-text text-embed\">\n<p>A pesar de su apariencia extraordinaria, este <strong>fen\u00f3meno <\/strong>es <strong>completamente seguro para los seres humanos<\/strong>. Los microorganismos responsables <strong>no son t\u00f3xicos ni representan un peligro<\/strong> para quienes entran en contacto con el agua.<\/p>\n<\/div>\n<div class=\"sc-198be8ec-0 cynXbu image-embed  image-embed \"><picture class=\"sc-198be8ec-1 kOjRiQ\"><source media=\"(min-width: 975px)\" width=\"720\" height=\"480\" \/><img alt=\"Las aguas c\u00e1lidas y tranquilas favorecen la aparici\u00f3n de olas fluorescentes en la noche. Foto: Josh Beames \/ capturetheatlas.com \" loading=\"lazy\" width=\"720\" height=\"480\" decoding=\"async\" data-nimg=\"1\" style=\"color:transparent\" src=\"https:\/\/13.com.ar\/wp-content\/uploads\/2025\/01\/1738363191_144_en-que-epoca-del-ano-se-pueden-disfrutar-y-por.jpg\"\/><span class=\"epigraphe\">Las aguas c\u00e1lidas y tranquilas favorecen la aparici\u00f3n de olas fluorescentes en la noche. Foto: Josh Beames \/ capturetheatlas.com <\/span><span class=\"bkg\"\/><span class=\"picture-open\"><button class=\"open-image\" aria-label=\"Open Image\"\/><\/span><\/picture><\/div>\n<p><h2>En qu\u00e9 otros lugares del mundo se puede ver la bioluminiscencia<\/h2>\n<\/p>\n<div class=\"sc-80531b6b-0 chRIGJ container-text text-embed\">\n<p>Si bien <strong>Sudam\u00e9rica<\/strong> cuenta con playas donde se registr\u00f3 <strong>bioluminiscencia<\/strong>, hay otros <strong>destinos en el mundo<\/strong> donde este espect\u00e1culo natural ocurre con mayor frecuencia, seg\u00fan el medio La Rep\u00fablica:<\/p>\n<\/div>\n<div class=\"sc-80531b6b-0 chRIGJ container-text text-embed\">\n<ul>\n<li><strong>Bah\u00eda Mosquito<\/strong> (<strong>Puerto Rico<\/strong>): una de las bah\u00edas bioluminiscentes m\u00e1s famosas del mundo.<\/li>\n<\/ul>\n<\/div>\n<div class=\"sc-80531b6b-0 chRIGJ container-text text-embed\">\n<ul>\n<li><strong>Islas Maldivas<\/strong>: especialmente en la isla Vaadhoo, donde el agua brilla intensamente por la presencia de fitoplancton.<\/li>\n<\/ul>\n<\/div>\n<div class=\"sc-80531b6b-0 chRIGJ container-text text-embed\">\n<ul>\n<li><strong>Laguna Luminous<\/strong> (<strong>Jamaica<\/strong>): conocida por su brillo constante en la superficie del agua.<\/li>\n<\/ul>\n<\/div>\n<div class=\"sc-80531b6b-0 chRIGJ container-text text-embed\">\n<ul>\n<li><strong>Toyama Bay<\/strong> (<strong>Jap\u00f3n<\/strong>): donde la bioluminiscencia es provocada por calamares luminiscentes.<\/li>\n<\/ul>\n<\/div>\n<div class=\"sc-4306f4f9-0 bAPCpp\">\n<div class=\"inner-card-m\">\n<div class=\"related-content\">\n<p><span class=\"body-title\">Mir\u00e1 tambi\u00e9n<\/span><\/p>\n<h3>Esta es la diferencia de edad ideal para una pareja, seg\u00fan la inteligencia artificial<\/h3>\n<source media=\"(min-width: 975px)\" width=\"340\" height=\"340\" \/><img alt=\"Esta es la diferencia de edad ideal para una pareja, seg\u00fan la inteligencia artificial\" loading=\"lazy\" width=\"340\" height=\"340\" decoding=\"async\" data-nimg=\"1\" style=\"color:transparent\" src=\"https:\/\/13.com.ar\/wp-content\/uploads\/2025\/01\/1738363191_733_en-que-epoca-del-ano-se-pueden-disfrutar-y-por.jpg\"\/><\/div>\n<\/div>\n<\/div>\n<div class=\"sc-4306f4f9-0 bAPCpp\">\n<div class=\"inner-card-m\">\n<div class=\"related-content\">\n<p><span class=\"body-title\">Mir\u00e1 tambi\u00e9n<\/span><\/p>\n<h3>Cu\u00e1l es la actividad que la ciencia recomienda hacer mientras trabaj\u00e1s para agudizar el cerebro<\/h3>\n<source media=\"(min-width: 975px)\" width=\"340\" height=\"340\" \/><img alt=\"Cu\u00e1l es la actividad que la ciencia recomienda hacer mientras trabaj\u00e1s para agudizar el cerebro\" loading=\"lazy\" width=\"340\" height=\"340\" decoding=\"async\" data-nimg=\"1\" style=\"color:transparent\" src=\"https:\/\/13.com.ar\/wp-content\/uploads\/2025\/01\/1738363191_167_en-que-epoca-del-ano-se-pueden-disfrutar-y-por.jpg\"\/><\/div>\n<\/div>\n<\/div>\n<\/div>\n<p><br \/>\n<br \/><a href=\"https:\/\/www.clarin.com\/informacion-general\/pais-sudamerica-olas-fluorescentes-epoca-ano-pueden-disfrutar-da-fenomeno_0_kBXVRR7pEI.html\">Fuente Clarin.com <\/a><\/p>\n","protected":false},"excerpt":{"rendered":"<p>En Sudam\u00e9rica, hay un rinc\u00f3n costero donde las olas parecen cobrar vida con un brillo azul ne\u00f3n que ilumina la noche. Este fen\u00f3meno natural, conocido como bioluminiscencia marina, transforma el paisaje y deja sin palabras a quienes tienen la suerte de presenciarlo. Pero \u00bfen qu\u00e9 \u00e9poca del a\u00f1o ocurre y cu\u00e1l es la raz\u00f3n detr\u00e1s [&hellip;]<\/p>\n","protected":false},"author":1,"featured_media":1074,"comment_status":"open","ping_status":"open","sticky":false,"template":"","format":"standard","meta":{"footnotes":""},"categories":[2],"tags":[530,100,2493,1853,139,2494,142,1307,286],"class_list":["post-1073","post","type-post","status-publish","format-standard","has-post-thumbnail","hentry","category-ultimas-noticias","tag-ano","tag-del","tag-disfrutar","tag-epoca","tag-este","tag-fenomeno","tag-por","tag-pueden","tag-que"],"_links":{"self":[{"href":"https:\/\/13.com.ar\/index.php\/wp-json\/wp\/v2\/posts\/1073","targetHints":{"allow":["GET"]}}],"collection":[{"href":"https:\/\/13.com.ar\/index.php\/wp-json\/wp\/v2\/posts"}],"about":[{"href":"https:\/\/13.com.ar\/index.php\/wp-json\/wp\/v2\/types\/post"}],"author":[{"embeddable":true,"href":"https:\/\/13.com.ar\/index.php\/wp-json\/wp\/v2\/users\/1"}],"replies":[{"embeddable":true,"href":"https:\/\/13.com.ar\/index.php\/wp-json\/wp\/v2\/comments?post=1073"}],"version-history":[{"count":0,"href":"https:\/\/13.com.ar\/index.php\/wp-json\/wp\/v2\/posts\/1073\/revisions"}],"wp:featuredmedia":[{"embeddable":true,"href":"https:\/\/13.com.ar\/index.php\/wp-json\/wp\/v2\/media\/1074"}],"wp:attachment":[{"href":"https:\/\/13.com.ar\/index.php\/wp-json\/wp\/v2\/media?parent=1073"}],"wp:term":[{"taxonomy":"category","embeddable":true,"href":"https:\/\/13.com.ar\/index.php\/wp-json\/wp\/v2\/categories?post=1073"},{"taxonomy":"post_tag","embeddable":true,"href":"https:\/\/13.com.ar\/index.php\/wp-json\/wp\/v2\/tags?post=1073"}],"curies":[{"name":"wp","href":"https:\/\/api.w.org\/{rel}","templated":true}]}}