{"id":10729,"date":"2025-03-06T19:02:30","date_gmt":"2025-03-06T22:02:30","guid":{"rendered":"https:\/\/13.com.ar\/index.php\/fue-realmente-un-mimo-al-alma\/"},"modified":"2025-03-06T19:02:30","modified_gmt":"2025-03-06T22:02:30","slug":"fue-realmente-un-mimo-al-alma","status":"publish","type":"post","link":"https:\/\/13.com.ar\/index.php\/fue-realmente-un-mimo-al-alma\/","title":{"rendered":"Fue realmente un mimo al alma"},"content":{"rendered":"<p> <br \/>\n<\/p>\n<div id=\"cuerpo\">\n<div class=\"sc-80531b6b-0 chRIGJ container-text text-embed\">\n<p>El d\u00eda en que su hijo <strong>Facundo<\/strong> hubiera cumplido 17 a\u00f1os, <strong>Maru Botana<\/strong> sorprendi\u00f3 en las redes con un video revelador.<\/p>\n<\/div>\n<div class=\"sc-80531b6b-0 chRIGJ container-text text-embed\">\n<p>Cada 5 de marzo la cocinera recuerda a <strong>su sexto hijo, que falleci\u00f3 por muerte s\u00fabita cuando ten\u00eda apenas seis meses.<\/strong><\/p>\n<\/div>\n<div class=\"sc-80531b6b-0 chRIGJ container-text text-embed\">\n<p>Sin dudas, esa tragedia marc\u00f3 un antes y un despu\u00e9s en la vida de la conductora y en cada fecha especial lo recuerda con angustiantes mensajes que comparte en las redes, donde acumula 1.9 millones de seguidores.<\/p>\n<\/div>\n<div class=\"sc-80531b6b-0 chRIGJ container-text text-embed\">\n<p>Sin embargo, en esta oportunidad la actitud de la pastelera fue distinta. Maru comparti\u00f3 un breve video en el que se la ve con Facundo, admiti\u00f3 que es la primera vez que se anima a ver (y compartir) esas im\u00e1genes y que esta vez decidi\u00f3 <strong>celebrar la presencia del beb\u00e9 en su vida y la de su familia.<\/strong><\/p>\n<\/div>\n<div class=\"sc-80531b6b-0 chRIGJ container-text text-embed\">\n<p>En el video, que es un extracto de uno de los programas que condujo, se la ve acompa\u00f1ada por Diego P\u00e9rez. De fondo se ve al pastelero Coco Carre\u00f1o.<\/p>\n<\/div>\n<div class=\"sc-80531b6b-0 chRIGJ container-text text-embed\">\n<p><strong>\u201cHola beb\u00e9. Hola gordo. Hola amor\u201d<\/strong>, saluda Maru a Facundo que est\u00e1 en una sillita. Acto seguido, le da de comer y ense\u00f1a qu\u00e9 se debe hacer cuando un beb\u00e9 rechaza la cuchara: \u201cSi a veces al beb\u00e9 no le gusta la cuchara, podemos intentar con el dedo, porque el dedo es como que le es familiar\u201d.<\/p>\n<\/div>\n<div class=\"sc-198be8ec-0 cynXbu image-embed  image-embed \"><picture class=\"sc-198be8ec-1 kOjRiQ\"><source media=\"(min-width: 975px)\" width=\"720\" height=\"480\" \/><img alt=\"Maru Botana comparti\u00f3 un recuerdo de su hijo Facundo. Captura Instagram.\" loading=\"lazy\" width=\"720\" height=\"480\" decoding=\"async\" data-nimg=\"1\" style=\"color:transparent\" src=\"https:\/\/13.com.ar\/wp-content\/uploads\/2025\/03\/Fue-realmente-un-mimo-al-alma.jpg\"\/><span class=\"epigraphe\">Maru Botana comparti\u00f3 un recuerdo de su hijo Facundo. Captura Instagram.<\/span><span class=\"bkg\"\/><span class=\"picture-open\"><button class=\"open-image\" aria-label=\"Open Image\"\/><\/span><\/picture><\/div>\n<div class=\"sc-80531b6b-0 chRIGJ container-text text-embed\">\n<p><strong>\u201c\u00c9l cumple seis meses ahora, todav\u00eda no tiene dientes\u201d<\/strong>, se\u00f1ala.<\/p>\n<\/div>\n<div class=\"sc-80531b6b-0 chRIGJ container-text text-embed\">\n<p>\u201cPienso en mi alrededor, en mi familia, en mis amigos y en todo el amor que recibo\u201d, escribi\u00f3 Maru en una profunda reflexi\u00f3n que acompa\u00f1\u00f3 el video.<\/p>\n<\/div>\n<div class=\"sc-80531b6b-0 chRIGJ container-text text-embed\">\n<p><strong>\u201cEras muy demandante y te encantaba estar con todos , solo jam\u00e1s , los brazos eran tu paz y la cuna qued\u00f3 nueva. Despu\u00e9s entend\u00ed porque nos quer\u00edas a todos ah\u00ed\u201d<\/strong>, agreg\u00f3.<\/p>\n<\/div>\n<div class=\"sc-80531b6b-0 chRIGJ container-text text-embed\">\n<p>Y explic\u00f3: \u201cGracias Facu por ese tiempo cortito en que nos diste tanto. Hoy con un coraz\u00f3n partido, te extra\u00f1o inmensamente pero tambi\u00e9n te agradezco\u201d.<\/p>\n<\/div>\n<div class=\"sc-80531b6b-0 chRIGJ container-text text-embed\">\n<p>La publicaci\u00f3n super\u00f3 los 107 mil \u2018me gusta\u2019 y se llen\u00f3 de comentarios. Muchos de ellos de famosos como Catherine Fulop, Claudia Villafa\u00f1e, \u00c1ngela Leiva, Maju Lozano, Marley y Milva Castellini, entre otros.<\/p>\n<\/div>\n<div class=\"sc-198be8ec-0 cynXbu image-embed  image-embed \"><picture class=\"sc-198be8ec-1 kOjRiQ\"><source media=\"(min-width: 975px)\" width=\"720\" height=\"480\" \/><img alt=\"Maru Botana comparti\u00f3 un recuerdo de su hijo Facundo. Captura Instagram.\" loading=\"lazy\" width=\"720\" height=\"480\" decoding=\"async\" data-nimg=\"1\" style=\"color:transparent\" src=\"https:\/\/13.com.ar\/wp-content\/uploads\/2025\/03\/1741298550_392_Fue-realmente-un-mimo-al-alma.jpg\"\/><span class=\"epigraphe\">Maru Botana comparti\u00f3 un recuerdo de su hijo Facundo. Captura Instagram.<\/span><span class=\"bkg\"\/><span class=\"picture-open\"><button class=\"open-image\" aria-label=\"Open Image\"\/><\/span><\/picture><\/div>\n<div class=\"sc-80531b6b-0 chRIGJ container-text text-embed\">\n<p>\u201cTe respeto como madre y mujer. Me hiciste llorar Maru. Cu\u00e1nto para pensar y cuanto para sentir nos dejaste con este texto. Abrazo profundo desde el alma\u201d, \u201cQu\u00e9 hermoso! Y con cu\u00e1nto amor le das de comer, es el primer video de Facu que veo, qu\u00e9 hermoso!!! \u00c9l siempre est\u00e1 presente, sigue vivo en el coraz\u00f3n de todos los que lo aman y te amamos\u201d, \u201cQu\u00e9 grandeza Maru\u2026 ese angelito los gu\u00eda y los cuida siempre! Te abrazo fuerte!\u201d, fueron s\u00f3lo algunos de los mensajes que le dejaron a Maru en su posteo.<\/p>\n<\/div>\n<div class=\"sc-80531b6b-0 chRIGJ container-text text-embed\">\n<p><strong>\u201cEstoy muy emocionada por todos sus mensajes, ayer los fui leyendo durante todo el d\u00eda y fue realmente un mimo al alma y a toda mi familia. Gracias\u201d<\/strong>, agreg\u00f3 Maru, muy emocionada.<\/p>\n<\/div>\n<p><h2>El mensaje completo que Maru Botana comparti\u00f3 el d\u00eda que su hijo hubiera cumplido 17 a\u00f1os<\/h2>\n<\/p>\n<div class=\"sc-80531b6b-0 chRIGJ container-text text-embed\">\n<p><em>Feliz Cumple Facu, felices 17! Que locura cuanto tiempo pas\u00f3!<\/em><\/p>\n<\/div>\n<div class=\"sc-80531b6b-0 chRIGJ container-text text-embed\">\n<p><em>Cada vez que se acerca esta fecha mi cabeza , mi cuerpo y todo est\u00e1 distinto. Es como que me pregunto mil cosas. Y antes de saber que no voy a encontrar esa respuesta, pienso en mi alrededor, en mi familia, en mis amigos y en todo el amor que recibo.<\/em><\/p>\n<\/div>\n<div class=\"sc-80531b6b-0 chRIGJ container-text text-embed\">\n<p><em>Muchos a\u00f1os transitados , extra\u00f1\u00e1ndote y busc\u00e1ndote en las peque\u00f1as cosas. Eras muy bebito y si bien no tuvimos tiempo de tener un di\u00e1logo, la intensidad de lo que vivimos, el sentir tu placer cuando te amamantaba , esos ojitos que me miraban fijo dici\u00e9ndome todo.<\/em><\/p>\n<\/div>\n<div class=\"sc-80531b6b-0 chRIGJ container-text text-embed\">\n<p><em>Eras muy demandante y te encantaba estar con todos, solo jam\u00e1s, los brazos eran tu paz y la cuna qued\u00f3 nueva.<\/em><\/p>\n<\/div>\n<div class=\"sc-80531b6b-0 chRIGJ container-text text-embed\">\n<p><em>Despu\u00e9s entend\u00ed porque nos quer\u00edas a todos ah\u00ed y lograste tu misi\u00f3n, tu vida cortita pero no la de un bebe normal, la de un bebe especial que nos dio amor, mucho amor y nos ense\u00f1\u00f3 que el amor es lo m\u00e1s importante en una familia.<\/em><\/p>\n<\/div>\n<div class=\"sc-80531b6b-0 chRIGJ container-text text-embed\">\n<p><em>Gracias Facu por ese tiempo cortito en que nos diste tanto. Hoy con un coraz\u00f3n partido, te extra\u00f1o inmensamente pero tambi\u00e9n te agradezco por c\u00f3mo desde donde est\u00e9s me ayudaste a rearmar esta familia, nos ayudaste a seguir, a luchar para seguir con alegr\u00eda, a que mi mochila de piedras hoy sea muy liviana porque vos estas ac\u00e1 con nosotros regal\u00e1ndonos amor.<\/em><\/p>\n<\/div>\n<div class=\"sc-80531b6b-0 chRIGJ container-text text-embed\">\n<p><em>Nunca antes de estos 17 pude volver a ver un video tuyo y hoy no me fue f\u00e1cil pero ac\u00e1 estas.<\/em><\/p>\n<\/div>\n<div class=\"sc-80531b6b-0 chRIGJ container-text text-embed\">\n<p><em>Hoy Facu decid\u00ed festejarte, celebrar tu presencia en nuestra vida y de esta manera, para todos los que no te conocieron, sepan quien eras y sos, est\u00e9s donde est\u00e9s. Te Amo.<\/em><\/p>\n<\/div>\n<\/div>\n<p><br \/>\n<br \/><a href=\"https:\/\/www.clarin.com\/fama\/conmovedor-recuerdo-maru-botana-hijo-facundo-fallecido-hace-16-anos-realmente-mimo-alma_0_wLROneuhY9.html\">Fuente Clarin.com <\/a><\/p>\n","protected":false},"excerpt":{"rendered":"<p>El d\u00eda en que su hijo Facundo hubiera cumplido 17 a\u00f1os, Maru Botana sorprendi\u00f3 en las redes con un video revelador. Cada 5 de marzo la cocinera recuerda a su sexto hijo, que falleci\u00f3 por muerte s\u00fabita cuando ten\u00eda apenas seis meses. Sin dudas, esa tragedia marc\u00f3 un antes y un despu\u00e9s en la vida [&hellip;]<\/p>\n","protected":false},"author":1,"featured_media":10730,"comment_status":"open","ping_status":"open","sticky":false,"template":"","format":"standard","meta":{"footnotes":""},"categories":[2],"tags":[4174,105,11135,3484],"class_list":["post-10729","post","type-post","status-publish","format-standard","has-post-thumbnail","hentry","category-ultimas-noticias","tag-alma","tag-fue","tag-mimo","tag-realmente"],"_links":{"self":[{"href":"https:\/\/13.com.ar\/index.php\/wp-json\/wp\/v2\/posts\/10729","targetHints":{"allow":["GET"]}}],"collection":[{"href":"https:\/\/13.com.ar\/index.php\/wp-json\/wp\/v2\/posts"}],"about":[{"href":"https:\/\/13.com.ar\/index.php\/wp-json\/wp\/v2\/types\/post"}],"author":[{"embeddable":true,"href":"https:\/\/13.com.ar\/index.php\/wp-json\/wp\/v2\/users\/1"}],"replies":[{"embeddable":true,"href":"https:\/\/13.com.ar\/index.php\/wp-json\/wp\/v2\/comments?post=10729"}],"version-history":[{"count":0,"href":"https:\/\/13.com.ar\/index.php\/wp-json\/wp\/v2\/posts\/10729\/revisions"}],"wp:featuredmedia":[{"embeddable":true,"href":"https:\/\/13.com.ar\/index.php\/wp-json\/wp\/v2\/media\/10730"}],"wp:attachment":[{"href":"https:\/\/13.com.ar\/index.php\/wp-json\/wp\/v2\/media?parent=10729"}],"wp:term":[{"taxonomy":"category","embeddable":true,"href":"https:\/\/13.com.ar\/index.php\/wp-json\/wp\/v2\/categories?post=10729"},{"taxonomy":"post_tag","embeddable":true,"href":"https:\/\/13.com.ar\/index.php\/wp-json\/wp\/v2\/tags?post=10729"}],"curies":[{"name":"wp","href":"https:\/\/api.w.org\/{rel}","templated":true}]}}