{"id":10720,"date":"2025-03-06T18:29:29","date_gmt":"2025-03-06T21:29:29","guid":{"rendered":"https:\/\/13.com.ar\/index.php\/titular-o-al-banco-de-suplentes-ante-independiente\/"},"modified":"2025-03-06T18:29:29","modified_gmt":"2025-03-06T21:29:29","slug":"titular-o-al-banco-de-suplentes-ante-independiente","status":"publish","type":"post","link":"https:\/\/13.com.ar\/index.php\/titular-o-al-banco-de-suplentes-ante-independiente\/","title":{"rendered":"\u00bftitular o al banco de suplentes ante Independiente?"},"content":{"rendered":"<p> <br \/>\n<br \/><img decoding=\"async\" src=\"https:\/\/13.com.ar\/wp-content\/uploads\/2025\/03\/\u00bftitular-o-al-banco-de-suplentes-ante-Independiente.jpg\" \/><\/p>\n<div>\n<p>Pas\u00f3 mucho m\u00e1s tiempo que el esperado, pero <strong>Iker Muniain al fin est\u00e1 listo para volver al ruedo en San Lorenzo y estrenar el n\u00famero &#8217;10&#8217; en su camiseta<\/strong>. El espa\u00f1ol se recuper\u00f3 de un complicado desgarro en su pierna derecha sufrido antes del arranque del Torneo Apertura y volvi\u00f3 a entrenarse a la par de sus compa\u00f1eros esta semana por lo que ser\u00e1 citado para el cl\u00e1sico de este s\u00e1bado ante <strong>Independiente<\/strong>. <strong>\u00bfVa de entrada o estar\u00e1 en el banco de suplentes?<\/strong><\/p>\n<\/div>\n<div>\n<p>Eso es lo que tiene que evaluar el entrenador Miguel \u00c1ngel Russo durante estas \u00faltimas horas antes de disputar el tercer derby consecutivo para el Cicl\u00f3n (viene de perder contra Hurac\u00e1n y de ganarle a Racing). Todo apunta a que lo llevar\u00e1n de a poco y que lo m\u00e1s probable es que est\u00e9 entre los suplentes para sumar sus primeros minutos oficiales en el a\u00f1o en la segunda parte.<\/p>\n<\/div>\n<div>\n<p><strong>\u00bfPor qu\u00e9 demor\u00f3 tanto su recuperaci\u00f3n? <\/strong>Muniain se lesion\u00f3 el cu\u00e1driceps derecho el 23 de enero. Presenci\u00f3 el debut de local del equipo de Boedo y luego parti\u00f3 a Espa\u00f1a con autorizaci\u00f3n del cuerpo t\u00e9cnico, m\u00e9dico y de la dirigencia, para tratarse con el especialista <strong>Jurdan Mendiguchia<\/strong>, cuyo consultorio se ubica en Pamplona.<\/p>\n<\/div>\n<div>\n<p>Ese fue el primer indicio de que el suyo no era un desgarro cualquiera. Seg\u00fan pudo saber <strong>Clar\u00edn<\/strong>, se trat\u00f3 de una <strong>ruptura fibrilar profunda y transversal<\/strong>, lo que hizo que su puesta a punto demandara mucho m\u00e1s de la cuenta. De movida sab\u00edan en la intimidad del grupo de trabajo de Miguelo que lo perder\u00edan por un mes, como m\u00ednimo. Y luego ser\u00eda ir viendo su evoluci\u00f3n.<\/p>\n<\/div>\n<div>\n<p>La premisa siempre fue la de no apurar los tiempos para no forzar nada y no caer as\u00ed en reabrir la zona lastimada, algo que posiblemente dejar\u00eda al vasco sin f\u00fatbol hasta las instancias finales de playoffs. Ayud\u00f3 tambi\u00e9n que el equipo azulgrana tuvo un muy buen comienzo de competencia. M\u00e1s all\u00e1 de la ca\u00edda en el Duc\u00f3, est\u00e1 compartiendo la cima de la zona B con Independiente y Rosario Central, los tres con 17 puntos.<\/p>\n<\/div>\n<div>\n<p>Iker estuvo dos semanas en Europa y regres\u00f3 en la fecha estipulada para cumplir con la \u00faltima parte de su rehabilitaci\u00f3n en el club. Este s\u00e1bado, cuando San Lorenzo salga al Nuevo Gas\u00f3metro para enfrentar al cuadro de Avellaneda y dirimir la punta de la zona, se cumplir\u00e1n <strong>45 d\u00edas del desgarro<\/strong>.<\/p>\n<\/div>\n<div>\n<p>Ya sea como titular o en el banco, Muniain lucir\u00e1 por primera vez la &#8217;10&#8217; ya que el a\u00f1o pasado utilizaba el n\u00famero &#8217;80&#8217;. Cuentan que no ve la hora de volver a tocar la pelota dentro del campo de juego. Ya ten\u00eda ganas de intentar estar en las dos \u00faltimas fechas, pero la recomendaci\u00f3n m\u00e9dica fue la de no apurar nada.<\/p>\n<\/div>\n<div>\n<p>&#8220;Hay que saberlo llevar. Hay que seguir trabajando para que recupere el nivel despu\u00e9s de lo que le pas\u00f3. Es un jugador importante y est\u00e1 c\u00f3modo en el club&#8221;, cont\u00f3 Russo esta semana.<\/p>\n<\/div>\n<div>\n<p>La cuenta regresiva est\u00e1 llegando a su fin. Por fin para San Lorenzo, para el DT, los hinchas y el propio Iker, que se perdi\u00f3 ocho encuentros y que est\u00e1 listo para volver al ruedo.<\/p>\n<\/div>\n<p><br \/>\n<br \/><a href=\"https:\/\/www.clarin.com\/deportes\/iker-muniain-listo-volver-san-lorenzo-abre-debate-titular-banco-suplentes-independiente_0_2puRaChId2.html\">Fuente Clarin.com <\/a><\/p>\n","protected":false},"excerpt":{"rendered":"<p>Pas\u00f3 mucho m\u00e1s tiempo que el esperado, pero Iker Muniain al fin est\u00e1 listo para volver al ruedo en San Lorenzo y estrenar el n\u00famero &#8217;10&#8217; en su camiseta. El espa\u00f1ol se recuper\u00f3 de un complicado desgarro en su pierna derecha sufrido antes del arranque del Torneo Apertura y volvi\u00f3 a entrenarse a la par [&hellip;]<\/p>\n","protected":false},"author":1,"featured_media":10721,"comment_status":"open","ping_status":"open","sticky":false,"template":"","format":"standard","meta":{"footnotes":""},"categories":[2],"tags":[2759,1957,1914,11127,5503],"class_list":["post-10720","post","type-post","status-publish","format-standard","has-post-thumbnail","hentry","category-ultimas-noticias","tag-ante","tag-banco","tag-independiente","tag-suplentes","tag-titular"],"_links":{"self":[{"href":"https:\/\/13.com.ar\/index.php\/wp-json\/wp\/v2\/posts\/10720","targetHints":{"allow":["GET"]}}],"collection":[{"href":"https:\/\/13.com.ar\/index.php\/wp-json\/wp\/v2\/posts"}],"about":[{"href":"https:\/\/13.com.ar\/index.php\/wp-json\/wp\/v2\/types\/post"}],"author":[{"embeddable":true,"href":"https:\/\/13.com.ar\/index.php\/wp-json\/wp\/v2\/users\/1"}],"replies":[{"embeddable":true,"href":"https:\/\/13.com.ar\/index.php\/wp-json\/wp\/v2\/comments?post=10720"}],"version-history":[{"count":0,"href":"https:\/\/13.com.ar\/index.php\/wp-json\/wp\/v2\/posts\/10720\/revisions"}],"wp:featuredmedia":[{"embeddable":true,"href":"https:\/\/13.com.ar\/index.php\/wp-json\/wp\/v2\/media\/10721"}],"wp:attachment":[{"href":"https:\/\/13.com.ar\/index.php\/wp-json\/wp\/v2\/media?parent=10720"}],"wp:term":[{"taxonomy":"category","embeddable":true,"href":"https:\/\/13.com.ar\/index.php\/wp-json\/wp\/v2\/categories?post=10720"},{"taxonomy":"post_tag","embeddable":true,"href":"https:\/\/13.com.ar\/index.php\/wp-json\/wp\/v2\/tags?post=10720"}],"curies":[{"name":"wp","href":"https:\/\/api.w.org\/{rel}","templated":true}]}}