{"id":10718,"date":"2025-03-06T18:26:27","date_gmt":"2025-03-06T21:26:27","guid":{"rendered":"https:\/\/13.com.ar\/index.php\/el-euforico-festejo-de-andres-fassi-el-presidente-de-talleres-vetado-tras-el-escandalo-con-merlos-e-intentar-suspender-las-elecciones-en-la-afa\/"},"modified":"2025-03-06T18:26:27","modified_gmt":"2025-03-06T21:26:27","slug":"el-euforico-festejo-de-andres-fassi-el-presidente-de-talleres-vetado-tras-el-escandalo-con-merlos-e-intentar-suspender-las-elecciones-en-la-afa","status":"publish","type":"post","link":"https:\/\/13.com.ar\/index.php\/el-euforico-festejo-de-andres-fassi-el-presidente-de-talleres-vetado-tras-el-escandalo-con-merlos-e-intentar-suspender-las-elecciones-en-la-afa\/","title":{"rendered":"El euf\u00f3rico festejo de Andr\u00e9s Fassi, el presidente de Talleres vetado tras el esc\u00e1ndalo con Merlos e intentar suspender las elecciones en la AFA"},"content":{"rendered":"<p> <br \/>\n<br \/><img decoding=\"async\" src=\"https:\/\/13.com.ar\/wp-content\/uploads\/2025\/03\/El-euforico-festejo-de-Andres-Fassi-el-presidente-de-Talleres.jpg\" \/><\/p>\n<div>\n<p><strong>Talleres de C\u00f3rdoba<\/strong> hizo historia en Paraguay. Tras vencer a River en la tanda por penales y quedarse con la Supercopa Internacional obtuvo el primer t\u00edtulo nacional de su historia. Y uno de los grandes ganadores fue <strong>Andr\u00e9s Fassi<\/strong>. El presidente del club cordob\u00e9s, suspendido por 24 meses por el Tribunal de Disciplina de la AFA, estuvo <strong><em>&#8220;como hincha&#8221;<\/em><\/strong> en La Nueva Olla de Asunci\u00f3n y celebr\u00f3 con los jugadores entre abrazos y l\u00e1grimas de emoci\u00f3n.<\/p>\n<\/div>\n<div>\n<p>Luego del partido y en la calle, Fassi se reencontr\u00f3 con los jugadores. Su imagen, emocionado y algo aturdido por la celebraci\u00f3n del t\u00edtulo, se hizo r\u00e1pidamente viral en las redes sociales. Se lo ve fundido en un abrazo con <strong>Guido Herrera<\/strong>, capit\u00e1n y figura de la T, que le dice al o\u00eddo: <strong><em>&#8220;Vos te lo merec\u00e9s m\u00e1s que nadie. S\u00e9 lo que hiciste por el club, ahora disfrut\u00e1&#8221;<\/em><\/strong>. Un respaldo enorme de un futbolista para el presidente de un club, algo pocas veces visto.<\/p>\n<\/div>\n<div>\n<p>Despu\u00e9s, con la sonrisa estampada en la cara, Fassi se pone a cantar <strong><em>&#8220;dale campe\u00f3n, dale campe\u00f3n&#8221;<\/em><\/strong> y Gast\u00f3n Benav\u00eddez -quien anot\u00f3 el penal definitivo- le alcanza el trofeo. Ah\u00ed, en la vereda, el presidente de Talleres comprob\u00f3 por primera vez cu\u00e1nto pesa la Supercopa Internacional. Es que no pudo estar en la premiaci\u00f3n, en el campo de juego, donde s\u00ed estuvo <strong>Claudio Fabi\u00e1n Tapia<\/strong>, su principal rival en el esc\u00e1ndalo que deriv\u00f3 en el duro castigo que le aplic\u00f3 el Tribunal.  <\/p>\n<\/div>\n<div>\n<p>El Chiqui, presidente de la AFA, envi\u00f3 sus felicitaciones a trav\u00e9s de sus redes sociales. <strong>&#8220;Un saludo para toda la gente del Matador en este d\u00eda tan especial para su historia&#8221;<\/strong>, escribi\u00f3 el m\u00e1ximo dirigente del f\u00fatbol argentino.<\/p>\n<\/div>\n<div>\n<p>Lejos parece haber quedado la &#8220;guerra&#8221; que se desat\u00f3 entre la AFA y el presidente de Talleres despu\u00e9s del esc\u00e1ndalo que protagoniz\u00f3 el ex accionista del Grupo Pachuca y actual miembro del consorcio mexicano-estadounidense MountainStar Sports Group cuando increp\u00f3 al \u00e1rbitro<strong> Andr\u00e9s Merlos<\/strong> (dijo que un custodio de Fassi lo amenaz\u00f3 con un arma de fuego) en los pasillos del Estadio Malvinas Argentinas de Mendoza luego de la eliminaci\u00f3n del conjunto <em>Tallar\u00edn<\/em> de la Copa Argentina 2024 ante Boca, en septiembre, tambi\u00e9n por penales. Aquella vez, el encuentro termin\u00f3 1-1 con un gol de Brian Aguirre para el Xeneize que hab\u00eda generado pol\u00e9mica.<\/p>\n<\/div>\n<div>\n<p>Tras aquel episodio, Fassi convoc\u00f3 a una conferencia de prensa explosiva en la que atac\u00f3 a Tapia y a Pablo Toviggino. <strong>&#8220;Es incre\u00edble c\u00f3mo con el manejo del arbitraje le das miedo a todo el mundo&#8221;<\/strong>, declar\u00f3. Cuatro d\u00edas m\u00e1s tarde, el hombre que tiene sus inicios en el f\u00fatbol como preparador f\u00edsico del Chamaco Rodr\u00edguez y Roberto Saporiti, visit\u00f3 la Casa Rosada. El Presidente, Javier Milei, intent\u00f3 capitalizar la disputa en su af\u00e1n por instalar las Sociedades An\u00f3nimas Deportivas en el f\u00fatbol argentino y le dio respaldo a Fassi, que envalentonado hizo una presentaci\u00f3n ante la Inspecci\u00f3n General de Justicia para suspender la Asamblea del 17 de octubre, en la que finalmente Chiqui Tapia fue reelecto.<\/p>\n<\/div>\n<div>\n<p>Una semana antes del c\u00f3nclave en Ezeiza, el Tribunal de Disciplina de la AFA le aplic\u00f3 una dur\u00edsima sanci\u00f3n a Fassi y lo suspendi\u00f3 por 24 meses por el altercado con Merlos inhabilit\u00e1ndolo a ejercer su cargo o cualquier otra figura dirigencial en el f\u00fatbol. El castigo, explicado en un extenso fallo de m\u00e1s de 38 carillas, tambi\u00e9n aplic\u00f3 por haber <strong>\u201cviolado los estatutos de AFA&#8221;<\/strong> cuando Fassi intent\u00f3 suspender la asamblea al acudir a la IGJ y sin recurrir previamente a los \u00f3rganos del f\u00fatbol.<\/p>\n<\/div>\n<p><br \/>\n<br \/><a href=\"https:\/\/www.clarin.com\/deportes\/euforico-festejo-andres-fassi-presidente-talleres-vetado-escandalo-merlos-intentar-suspender-elecciones-afa_0_nmvBDAD7CB.html\">Fuente Clarin.com <\/a><\/p>\n","protected":false},"excerpt":{"rendered":"<p>Talleres de C\u00f3rdoba hizo historia en Paraguay. Tras vencer a River en la tanda por penales y quedarse con la Supercopa Internacional obtuvo el primer t\u00edtulo nacional de su historia. Y uno de los grandes ganadores fue Andr\u00e9s Fassi. El presidente del club cordob\u00e9s, suspendido por 24 meses por el Tribunal de Disciplina de la [&hellip;]<\/p>\n","protected":false},"author":1,"featured_media":10719,"comment_status":"open","ping_status":"open","sticky":false,"template":"","format":"standard","meta":{"footnotes":""},"categories":[2],"tags":[2308,2312,18,404,1711,11124,11125,478,1149,48,939,135,5402,602,312,11126],"class_list":["post-10718","post","type-post","status-publish","format-standard","has-post-thumbnail","hentry","category-ultimas-noticias","tag-afa","tag-andres","tag-con","tag-elecciones","tag-escandalo","tag-euforico","tag-fassi","tag-festejo","tag-intentar","tag-las","tag-merlos","tag-presidente","tag-suspender","tag-talleres","tag-tras","tag-vetado"],"_links":{"self":[{"href":"https:\/\/13.com.ar\/index.php\/wp-json\/wp\/v2\/posts\/10718","targetHints":{"allow":["GET"]}}],"collection":[{"href":"https:\/\/13.com.ar\/index.php\/wp-json\/wp\/v2\/posts"}],"about":[{"href":"https:\/\/13.com.ar\/index.php\/wp-json\/wp\/v2\/types\/post"}],"author":[{"embeddable":true,"href":"https:\/\/13.com.ar\/index.php\/wp-json\/wp\/v2\/users\/1"}],"replies":[{"embeddable":true,"href":"https:\/\/13.com.ar\/index.php\/wp-json\/wp\/v2\/comments?post=10718"}],"version-history":[{"count":0,"href":"https:\/\/13.com.ar\/index.php\/wp-json\/wp\/v2\/posts\/10718\/revisions"}],"wp:featuredmedia":[{"embeddable":true,"href":"https:\/\/13.com.ar\/index.php\/wp-json\/wp\/v2\/media\/10719"}],"wp:attachment":[{"href":"https:\/\/13.com.ar\/index.php\/wp-json\/wp\/v2\/media?parent=10718"}],"wp:term":[{"taxonomy":"category","embeddable":true,"href":"https:\/\/13.com.ar\/index.php\/wp-json\/wp\/v2\/categories?post=10718"},{"taxonomy":"post_tag","embeddable":true,"href":"https:\/\/13.com.ar\/index.php\/wp-json\/wp\/v2\/tags?post=10718"}],"curies":[{"name":"wp","href":"https:\/\/api.w.org\/{rel}","templated":true}]}}