{"id":10716,"date":"2025-03-06T18:23:32","date_gmt":"2025-03-06T21:23:32","guid":{"rendered":"https:\/\/13.com.ar\/index.php\/migue-granados-revelo-la-conversacion-que-tuvo-con-lali-esposito-tras-los-polemicos-dichos-de-eial-moldavsky\/"},"modified":"2025-03-06T18:23:32","modified_gmt":"2025-03-06T21:23:32","slug":"migue-granados-revelo-la-conversacion-que-tuvo-con-lali-esposito-tras-los-polemicos-dichos-de-eial-moldavsky","status":"publish","type":"post","link":"https:\/\/13.com.ar\/index.php\/migue-granados-revelo-la-conversacion-que-tuvo-con-lali-esposito-tras-los-polemicos-dichos-de-eial-moldavsky\/","title":{"rendered":"Migue Granados revel\u00f3 la conversaci\u00f3n que tuvo con Lali Esp\u00f3sito tras los pol\u00e9micos dichos de Eial Moldavsky"},"content":{"rendered":"<p> <br \/>\n<\/p>\n<div id=\"cuerpo\">\n<div class=\"sc-80531b6b-0 chRIGJ container-text text-embed\">\n<p>Tras compartir una \u00edntima an\u00e9cdota en el ciclo<em> Ser\u00eda Incre\u00edble<\/em> (OLGA) que los internautas vincularon a Lali Esp\u00f3sito,<strong> Eial Moldavsky<\/strong> afront\u00f3 un aluvi\u00f3n de cr\u00edticas no solo en las redes sociales sino tambi\u00e9n por diversas del personalidades del espect\u00e1culo nacional. Ahora, <strong>Migue Granados<\/strong> se refiri\u00f3 a la pol\u00e9mica que puso al <em>influencer<\/em> en boca de todos y<strong> revel\u00f3 c\u00f3mo fue la charla que mantuvo con la cantante<\/strong> <strong>y actriz<\/strong>.<strong> <\/strong><\/p>\n<\/div>\n<div class=\"sc-80531b6b-0 chRIGJ container-text text-embed\">\n<p>Aunque Eial no la nombr\u00f3, los detalles de su relato en vivo provocaron que los usuarios de X (antes Twitter) lo conectaran con la int\u00e9rprete, despertando versiones sobre un romance fugaz entre ellos.<\/p>\n<\/div>\n<div class=\"sc-80531b6b-0 chRIGJ container-text text-embed\">\n<p>Tras la indignaci\u00f3n generada por sus palabras en el programa, Moldavsky recurri\u00f3 a su cuenta de Instagram para publicar un descargo a trav\u00e9s de sus historias. All\u00ed, el integrante de <em>Ser\u00eda Incre\u00edble<\/em> <strong>no solo pidi\u00f3 disculpas a Lali Esp\u00f3sito<\/strong>, sino que<strong> tambi\u00e9n aclar\u00f3 que la an\u00e9cdota compartida era completamente ficticia<\/strong> y <strong>no ten\u00eda relaci\u00f3n alguna con la artista.<\/strong><\/p>\n<\/div>\n<div class=\"sc-80531b6b-0 chRIGJ container-text text-embed\">\n<p>Nati Jota tampoco qued\u00f3 al margen de la controversia y fue se\u00f1alada por no haber cuestionado a su compa\u00f1ero durante la transmisi\u00f3n, a pesar de haber estado presente. En respuesta a las cr\u00edticas, la periodista tambi\u00e9n utiliz\u00f3 sus redes sociales para abordar el tema y reconoci\u00f3 su responsabilidad por no haber interrumpido a Moldavsky mientras relataba la historia.<\/p>\n<\/div>\n<div class=\"sc-80531b6b-0 chRIGJ container-text text-embed\">\n<p>Ahora, Migue Granados se pronunci\u00f3 sobre la pol\u00e9mica, que dej\u00f3 tanto a Eial Moldavsky como al canal de <em>streaming<\/em> bajo el escrutinio p\u00fablico.<\/p>\n<\/div>\n<div class=\"sc-80531b6b-0 chRIGJ container-text text-embed\">\n<p>De esta manera, en di\u00e1logo con <em>Intrusos <\/em>(Am\u00e9rica TV), el conductor fue consultado sobre si habl\u00f3 con el influencer luego del esc\u00e1ndalo. <\/p>\n<\/div>\n<div class=\"sc-80531b6b-0 chRIGJ container-text text-embed\">\n<p>&#8220;Si, <strong>hablamos y \u00e9l se quer\u00eda matar despu\u00e9s de lo que paso. <\/strong>Y bueno, a mi <strong>eso me dio mucha bronca tambi\u00e9n<\/strong>&#8220;, manifest\u00f3.<\/p>\n<\/div>\n<div class=\"sc-198be8ec-0 cynXbu image-embed  image-embed \"><picture class=\"sc-198be8ec-1 kOjRiQ\"><source media=\"(min-width: 975px)\" width=\"720\" height=\"480\" \/><img alt=\"Migue Granados respald\u00f3 a Lali Esp\u00f3sito tras la controversia con Eial Moldavsky. | Foto: Am\u00e9rica TV\" loading=\"lazy\" width=\"720\" height=\"480\" decoding=\"async\" data-nimg=\"1\" style=\"color:transparent\" src=\"https:\/\/13.com.ar\/wp-content\/uploads\/2025\/03\/Migue-Granados-revelo-la-conversacion-que-tuvo-con-Lali-Esposito.jpg\"\/><span class=\"epigraphe\">Migue Granados respald\u00f3 a Lali Esp\u00f3sito tras la controversia con Eial Moldavsky. | Foto: Am\u00e9rica TV<\/span><span class=\"bkg\"\/><span class=\"picture-open\"><button class=\"open-image\" aria-label=\"Open Image\"\/><\/span><\/picture><\/div>\n<div class=\"sc-80531b6b-0 chRIGJ container-text text-embed\">\n<p>A continuaci\u00f3n, Granados aclar\u00f3 que en ning\u00fan momento le pidi\u00f3 a Eial que se disculpara p\u00fablicamente con Lali Esp\u00f3sito, sino que fue una decisi\u00f3n personal del<em> influencer.<\/em> <strong>&#8220;Lo hizo porque \u00e9l quiso y porque lo sinti\u00f3<\/strong>&#8220;, asegur\u00f3.<\/p>\n<\/div>\n<div class=\"sc-80531b6b-0 chRIGJ container-text text-embed\">\n<p>Adem\u00e1s, <strong>Migue revel\u00f3 que mantuvo una charla telef\u00f3nica con Lali tras lo ocurrido para disculparse <\/strong>de manera personal y en nombre del canal de <em>streaming<\/em>: <strong>&#8220;Le dije que me perdonar\u00e1, por el simple hecho de ser de ac\u00e1 porque ella para mi es la uno&#8221;.<\/strong><\/p>\n<\/div>\n<div class=\"sc-198be8ec-0 cynXbu image-embed  image-embed \"><picture class=\"sc-198be8ec-1 kOjRiQ\"><source media=\"(min-width: 975px)\" width=\"720\" height=\"480\" \/><img alt=\"Migue Granados cont\u00f3 que llam\u00f3 a Lali Esp\u00f3sito para disculparse personalmente por los dichos de Eial Moldavsky en OLGA.  | Foto: Am\u00e9rica TV\" loading=\"lazy\" width=\"720\" height=\"480\" decoding=\"async\" data-nimg=\"1\" style=\"color:transparent\" src=\"https:\/\/13.com.ar\/wp-content\/uploads\/2025\/03\/1741296212_272_Migue-Granados-revelo-la-conversacion-que-tuvo-con-Lali-Esposito.jpg\"\/><span class=\"epigraphe\">Migue Granados cont\u00f3 que llam\u00f3 a Lali Esp\u00f3sito para disculparse personalmente por los dichos de Eial Moldavsky en OLGA.  | Foto: Am\u00e9rica TV<\/span><span class=\"bkg\"\/><span class=\"picture-open\"><button class=\"open-image\" aria-label=\"Open Image\"\/><\/span><\/picture><\/div>\n<div class=\"sc-80531b6b-0 chRIGJ container-text text-embed\">\n<p>&#8220;La hemos llamado para conducir formatos que compramos ac\u00e1. <strong>Yo la am\u00f3 as\u00ed que me quer\u00eda morir, que encima fuera con ella.<\/strong> La amo, ha venido cada vez que la necesitamos&#8221;, destac\u00f3 Migue, resaltando el compromiso y la predisposici\u00f3n que la cantante ven\u00eda demostrando con OLGA en cada ocasi\u00f3n posible.<\/p>\n<\/div>\n<p><h2>Migue Granados cont\u00f3 c\u00f3mo se tom\u00f3 Lali Esp\u00f3sito la pol\u00e9mica con Eial Moldavsky<\/h2>\n<\/p>\n<div class=\"sc-80531b6b-0 chRIGJ container-text text-embed\">\n<p>M\u00e1s tarde, el cronista indag\u00f3 sobre la reacci\u00f3n de la cantante al recibir su llamado. Entonces, el conductor de <em>So\u00f1\u00e9 que Volaba <\/em>explic\u00f3: <strong>\u201cElla a mi me entiende pero est\u00e1 caliente con quienes fueron&#8221;<\/strong>, haciendo alusi\u00f3n a Eial Moldavsky y los integrantes del programa <em>Ser\u00eda Incre\u00edble.<\/em><\/p>\n<\/div>\n<div class=\"sc-c2c2a3c6-0 ecgiEX border-video video-embed horizontal border-video video-embed horizontal\">\n<div class=\"sc-c2c2a3c6-1 kQhBlc videoText videoText\">\n<h2>Video<\/h2>\n<p>El descargo y pedido de disculpas de Eial Moldavsky a Lali<\/p>\n<\/div>\n<\/div>\n<div class=\"sc-80531b6b-0 chRIGJ container-text text-embed\">\n<p><strong>&#8220;Pero es entendible, tiene raz\u00f3n&#8221;<\/strong>, la respald\u00f3.<\/p>\n<\/div>\n<div class=\"sc-80531b6b-0 chRIGJ container-text text-embed\">\n<p>En esta misma l\u00ednea, Granados habl\u00f3 sobre el gesto que tuvo Esp\u00f3sito en su cuenta de Instagram, donde dej\u00f3 de seguir a Eial y Nati Jota. <\/p>\n<\/div>\n<div class=\"sc-80531b6b-0 chRIGJ container-text text-embed\">\n<p>&#8220;<strong>Lo vi en las redes pero bueno. Est\u00e1 en todo su derecho y tiene raz\u00f3n, punto. Es una verg\u00fcenza&#8221;<\/strong>, analiz\u00f3 Migue.<\/p>\n<\/div>\n<div class=\"sc-80531b6b-0 chRIGJ container-text text-embed\">\n<p>Para cerrar, Migue abord\u00f3 la posibilidad de que Lali Esp\u00f3sito decida perdonar al <em>influencer<\/em> o, al menos, dejar de estar molesta por sus dichos: &#8220;<strong>El tiempo alivia. Para mi no cura, alivia&#8221;.<\/strong><\/p>\n<\/div>\n<\/div>\n<p><br \/>\n<br \/><a href=\"https:\/\/www.clarin.com\/fama\/migue-granados-revelo-conversacion-lali-esposito-polemicos-dichos-eial-moldavsky_0_gzkx9VlSjs.html\">Fuente Clarin.com <\/a><\/p>\n","protected":false},"excerpt":{"rendered":"<p>Tras compartir una \u00edntima an\u00e9cdota en el ciclo Ser\u00eda Incre\u00edble (OLGA) que los internautas vincularon a Lali Esp\u00f3sito, Eial Moldavsky afront\u00f3 un aluvi\u00f3n de cr\u00edticas no solo en las redes sociales sino tambi\u00e9n por diversas del personalidades del espect\u00e1culo nacional. Ahora, Migue Granados se refiri\u00f3 a la pol\u00e9mica que puso al influencer en boca de [&hellip;]<\/p>\n","protected":false},"author":1,"featured_media":10717,"comment_status":"open","ping_status":"open","sticky":false,"template":"","format":"standard","meta":{"footnotes":""},"categories":[2],"tags":[18,9677,3040,10651,2806,5990,2805,28,5989,10652,10016,241,312,507],"class_list":["post-10716","post","type-post","status-publish","format-standard","has-post-thumbnail","hentry","category-ultimas-noticias","tag-con","tag-conversacion","tag-dichos","tag-eial","tag-esposito","tag-granados","tag-lali","tag-los","tag-migue","tag-moldavsky","tag-polemicos","tag-revelo","tag-tras","tag-tuvo"],"_links":{"self":[{"href":"https:\/\/13.com.ar\/index.php\/wp-json\/wp\/v2\/posts\/10716","targetHints":{"allow":["GET"]}}],"collection":[{"href":"https:\/\/13.com.ar\/index.php\/wp-json\/wp\/v2\/posts"}],"about":[{"href":"https:\/\/13.com.ar\/index.php\/wp-json\/wp\/v2\/types\/post"}],"author":[{"embeddable":true,"href":"https:\/\/13.com.ar\/index.php\/wp-json\/wp\/v2\/users\/1"}],"replies":[{"embeddable":true,"href":"https:\/\/13.com.ar\/index.php\/wp-json\/wp\/v2\/comments?post=10716"}],"version-history":[{"count":0,"href":"https:\/\/13.com.ar\/index.php\/wp-json\/wp\/v2\/posts\/10716\/revisions"}],"wp:featuredmedia":[{"embeddable":true,"href":"https:\/\/13.com.ar\/index.php\/wp-json\/wp\/v2\/media\/10717"}],"wp:attachment":[{"href":"https:\/\/13.com.ar\/index.php\/wp-json\/wp\/v2\/media?parent=10716"}],"wp:term":[{"taxonomy":"category","embeddable":true,"href":"https:\/\/13.com.ar\/index.php\/wp-json\/wp\/v2\/categories?post=10716"},{"taxonomy":"post_tag","embeddable":true,"href":"https:\/\/13.com.ar\/index.php\/wp-json\/wp\/v2\/tags?post=10716"}],"curies":[{"name":"wp","href":"https:\/\/api.w.org\/{rel}","templated":true}]}}