{"id":10711,"date":"2025-03-06T18:11:33","date_gmt":"2025-03-06T21:11:33","guid":{"rendered":"https:\/\/13.com.ar\/index.php\/moron-usara-inteligencia-artificial-para-combatir-el-delito-en-el-distrito\/"},"modified":"2025-03-06T18:11:33","modified_gmt":"2025-03-06T21:11:33","slug":"moron-usara-inteligencia-artificial-para-combatir-el-delito-en-el-distrito","status":"publish","type":"post","link":"https:\/\/13.com.ar\/index.php\/moron-usara-inteligencia-artificial-para-combatir-el-delito-en-el-distrito\/","title":{"rendered":"Mor\u00f3n usar\u00e1 Inteligencia Artificial para combatir el delito en el distrito"},"content":{"rendered":"<p> <br \/>\n<\/p>\n<div id=\"cuerpo\">\n<div class=\"sc-80531b6b-0 chRIGJ container-text text-embed\">\n<p>Con el eje puesto en la <strong>seguridad<\/strong>, acaso el reclamo m\u00e1s fuerte de los vecinos de <strong>Mor\u00f3n<\/strong>, el intendente <strong>Lucas Ghi<\/strong>, se comprometi\u00f3 a abordar el problema en un a\u00f1o que tiene por delante muchos desaf\u00edos. Fue en el marco de la apertura de sesiones ordinarias del Concejo Deliberante, donde el distrito de la <strong>zona Oeste<\/strong> del Gran Buenos Aires es una de las m\u00e1s azotadas por el flagelo de la <strong>inseguridad<\/strong> que -igualmente- castiga a varias otras regiones de la provincia y del pa\u00eds.<\/p>\n<\/div>\n<div class=\"sc-80531b6b-0 chRIGJ container-text text-embed\">\n<p>El jefe comunal no se desentendi\u00f3 de la problem\u00e1tica y, en su discurso, abord\u00f3 la cuesti\u00f3n asegurando que <strong>una de las prioridades<\/strong> de su gobierno es <strong>colocar a la seguridad ciudadana<\/strong> como uno de los ejes centrales a nivel local.<\/p>\n<\/div>\n<div class=\"sc-80531b6b-0 chRIGJ container-text text-embed\">\n<p>&#8220;La decisi\u00f3n est\u00e1 tomada. Es un reclamo persistente de los vecinos y vecinas&#8221;, asever\u00f3 el alcalde al respecto de las exigencias de la comunidad en torno a las <strong>problem\u00e1ticas de inseguridad<\/strong> que vienen sucedi\u00e9ndose en el municipio. Los incidentes en los carnavales de Haedo, los continuos robos automotores y contra repartidores, las entraderas y los asaltos en las viviendas, y el continuo -y salvaje- acecho de los motochorros, por caso, son algunos de los episodios que viene padeciendo el Partido desde hace un tiempo.<\/p>\n<\/div>\n<div class=\"sc-198be8ec-0 cynXbu image-embed  image-embed \"><picture class=\"sc-198be8ec-1 kOjRiQ\"><source media=\"(min-width: 975px)\" width=\"720\" height=\"480\" \/><img alt=\"El intendente de Mor\u00f3n, Lucas Ghi, habl\u00f3 en la apertura de sesiones ordinarias.\" loading=\"lazy\" width=\"720\" height=\"480\" decoding=\"async\" data-nimg=\"1\" style=\"color:transparent\" src=\"https:\/\/13.com.ar\/wp-content\/uploads\/2025\/03\/Moron-usara-Inteligencia-Artificial-para-combatir-el-delito-en-el.jpg\"\/><span class=\"epigraphe\">El intendente de Mor\u00f3n, Lucas Ghi, habl\u00f3 en la apertura de sesiones ordinarias.<\/span><span class=\"bkg\"\/><span class=\"picture-open\"><button class=\"open-image\" aria-label=\"Open Image\"\/><\/span><\/picture><\/div>\n<div class=\"sc-80531b6b-0 chRIGJ container-text text-embed\">\n<p>&#8220;Hemos diagramado <strong>un abanico de medidas para disuadir a la delincuencia<\/strong> y <strong>colaborar con la Polic\u00eda<\/strong> en su funci\u00f3n primordial de brindar seguridad. Por eso, hemos dise\u00f1ado <strong>un esquema \u00fanico e innovador<\/strong> en la Provincia. Estamos convencidos de la articulaci\u00f3n entre todos los niveles del Estado, en un \u00e1mbito com\u00fan de trabajo en el que se optimizan los resultados y se hacen ajustes permanentes&#8221;, anunci\u00f3 Ghi.<\/p>\n<\/div>\n<div class=\"sc-80531b6b-0 chRIGJ container-text text-embed\">\n<p>Y luego, remarc\u00f3: &#8220;Tampoco es menor el esfuerzo del departamento Ejecutivo que, a trav\u00e9s de las nuevas autoridades del \u00e1rea, ha posibilitado la <strong>puesta en la v\u00eda p\u00fablica del 100% de nuestros m\u00f3viles<\/strong> de Seguridad Ciudadana, que en pocos d\u00edas <strong>llegar\u00e1n a contar con personal policial en su totalidad<\/strong>. Y tambi\u00e9n hemos logrado <strong>reconectar un importante n\u00famero de c\u00e1maras y alarmas vecinales<\/strong>&#8220;.<\/p>\n<\/div>\n<div class=\"sc-80531b6b-0 chRIGJ container-text text-embed\">\n<p>Vale remarcar que en enero pasado, el propio <strong>Ghi desplaz\u00f3 de la secretar\u00eda de Seguridad local a Andr\u00e9s Rodr\u00edguez<\/strong>, quien hasta ese momento estaba al frente del \u00e1rea. El intendente anunci\u00f3 su decisi\u00f3n v\u00eda redes sociales justo <strong>despu\u00e9s de una recordada sucesi\u00f3n de episodios<\/strong>, que comenz\u00f3 con el <strong>asesinato de Franco Vera<\/strong> (un joven que fue baleado en la v\u00eda p\u00fablica mientras regresaba a su casa) y continu\u00f3 con los <strong>salvajes asaltos de motochorros<\/strong> (tambi\u00e9n con tiros de por medio) al m\u00e9dico Santiago Bos -gravemente herido- y al efectivo de la Polic\u00eda de la Ciudad, Brian Coria, quien tambi\u00e9n fue ultimado. Por la sumatoria de los hechos de inseguridad, <strong>familiares de las v\u00edctimas se movilizaron <\/strong>por el centro de la ciudad.<\/p>\n<\/div>\n<div class=\"sc-198be8ec-0 cynXbu image-embed  image-embed \"><picture class=\"sc-198be8ec-1 kOjRiQ\"><source media=\"(min-width: 975px)\" width=\"720\" height=\"480\" \/><img alt=\"La seguridad fue uno de los ejes que abord\u00f3 el alcalde en el recinto.\" loading=\"lazy\" width=\"720\" height=\"480\" decoding=\"async\" data-nimg=\"1\" style=\"color:transparent\" src=\"https:\/\/13.com.ar\/wp-content\/uploads\/2025\/03\/1741295493_131_Moron-usara-Inteligencia-Artificial-para-combatir-el-delito-en-el.jpg\"\/><span class=\"epigraphe\">La seguridad fue uno de los ejes que abord\u00f3 el alcalde en el recinto.<\/span><span class=\"bkg\"\/><span class=\"picture-open\"><button class=\"open-image\" aria-label=\"Open Image\"\/><\/span><\/picture><\/div>\n<div class=\"sc-80531b6b-0 chRIGJ container-text text-embed\">\n<p>A la salida de Rodr\u00edguez, quien fue <strong>suplantado por Dami\u00e1n Cardoso<\/strong>, tambi\u00e9n se sumaron las de <strong>cuatro comisarios<\/strong>, quienes salieron <strong>reemplazados en las dependencias de Haedo, Castelar Sur, Mor\u00f3n Sur y Villa Sarmiento<\/strong>. Y como parte de esa reestructuraci\u00f3n en la c\u00fapula policial realizada hace dos meses, tambi\u00e9n asumi\u00f3 un nuevo comisario inspector en la Estaci\u00f3n de Polic\u00eda de Mor\u00f3n (Carlos P\u00e9rez). <\/p>\n<\/div>\n<div class=\"sc-80531b6b-0 chRIGJ container-text text-embed\">\n<p>\u201cHemos decidido avanzar en un <strong>renovado y moderno proceso en lo que concierne al centro de monitoreo local<\/strong>. No nos sumergimos en el antiguo dilema de cu\u00e1ntas c\u00e1maras incorporar\u00e1 el Municipio, sino que este a\u00f1o el proceso de inversi\u00f3n presupuestaria estar\u00e1 fijado en c\u00f3mo se podr\u00e1n procesar las im\u00e1genes de miles de c\u00e1maras, tanto del orden p\u00fablico como privado, que hoy reflejan casi la totalidad de las calles y la forma en que se le incorporar\u00e1 al sistema recursos de anal\u00edtica e inteligencia artificial que permitir\u00e1n prevenir y combatir con mayor y moderna eficiencia el accionar delictivo&#8221;, cerr\u00f3 Ghi en relaci\u00f3n al plano de la seguridad para despu\u00e9s detallar los ejes de obras, salud, educaci\u00f3n y cultura, entre otros.<\/p>\n<\/div>\n<\/div>\n<p><br \/>\n<br \/><a href=\"https:\/\/www.clarin.com\/zonales\/moron-usara-inteligencia-artificial-combatir-delito-distrito_0_8Ri61YlC5w.html\">Fuente Clarin.com <\/a><\/p>\n","protected":false},"excerpt":{"rendered":"<p>Con el eje puesto en la seguridad, acaso el reclamo m\u00e1s fuerte de los vecinos de Mor\u00f3n, el intendente Lucas Ghi, se comprometi\u00f3 a abordar el problema en un a\u00f1o que tiene por delante muchos desaf\u00edos. Fue en el marco de la apertura de sesiones ordinarias del Concejo Deliberante, donde el distrito de la zona [&hellip;]<\/p>\n","protected":false},"author":1,"featured_media":10712,"comment_status":"open","ping_status":"open","sticky":false,"template":"","format":"standard","meta":{"footnotes":""},"categories":[2],"tags":[607,2063,7119,1818,606,4847,16,4556],"class_list":["post-10711","post","type-post","status-publish","format-standard","has-post-thumbnail","hentry","category-ultimas-noticias","tag-artificial","tag-combatir","tag-delito","tag-distrito","tag-inteligencia","tag-moron","tag-para","tag-usara"],"_links":{"self":[{"href":"https:\/\/13.com.ar\/index.php\/wp-json\/wp\/v2\/posts\/10711","targetHints":{"allow":["GET"]}}],"collection":[{"href":"https:\/\/13.com.ar\/index.php\/wp-json\/wp\/v2\/posts"}],"about":[{"href":"https:\/\/13.com.ar\/index.php\/wp-json\/wp\/v2\/types\/post"}],"author":[{"embeddable":true,"href":"https:\/\/13.com.ar\/index.php\/wp-json\/wp\/v2\/users\/1"}],"replies":[{"embeddable":true,"href":"https:\/\/13.com.ar\/index.php\/wp-json\/wp\/v2\/comments?post=10711"}],"version-history":[{"count":0,"href":"https:\/\/13.com.ar\/index.php\/wp-json\/wp\/v2\/posts\/10711\/revisions"}],"wp:featuredmedia":[{"embeddable":true,"href":"https:\/\/13.com.ar\/index.php\/wp-json\/wp\/v2\/media\/10712"}],"wp:attachment":[{"href":"https:\/\/13.com.ar\/index.php\/wp-json\/wp\/v2\/media?parent=10711"}],"wp:term":[{"taxonomy":"category","embeddable":true,"href":"https:\/\/13.com.ar\/index.php\/wp-json\/wp\/v2\/categories?post=10711"},{"taxonomy":"post_tag","embeddable":true,"href":"https:\/\/13.com.ar\/index.php\/wp-json\/wp\/v2\/tags?post=10711"}],"curies":[{"name":"wp","href":"https:\/\/api.w.org\/{rel}","templated":true}]}}