{"id":1071,"date":"2025-01-31T19:32:37","date_gmt":"2025-01-31T22:32:37","guid":{"rendered":"https:\/\/13.com.ar\/index.php\/la-conexion-oculta-entre-una-diosa-china-y-el-signo-de-piscis\/"},"modified":"2025-01-31T19:32:37","modified_gmt":"2025-01-31T22:32:37","slug":"la-conexion-oculta-entre-una-diosa-china-y-el-signo-de-piscis","status":"publish","type":"post","link":"https:\/\/13.com.ar\/index.php\/la-conexion-oculta-entre-una-diosa-china-y-el-signo-de-piscis\/","title":{"rendered":"la conexi\u00f3n oculta entre una diosa china y el signo de Piscis"},"content":{"rendered":"<p> <br \/>\n<\/p>\n<div id=\"cuerpo\">\n<div class=\"sc-80531b6b-0 chRIGJ container-text text-embed\">\n<p>A pocos d\u00edas del festejo del A\u00f1o Nuevo Chino, que el mi\u00e9rcoles 29 de enero le dio la bienvenida al ciclo 4723, regido por la Serpiente de madera, la astrolog\u00eda occidental marca tambi\u00e9n un nuevo mes. \u00bfQu\u00e9 conexiones m\u00edticas hay entre febrero de 2025 y una antigua diosa china?<\/p>\n<\/div>\n<div class=\"sc-80531b6b-0 chRIGJ container-text text-embed\">\n<p>La respuesta la brinda <strong>Julieta Su\u00e1rez Valente<\/strong>, astr\u00f3loga y autora, en su nueva<em> Agenda Astrol\u00f3gica 2025<\/em> (Ed. Fera), una gu\u00eda anual en la que destaca mes a mes un tr\u00e1nsito planetario o lunaci\u00f3n relevante y cuyo eje principal son <strong>12 diosas de varias culturas<\/strong>. Cuatro de ellas est\u00e1n representadas en distintas presentaciones y relacionadas con los elementos astrol\u00f3gicos: Atenea con el Aire, Dem\u00e9ter con el Agua, Artemisa con el Fuego y Afrodita con el elemento Tierra.<\/p>\n<\/div>\n<div class=\"sc-80531b6b-0 chRIGJ container-text text-embed\">\n<p>De modo que la deidad que Su\u00e1rez Valente asocia con las energ\u00edas de febrero es Kwan Yin, una diosa venerada en la tradici\u00f3n budista y tao\u00edsta. La autora la asocia con \u201clas energ\u00edas sensibles y emp\u00e1ticas\u201d que caracterizan al signo de <strong>Piscis<\/strong>, cuya temporada este a\u00f1o empieza el 18 de febrero.<\/p>\n<\/div>\n<p><h2>El mito oculto de Kwan Yin, la diosa de febrero 2025<\/h2>\n<\/p>\n<div class=\"sc-80531b6b-0 chRIGJ container-text text-embed\">\n<p>El<strong> mito de Kwan Yin<\/strong> cuenta que, igual que Buda, camin\u00f3 por la tierra hasta que se convirti\u00f3 en una \u201cmaestra ascendida\u201d. \u201cSu nombre significa \u2018la que escucha los lamentos del mundo\u2019 y simboliza la compasi\u00f3n y la\u202fmisericordia\u201d, escribe la astr\u00f3loga.<\/p>\n<\/div>\n<div class=\"sc-198be8ec-0 cynXbu image-embed  image-embed \"><picture class=\"sc-198be8ec-1 kOjRiQ\"><source media=\"(min-width: 975px)\" width=\"720\" height=\"480\" \/><img alt=\"La astr\u00f3loga Julieta Su\u00e1rez Valente asocia cada signo zodiacal con una diosa m\u00edtica. La deidad de febrero es Kwan Yin, por su resonancia pisciana. Foto: gentileza Ediciones FERA.\" loading=\"lazy\" width=\"720\" height=\"480\" decoding=\"async\" data-nimg=\"1\" style=\"color:transparent\" src=\"https:\/\/13.com.ar\/wp-content\/uploads\/2025\/01\/la-conexion-oculta-entre-una-diosa-china-y-el-signo.jpg#1738168617159.jpeg\"\/><span class=\"epigraphe\">La astr\u00f3loga Julieta Su\u00e1rez Valente asocia cada signo zodiacal con una diosa m\u00edtica. La deidad de febrero es Kwan Yin, por su resonancia pisciana. Foto: gentileza Ediciones FERA.<\/span><span class=\"bkg\"\/><span class=\"picture-open\"><button class=\"open-image\" aria-label=\"Open Image\"\/><\/span><\/picture><\/div>\n<div class=\"sc-80531b6b-0 chRIGJ container-text text-embed\">\n<p>Kwan Yin es uno de los \u201c<strong>bodhisattvas<\/strong>\u201d de la tradici\u00f3n budista, el nombre que se le da a los seres iluminados que han optado por retrasar su propia iluminaci\u00f3n para ayudar a los dem\u00e1s a alcanzarla, explica Su\u00e1rez Valente.<\/p>\n<\/div>\n<div class=\"sc-80531b6b-0 chRIGJ container-text text-embed\">\n<p>Seg\u00fan el mito, Kwan Yin era una <strong>princesa china<\/strong> llamada <strong>Mioa Shan<\/strong>, que vivi\u00f3 en los a\u00f1os\u202f700 a.C. Su padre era un rey ambicioso que quer\u00eda casar a sus tres hijas con familias adineradas. Pero Mioa Shan ten\u00eda un deseo diferente: quer\u00eda <strong>convertirse en monja budista<\/strong> y hacer trabajos de servicio espiritual para asistir al pr\u00f3jimo.<\/p>\n<\/div>\n<div class=\"sc-80531b6b-0 chRIGJ container-text text-embed\">\n<p>\u201cSu servicio es <strong>liberar a todos los seres humanos del sufrimiento<\/strong>. Cuando la invocamos por alg\u00fan sufrimiento o en momentos de desesperaci\u00f3n, ella nos alivia. Atiende a todas las plegarias que le env\u00edan y emana paz. Es una de las diosas que escucha el sufrimiento del mundo\u201d, afirma la autora.<\/p>\n<\/div>\n<div class=\"sc-80531b6b-0 chRIGJ container-text text-embed\">\n<p>A su vez, a Kwan Yin <strong>se la asocia<\/strong> con los colores<strong> lila, blanco, rosa<\/strong> y los tonos <strong>crema<\/strong>. Su\u00e1rez Valente se\u00f1ala que pod\u00e9s encender velas de estos colores en tus rituales si quer\u00e9s pedir su asistencia.<\/p>\n<\/div>\n<div class=\"sc-198be8ec-0 cynXbu image-embed  image-embed \"><picture class=\"sc-198be8ec-1 kOjRiQ\"><source media=\"(min-width: 975px)\" width=\"720\" height=\"480\" \/><img alt=\"La diosa Kwan Yin se asocia a los colores lila, blanco, rosa y crema; dice Julieta Su\u00e1rez Valente. Foto: ilustraci\u00f3n Shutterstock\" loading=\"lazy\" width=\"720\" height=\"480\" decoding=\"async\" data-nimg=\"1\" style=\"color:transparent\" src=\"https:\/\/13.com.ar\/wp-content\/uploads\/2025\/01\/la-conexion-oculta-entre-una-diosa-china-y-el-signo.jpg\"\/><span class=\"epigraphe\">La diosa Kwan Yin se asocia a los colores lila, blanco, rosa y crema; dice Julieta Su\u00e1rez Valente. Foto: ilustraci\u00f3n Shutterstock<\/span><span class=\"bkg\"\/><span class=\"picture-open\"><button class=\"open-image\" aria-label=\"Open Image\"\/><\/span><\/picture><\/div>\n<div class=\"sc-80531b6b-0 chRIGJ container-text text-embed\">\n<p>A nivel astrol\u00f3gico, la especialista destaca el <strong>ingreso de Neptuno al signo de Aries<\/strong>, \u201clo que traer\u00e1 mucha fuerza al signo de Piscis, que ver\u00e1 crecer la devoci\u00f3n hacia temas espirituales\u201d.<\/p>\n<\/div>\n<div class=\"sc-80531b6b-0 chRIGJ container-text text-embed\">\n<p>De igual manera, el cambio del nodo norte de la Luna, que pas\u00f3 de Aries a Piscis en enero de 2025, tambi\u00e9n dejar\u00e1 huella durante el pr\u00f3ximo a\u00f1o y medio. Su\u00e1rez Valente lo define como la \u201cbr\u00fajula de la humanidad\u201d y estima que llevar\u00e1 nuestro foco hacia \u201ctodo aquello que mueva nuestra sensibilidad\u201d.<\/p>\n<\/div>\n<div class=\"sc-198be8ec-0 cynXbu image-embed  image-embed \"><picture class=\"sc-198be8ec-1 kOjRiQ\"><source media=\"(min-width: 975px)\" width=\"720\" height=\"480\" \/><img alt=\"Piscis domina la energ\u00eda de febrero 2025 y nos orienta hacia la compasi\u00f3n igual que Kwan Yin, dice la astr\u00f3loga. Foto: ilustraci\u00f3n Shutterstock\" loading=\"lazy\" width=\"720\" height=\"480\" decoding=\"async\" data-nimg=\"1\" style=\"color:transparent\" src=\"https:\/\/13.com.ar\/wp-content\/uploads\/2025\/01\/1738362757_207_la-conexion-oculta-entre-una-diosa-china-y-el-signo.jpg\"\/><span class=\"epigraphe\">Piscis domina la energ\u00eda de febrero 2025 y nos orienta hacia la compasi\u00f3n igual que Kwan Yin, dice la astr\u00f3loga. Foto: ilustraci\u00f3n Shutterstock<\/span><span class=\"bkg\"\/><span class=\"picture-open\"><button class=\"open-image\" aria-label=\"Open Image\"\/><\/span><\/picture><\/div>\n<div class=\"sc-80531b6b-0 chRIGJ container-text text-embed\">\n<p>Por \u00faltimo, la astr\u00f3loga destaca como el evento clave de febrero la <strong>Luna nueva en Piscis del 27 de febrero<\/strong> de 2025. \u201cSer\u00e1 un <strong>d\u00eda portal<\/strong> donde todas las intenciones tendr\u00e1n m\u00e1s poder\u201d, escribe. Podemos pedir a esta deidad toda su asistencia en nuestros procesos de sanaci\u00f3n hol\u00edstica. Seg\u00fan explica la autora, \u201cKwan Yin es una diosa compasiva que nos dar\u00e1 consuelo para la transmutaci\u00f3n\u201d.<\/p>\n<\/div>\n<div class=\"sc-80531b6b-0 chRIGJ container-text text-embed\">\n<p><em>Basado en informaci\u00f3n de &#8220;Agenda Astrol\u00f3gica 2025&#8221; (Editorial Fera; en Instagram, @fera.design) de Julieta Su\u00e1rez Valente (@astrologia_y_consciencia), astr\u00f3loga y fundadora de Multiespacio Evolutivo.<\/em><\/p>\n<\/div>\n<\/div>\n<p><br \/>\n<br \/><a href=\"https:\/\/www.clarin.com\/astrologia\/horoscopo-febrero-2025-conexion-oculta-diosa-china-signo-piscis_0_mYCqYWoMPa.html\">Fuente Clarin.com <\/a><\/p>\n","protected":false},"excerpt":{"rendered":"<p>A pocos d\u00edas del festejo del A\u00f1o Nuevo Chino, que el mi\u00e9rcoles 29 de enero le dio la bienvenida al ciclo 4723, regido por la Serpiente de madera, la astrolog\u00eda occidental marca tambi\u00e9n un nuevo mes. \u00bfQu\u00e9 conexiones m\u00edticas hay entre febrero de 2025 y una antigua diosa china? La respuesta la brinda Julieta Su\u00e1rez [&hellip;]<\/p>\n","protected":false},"author":1,"featured_media":1072,"comment_status":"open","ping_status":"open","sticky":false,"template":"","format":"standard","meta":{"footnotes":""},"categories":[2],"tags":[72,2490,2491,351,1724,2492,400,73],"class_list":["post-1071","post","type-post","status-publish","format-standard","has-post-thumbnail","hentry","category-ultimas-noticias","tag-china","tag-conexion","tag-diosa","tag-entre","tag-oculta","tag-piscis","tag-signo","tag-una"],"_links":{"self":[{"href":"https:\/\/13.com.ar\/index.php\/wp-json\/wp\/v2\/posts\/1071","targetHints":{"allow":["GET"]}}],"collection":[{"href":"https:\/\/13.com.ar\/index.php\/wp-json\/wp\/v2\/posts"}],"about":[{"href":"https:\/\/13.com.ar\/index.php\/wp-json\/wp\/v2\/types\/post"}],"author":[{"embeddable":true,"href":"https:\/\/13.com.ar\/index.php\/wp-json\/wp\/v2\/users\/1"}],"replies":[{"embeddable":true,"href":"https:\/\/13.com.ar\/index.php\/wp-json\/wp\/v2\/comments?post=1071"}],"version-history":[{"count":0,"href":"https:\/\/13.com.ar\/index.php\/wp-json\/wp\/v2\/posts\/1071\/revisions"}],"wp:featuredmedia":[{"embeddable":true,"href":"https:\/\/13.com.ar\/index.php\/wp-json\/wp\/v2\/media\/1072"}],"wp:attachment":[{"href":"https:\/\/13.com.ar\/index.php\/wp-json\/wp\/v2\/media?parent=1071"}],"wp:term":[{"taxonomy":"category","embeddable":true,"href":"https:\/\/13.com.ar\/index.php\/wp-json\/wp\/v2\/categories?post=1071"},{"taxonomy":"post_tag","embeddable":true,"href":"https:\/\/13.com.ar\/index.php\/wp-json\/wp\/v2\/tags?post=1071"}],"curies":[{"name":"wp","href":"https:\/\/api.w.org\/{rel}","templated":true}]}}