{"id":1065,"date":"2025-01-31T19:24:02","date_gmt":"2025-01-31T22:24:02","guid":{"rendered":"https:\/\/13.com.ar\/index.php\/el-llanto-y-la-emocion-de-mauro-szeta-tras-despedirse-de-sus-companeros-en-telefe\/"},"modified":"2025-01-31T19:24:02","modified_gmt":"2025-01-31T22:24:02","slug":"el-llanto-y-la-emocion-de-mauro-szeta-tras-despedirse-de-sus-companeros-en-telefe","status":"publish","type":"post","link":"https:\/\/13.com.ar\/index.php\/el-llanto-y-la-emocion-de-mauro-szeta-tras-despedirse-de-sus-companeros-en-telefe\/","title":{"rendered":"El llanto y la emoci\u00f3n de Mauro Szeta tras despedirse de sus compa\u00f1eros en Telefe"},"content":{"rendered":"<p> <br \/>\n<br \/><img decoding=\"async\" src=\"https:\/\/13.com.ar\/wp-content\/uploads\/2025\/01\/El-llanto-y-la-emocion-de-Mauro-Szeta-tras-despedirse.jpg\" \/><\/p>\n<div>\n<p>Este viernes <strong>Mauro Szeta<\/strong> se despidi\u00f3 de Telefe entre l\u00e1grimas y con un discurso en el que le agradeci\u00f3 a su familia y reconoci\u00f3 el trabajo de sus compa\u00f1eros.<\/p>\n<\/div>\n<div>\n<p><strong>\u201cQuer\u00eda agradecerles a todos, a los laburantes del canal que los quiero mucho\u201d,<\/strong> comenz\u00f3 diciendo el periodista en<em> El Noticiero de la gente<\/em> (Telefe, lunes a viernes a las 13).<\/p>\n<\/div>\n<div>\n<p>Quebrado, agreg\u00f3: \u201cS\u00faper agradecido a este canal que me hizo crecer un mont\u00f3n. Hoy me recibieron las chicas en maquillaje emocionadas, llorando\u2026 Es una decisi\u00f3n que tomo en la que <strong>agradezco eternamente la oportunidad que me dio Telefe, que me hizo crecer profesionalmente<\/strong>\u201d.<\/p>\n<\/div>\n<div>\n<p>Luego, Mauro asegur\u00f3 que pas\u00f3 a\u00f1os maravillosos en el canal: \u201cHasta hoy, hasta \u00faltimo momento. Quer\u00eda venir a laburar hasta el \u00faltimo momento porque amo venir\u201d.<\/p>\n<\/div>\n<div>\n<p>Ante la emoci\u00f3n de<strong> Germ\u00e1n Paoloski <\/strong>y<strong> Milva Castellini,<\/strong> Szeta se sincer\u00f3: \u201cA veces la vida te pone laboralmente con otro proyecto, me pareci\u00f3 que era momento para iniciar otro proyecto pero tengo los mejores recuerdos de ac\u00e1. Siento que crec\u00ed como persona. Como laburante ni hablar\u201d.<\/p>\n<\/div>\n<div>\n<p>En ese contexto, el periodista aclar\u00f3 que una decisi\u00f3n de esa magnitud atraviesa todo en su vida, incluso a su familia, y le agradeci\u00f3 especialmente a su esposa, Clarisa, que es quien lo acompa\u00f1\u00f3 en este cambio.<\/p>\n<\/div>\n<div>\n<p>\u201cNo hay nada m\u00e1s hermoso en la vida que una compa\u00f1era, amante, busc\u00e1ndote cuando tomas una decisi\u00f3n. Es o te separas, o te casas y te afianzas. Ayer le dije a mi mujer: \u2018Boluda, lo que te amo. El amor que ten\u00e9s que tener para bancar a un tipo que est\u00e1 hace un tiempito deliberando qu\u00e9 hace y c\u00f3mo sigue su vida\u201d, sigui\u00f3.<\/p>\n<\/div>\n<div>\n<p>\u201cGracias Mauro\u201d, le dijo Paoloski mientras Milva lloraba.<\/p>\n<\/div>\n<div>\n<p>Szeta termin\u00f3 su despedida agradeci\u00e9ndoles a los televidentes: \u201c<strong>Gracias a todos los que me siguieron ac\u00e1, los amo. <\/strong>Amo a la gente, me encanta ser cercano a la gente, ser tangible. No me gusta dejar de hacer las cosas que hago, viajar en bondi, en tren, estar al lado suyo. Con todo amor, a los que me acompa\u00f1aron\u201d<\/p>\n<\/div>\n<div>\n<p>Cabe destacar que la noticia de la renuncia de Mauro la hab\u00eda dado \u00c1ngel de Brito en Bondi Live.<\/p>\n<\/div>\n<div>\n<p>En su programa<em> \u00c1ngel Responde<\/em>, el conductor hab\u00eda anunciado que Szeta se iba de Telefe para desembarcar en la pantalla de Am\u00e9rica: <strong>\u201cQuien abandona Telefe hoy es Mauro Szeta despu\u00e9s de much\u00edsimos a\u00f1os en el noticiero del mediod\u00eda. Es una de las figuras que acompa\u00f1a a Vero (Lozano). Hoy se va a despedir\u201d.<\/strong><\/p>\n<\/div>\n<p><br \/>\n<br \/><a href=\"https:\/\/www.clarin.com\/fama\/llanto-emocion-mauro-szeta-despedirse-companeros-telefe_0_S9fZQcEuiB.html\">Fuente Clarin.com <\/a><\/p>\n","protected":false},"excerpt":{"rendered":"<p>Este viernes Mauro Szeta se despidi\u00f3 de Telefe entre l\u00e1grimas y con un discurso en el que le agradeci\u00f3 a su familia y reconoci\u00f3 el trabajo de sus compa\u00f1eros. \u201cQuer\u00eda agradecerles a todos, a los laburantes del canal que los quiero mucho\u201d, comenz\u00f3 diciendo el periodista en El Noticiero de la gente (Telefe, lunes a [&hellip;]<\/p>\n","protected":false},"author":1,"featured_media":1066,"comment_status":"open","ping_status":"open","sticky":false,"template":"","format":"standard","meta":{"footnotes":""},"categories":[2],"tags":[2479,2478,2476,2475,132,40,2477,2337,312],"class_list":["post-1065","post","type-post","status-publish","format-standard","has-post-thumbnail","hentry","category-ultimas-noticias","tag-companeros","tag-despedirse","tag-emocion","tag-llanto","tag-mauro","tag-sus","tag-szeta","tag-telefe","tag-tras"],"_links":{"self":[{"href":"https:\/\/13.com.ar\/index.php\/wp-json\/wp\/v2\/posts\/1065","targetHints":{"allow":["GET"]}}],"collection":[{"href":"https:\/\/13.com.ar\/index.php\/wp-json\/wp\/v2\/posts"}],"about":[{"href":"https:\/\/13.com.ar\/index.php\/wp-json\/wp\/v2\/types\/post"}],"author":[{"embeddable":true,"href":"https:\/\/13.com.ar\/index.php\/wp-json\/wp\/v2\/users\/1"}],"replies":[{"embeddable":true,"href":"https:\/\/13.com.ar\/index.php\/wp-json\/wp\/v2\/comments?post=1065"}],"version-history":[{"count":0,"href":"https:\/\/13.com.ar\/index.php\/wp-json\/wp\/v2\/posts\/1065\/revisions"}],"wp:featuredmedia":[{"embeddable":true,"href":"https:\/\/13.com.ar\/index.php\/wp-json\/wp\/v2\/media\/1066"}],"wp:attachment":[{"href":"https:\/\/13.com.ar\/index.php\/wp-json\/wp\/v2\/media?parent=1065"}],"wp:term":[{"taxonomy":"category","embeddable":true,"href":"https:\/\/13.com.ar\/index.php\/wp-json\/wp\/v2\/categories?post=1065"},{"taxonomy":"post_tag","embeddable":true,"href":"https:\/\/13.com.ar\/index.php\/wp-json\/wp\/v2\/tags?post=1065"}],"curies":[{"name":"wp","href":"https:\/\/api.w.org\/{rel}","templated":true}]}}