{"id":1061,"date":"2025-01-31T19:17:11","date_gmt":"2025-01-31T22:17:11","guid":{"rendered":"https:\/\/13.com.ar\/index.php\/la-corte-inicia-una-ronda-de-dialogo-sin-intencion-de-dar-marcha-atras\/"},"modified":"2025-01-31T19:17:11","modified_gmt":"2025-01-31T22:17:11","slug":"la-corte-inicia-una-ronda-de-dialogo-sin-intencion-de-dar-marcha-atras","status":"publish","type":"post","link":"https:\/\/13.com.ar\/index.php\/la-corte-inicia-una-ronda-de-dialogo-sin-intencion-de-dar-marcha-atras\/","title":{"rendered":"La Corte inicia una ronda de di\u00e1logo sin intenci\u00f3n de dar marcha atr\u00e1s"},"content":{"rendered":"<p> <br \/>\n<\/p>\n<div id=\"cuerpo\">\n<div class=\"sc-80531b6b-0 chRIGJ container-text text-embed\">\n<p>El \u201cparaguas\u201d pol\u00edtico-institucional que las asociaciones de jueces y fiscales y los sindicatos hab\u00edan creado en estos \u00faltimos a\u00f1os para impedir la transferencia de la justicia nacional a la Ciudad Aut\u00f3noma de Buenos Aires (CABA) <strong>tiene un \u201cagujero\u201d y no provino del Gobierno, ni del Congreso sino de la Corte.<\/strong><\/p>\n<\/div>\n<div class=\"sc-80531b6b-0 chRIGJ container-text text-embed\">\n<p>El fallo <strong>reflot\u00f3<\/strong> la discusi\u00f3n de fondo sobre c\u00f3mo armonizar la plena autonom\u00eda de la CABA que dispuso la reforma constitucional de 1994 y los derechos de medio millar de jueces y fiscales que fueron designados por el Senado de la Naci\u00f3n y se resisten a cualquier tipo de transferencia a la justicia porte\u00f1a, como explic\u00f3 el constitucionalista Daniel Sabsay en una nota en<strong> Clar\u00edn<\/strong>.<\/p>\n<\/div>\n<div class=\"sc-80531b6b-0 chRIGJ container-text text-embed\">\n<p>Pero la Corte, al menos con la composici\u00f3n que ten\u00eda en diciembre es decir Horacio Rosatti, Ricardo Lorenzetti y Juan Carlos Maqueda con la disidencia de Carlos Rosenkrantz, <strong>ya emiti\u00f3 varios fallos a favor de la plena autonom\u00eda de la CABA<\/strong>. Basta recordar la resoluci\u00f3n sobre la quita de la coparticipaci\u00f3n federal.<\/p>\n<\/div>\n<div class=\"sc-80531b6b-0 chRIGJ container-text text-embed\">\n<p>Y ahora el Procurador General de la Naci\u00f3n, Eduardo Casal, pidi\u00f3 suspender el fallo Levinas hasta que exista <strong>\u201cun marco normativo\u201d<\/strong> que le de cobertura legal al trabajo de los fiscales nacionales. Es decir, una ley o un convenio de transferencia de la justicia nacional a la CABA. <strong>As\u00ed puso el dedo en la llaga.<\/strong><\/p>\n<\/div>\n<div class=\"sc-80531b6b-0 chRIGJ container-text text-embed\">\n<p>Desde 1994, el Congreso <strong>no consensu\u00f3 ninguna ley y los magistrados bloquearon todos los intentos de firma <\/strong>de un convenio de transferencia entre el gobierno nacional y la CABA, como hab\u00eda pasado con el traspaso de la las comisar\u00edas de la Polic\u00eda Federal.<\/p>\n<\/div>\n<div class=\"sc-80531b6b-0 chRIGJ container-text text-embed\">\n<p>Basta recordar que el ex ministro de Justicia de Mauricio Macri, German Garavano, envi\u00f3 proyectos de leyes al Congreso que nunca avanzaron y fracas\u00f3 con el intento de firma de ese convenio por la resistencia de los magistrados y del secretario general de la Uni\u00f3n de Empleados Judiciales, Julio Piumato.<\/p>\n<\/div>\n<div class=\"sc-198be8ec-0 cynXbu image-embed  image-embed \"><picture class=\"sc-198be8ec-1 kOjRiQ\"><source media=\"(min-width: 975px)\" width=\"720\" height=\"480\" \/><img alt=\"El presidente de la Corte Suprema de Justicia, Horacio Rosatti, incia el lunes una ronda de di\u00e1logo.\" loading=\"lazy\" width=\"720\" height=\"480\" decoding=\"async\" data-nimg=\"1\" style=\"color:transparent\" src=\"https:\/\/13.com.ar\/wp-content\/uploads\/2025\/01\/La-Corte-inicia-una-ronda-de-dialogo-sin-intencion-de.jpg\"\/><span class=\"epigraphe\">El presidente de la Corte Suprema de Justicia, Horacio Rosatti, incia el lunes una ronda de di\u00e1logo.<\/span><span class=\"bkg\"\/><span class=\"picture-open\"><button class=\"open-image\" aria-label=\"Open Image\"\/><\/span><\/picture><\/div>\n<div class=\"sc-80531b6b-0 chRIGJ container-text text-embed\">\n<p>Todo sin considerar la ley 24.588 llamada ley Cafiero que asegura la existencia de un estado federal en la Ciudad de\u00a0Buenos Aires; pero sostiene que \u00e9ste es \u201c<strong>incapaz de ejercer competencias en materia de seguridad, de justicia<\/strong> y de fiscalizaci\u00f3n de los servicios p\u00fablicos en su territorio\u201d. Alg\u00fan d\u00eda habr\u00eda que derogarla.<\/p>\n<\/div>\n<div class=\"sc-198be8ec-0 cynXbu image-embed  image-embed \"><picture class=\"sc-198be8ec-1 kOjRiQ\"><source media=\"(min-width: 975px)\" width=\"720\" height=\"480\" \/><img alt=\"Gabino Tapia, ministro de Justicia de la Ciudad.\" loading=\"lazy\" width=\"720\" height=\"480\" decoding=\"async\" data-nimg=\"1\" style=\"color:transparent\" src=\"https:\/\/13.com.ar\/wp-content\/uploads\/2025\/01\/1738361831_487_La-Corte-inicia-una-ronda-de-dialogo-sin-intencion-de.jpg\"\/><span class=\"epigraphe\">Gabino Tapia, ministro de Justicia de la Ciudad.<\/span><span class=\"bkg\"\/><span class=\"picture-open\"><button class=\"open-image\" aria-label=\"Open Image\"\/><\/span><\/picture><\/div>\n<div class=\"sc-80531b6b-0 chRIGJ container-text text-embed\">\n<p>Adem\u00e1s, el actual ministro de Justicia, Mariano C\u00faneo Libarona, aunque ha analizado con su par porte\u00f1o, Gabino Tapia, la firma de un convenio de transparencia en las \u00faltimas semanas <strong>qued\u00f3 pol\u00edticamente debilitado como para intentar una jugada de este calibre. La trasferencia la hab\u00eda prometido<\/strong> cuando asumi\u00f3 el cargo. Incluso, la transferencia hab\u00eda sido incluida en la ley Bases pero a \u00faltimo momento se la quit\u00f3.<\/p>\n<\/div>\n<div class=\"sc-80531b6b-0 chRIGJ container-text text-embed\">\n<p>Sin embargo, el \u201cagujero\u201d que abri\u00f3 la Corte en la resistencia <strong>es grande<\/strong>. Por m\u00e1s que los magistrados emitan fuertes declaraciones hasta ahora ninguno se anim\u00f3 a firmar una resoluci\u00f3n contra el fallo de la Corte, que es la cabeza del sistema judicial.<\/p>\n<\/div>\n<div class=\"sc-80531b6b-0 chRIGJ container-text text-embed\">\n<p><strong>El \u201cagujero\u201d le da aire al proyecto de Tapia de poner en funcionamiento diez juzgados laborales en la CABA<\/strong>. La ley ya la aprob\u00f3 la legislatura y ahora el Consejo de la Magistratura porte\u00f1o deber\u00e1 llamar a concursos. Gabino apuesta a que secretarios de juzgados laborales nacionales se presenten en los concursos y as\u00ed empezar una transici\u00f3n que incluir\u00eda<strong> no reemplazar a los jueces nacionales que se jubilen.<\/strong><\/p>\n<\/div>\n<div class=\"sc-80531b6b-0 chRIGJ container-text text-embed\">\n<p>No por nada, los jueces intentaron sin \u00e9xito poner una cautelar en feria contra la creaci\u00f3n de esos juzgados porte\u00f1os.<\/p>\n<\/div>\n<div class=\"sc-80531b6b-0 chRIGJ container-text text-embed\">\n<p>El ministro de Justicia de Jorge Macri habla de una<strong> \u201ctransferencia consensuada<\/strong>\u201d y tambi\u00e9n planea poner en marcha un fuero civil y comercial porte\u00f1o. As\u00ed solo quedar\u00edan el fuero penal ordinario en manos de jueces nacionales. <\/p>\n<\/div>\n<div class=\"sc-198be8ec-0 cynXbu image-embed  image-embed \"><picture class=\"sc-198be8ec-1 kOjRiQ\"><source media=\"(min-width: 975px)\" width=\"720\" height=\"480\" \/><img alt=\"El ministro de Justicia, Mariano C\u00faneo Libarona, intenta firmar un convenio de trasferencia de los jueces.\" loading=\"lazy\" width=\"720\" height=\"480\" decoding=\"async\" data-nimg=\"1\" style=\"color:transparent\" src=\"https:\/\/13.com.ar\/wp-content\/uploads\/2025\/01\/1738361831_327_La-Corte-inicia-una-ronda-de-dialogo-sin-intencion-de.jpg\"\/><span class=\"epigraphe\">El ministro de Justicia, Mariano C\u00faneo Libarona, intenta firmar un convenio de trasferencia de los jueces.<\/span><span class=\"bkg\"\/><span class=\"picture-open\"><button class=\"open-image\" aria-label=\"Open Image\"\/><\/span><\/picture><\/div>\n<div class=\"sc-80531b6b-0 chRIGJ container-text text-embed\">\n<p>En campa\u00f1a, el discurso del jefe de gobierno porte\u00f1o Jorge Macri sobre la \u201cplena autonom\u00eda\u201d incluye <strong>desde la transferencia de la Inspecci\u00f3n General de Justicia y el Registro de la Propiedad Inmueble hasta el control de la terminal de \u00f3mnibus de Retiro y el puerto de Buenos Aires.<\/strong><\/p>\n<\/div>\n<div class=\"sc-80531b6b-0 chRIGJ container-text text-embed\">\n<p>La idea de Tapia funcionar\u00eda si el gobierno nacional hace, en paralelo, la transferencia de recursos para financiarlos. Y todos los jugadores de este ajedrez saben que el fallo Levinas <strong>es muy dif\u00edcil de revertir<\/strong> y que la batalla por los alcances de la autonom\u00eda de la CABA a\u00fan no tiene un resultado cierto. Mientras, poco se discute sobre <strong>c\u00f3mo mejorar el servicio de justicia para el porte\u00f1o de pie<\/strong>.<\/p>\n<\/div>\n<\/div>\n<p><br \/>\n<br \/><a href=\"https:\/\/www.clarin.com\/politica\/fallo-levinas-corte-inicia-ronda-dialogo-intencion-dar-marcha_0_tb7EvEyy9l.html\">Fuente Clarin.com <\/a><\/p>\n","protected":false},"excerpt":{"rendered":"<p>El \u201cparaguas\u201d pol\u00edtico-institucional que las asociaciones de jueces y fiscales y los sindicatos hab\u00edan creado en estos \u00faltimos a\u00f1os para impedir la transferencia de la justicia nacional a la Ciudad Aut\u00f3noma de Buenos Aires (CABA) tiene un \u201cagujero\u201d y no provino del Gobierno, ni del Congreso sino de la Corte. El fallo reflot\u00f3 la discusi\u00f3n [&hellip;]<\/p>\n","protected":false},"author":1,"featured_media":1062,"comment_status":"open","ping_status":"open","sticky":false,"template":"","format":"standard","meta":{"footnotes":""},"categories":[2],"tags":[1127,297,2470,2468,2466,2469,1126,2467,882,73],"class_list":["post-1061","post","type-post","status-publish","format-standard","has-post-thumbnail","hentry","category-ultimas-noticias","tag-atras","tag-corte","tag-dar","tag-dialogo","tag-inicia","tag-intencion","tag-marcha","tag-ronda","tag-sin","tag-una"],"_links":{"self":[{"href":"https:\/\/13.com.ar\/index.php\/wp-json\/wp\/v2\/posts\/1061","targetHints":{"allow":["GET"]}}],"collection":[{"href":"https:\/\/13.com.ar\/index.php\/wp-json\/wp\/v2\/posts"}],"about":[{"href":"https:\/\/13.com.ar\/index.php\/wp-json\/wp\/v2\/types\/post"}],"author":[{"embeddable":true,"href":"https:\/\/13.com.ar\/index.php\/wp-json\/wp\/v2\/users\/1"}],"replies":[{"embeddable":true,"href":"https:\/\/13.com.ar\/index.php\/wp-json\/wp\/v2\/comments?post=1061"}],"version-history":[{"count":0,"href":"https:\/\/13.com.ar\/index.php\/wp-json\/wp\/v2\/posts\/1061\/revisions"}],"wp:featuredmedia":[{"embeddable":true,"href":"https:\/\/13.com.ar\/index.php\/wp-json\/wp\/v2\/media\/1062"}],"wp:attachment":[{"href":"https:\/\/13.com.ar\/index.php\/wp-json\/wp\/v2\/media?parent=1061"}],"wp:term":[{"taxonomy":"category","embeddable":true,"href":"https:\/\/13.com.ar\/index.php\/wp-json\/wp\/v2\/categories?post=1061"},{"taxonomy":"post_tag","embeddable":true,"href":"https:\/\/13.com.ar\/index.php\/wp-json\/wp\/v2\/tags?post=1061"}],"curies":[{"name":"wp","href":"https:\/\/api.w.org\/{rel}","templated":true}]}}