{"id":1057,"date":"2025-01-31T19:03:57","date_gmt":"2025-01-31T22:03:57","guid":{"rendered":"https:\/\/13.com.ar\/index.php\/el-pibe-de-las-inferiores-de-ferro-que-dio-rapido-el-salto-al-barcelona\/"},"modified":"2025-01-31T19:03:57","modified_gmt":"2025-01-31T22:03:57","slug":"el-pibe-de-las-inferiores-de-ferro-que-dio-rapido-el-salto-al-barcelona","status":"publish","type":"post","link":"https:\/\/13.com.ar\/index.php\/el-pibe-de-las-inferiores-de-ferro-que-dio-rapido-el-salto-al-barcelona\/","title":{"rendered":"el pibe de las inferiores de Ferro que dio r\u00e1pido el salto al Barcelona"},"content":{"rendered":"<p> <br \/>\n<\/p>\n<div id=\"cuerpo\">\n<div class=\"sc-80531b6b-0 chRIGJ container-text text-embed\">\n<p>El mercado de pases del f\u00fatbol argentino entra en su recta final, e <strong>Independiente busca cerrar las \u00faltimas dos incorporaciones que le pidi\u00f3 Julio Vaccari<\/strong> para completar el plantel con el que afrontar\u00e1 el Torneo Apertura 2025, donde ya hilvan\u00f3 dos victorias consecutivas (2-1 contra Sarmiento y 3-2 frente a Talleres). Los refuerzos que el DT solicit\u00f3 son un defensor central zurdo y un extremo. Por el zaguero est\u00e1n negociando una opci\u00f3n desde el exterior, mientras que por el delantero ya est\u00e1 todo acordado: <strong>Lucas Rom\u00e1n, jugador del Barcelona, llegar\u00e1 a Avellaneda como el noveno refuerzo del Rojo<\/strong>.<\/p>\n<\/div>\n<div class=\"sc-80531b6b-0 chRIGJ container-text text-embed\">\n<p><strong><em>Pocho<\/em><\/strong>, como apodan al joven argentino de 20 a\u00f1os (cumplir\u00e1 21 en febrero), llega en una operaci\u00f3n at\u00edpica. <strong>Independiente se quedar\u00e1 con el 60% de su pase sin costo alguno, mientras que el Barcelona retendr\u00e1 el 30% y el jugador se quedar\u00e1 con el 10%<\/strong>. Adem\u00e1s, el club de Avellaneda adquirir\u00e1 los derechos federativos y firmar\u00e1 un contrato hasta diciembre de 2027. Sin embargo, hay una cl\u00e1usula clave en el acuerdo: si llega una oferta de 5 millones de d\u00f3lares o m\u00e1s, el Rey de Copas estar\u00e1 obligado a venderlo.<\/p>\n<\/div>\n<div class=\"sc-80531b6b-0 chRIGJ container-text text-embed\">\n<p>Surgido <strong>de las inferiores de Ferro<\/strong>, donde brill\u00f3 con solo 18 a\u00f1os, Rom\u00e1n fue vendido al Barcelona por 1,2 millones de euros y una cl\u00e1usula de rescisi\u00f3n de 400 millones. <strong>En el club catal\u00e1n jug\u00f3 para el equipo B<\/strong>, que compite en la tercera divisi\u00f3n del f\u00fatbol espa\u00f1ol. En el inicio de la \u00faltima temporada, fue cedido al Cartagena, equipo de la Segunda Divisi\u00f3n espa\u00f1ola, pero el entrenador <strong>Rafa M\u00e1rquez<\/strong> decidi\u00f3 que no ser\u00e1 tenido en cuenta este a\u00f1o.<\/p>\n<\/div>\n<div class=\"sc-198be8ec-0 cynXbu image-embed  image-embed \"><picture class=\"sc-198be8ec-1 kOjRiQ\"><source media=\"(min-width: 975px)\" width=\"720\" height=\"480\" \/><img alt=\"El ex Ferro, Lucas Pocho Rom\u00e1n, jug\u00f3 en el Barcelona B y luego en Cartagena. Foto: Instagram.\" loading=\"lazy\" width=\"720\" height=\"480\" decoding=\"async\" data-nimg=\"1\" style=\"color:transparent\" src=\"https:\/\/13.com.ar\/wp-content\/uploads\/2025\/01\/el-pibe-de-las-inferiores-de-Ferro-que-dio-rapido.jpg\"\/><span class=\"epigraphe\">El ex Ferro, Lucas Pocho Rom\u00e1n, jug\u00f3 en el Barcelona B y luego en Cartagena. Foto: Instagram.<\/span><span class=\"bkg\"\/><span class=\"picture-open\"><button class=\"open-image\" aria-label=\"Open Image\"\/><\/span><\/picture><\/div>\n<div class=\"sc-80531b6b-0 chRIGJ container-text text-embed\">\n<p>En Ferro, <strong>Pocho disput\u00f3 27 partidos y marc\u00f3 3 goles<\/strong>. En su paso por el Barcelona B, jug\u00f3 31 encuentros y anot\u00f3 2 tantos, mientras que en el Cartagena aport\u00f3 2 goles en 22 partidos. Adem\u00e1s,<strong> cuenta con nacionalidad italiana y ya represent\u00f3 a la Selecci\u00f3n Argentina Sub-20<\/strong>, aunque tambi\u00e9n estuvo en entrenamientos con la Albiceleste bajo el mando de Diego Placente.<\/p>\n<\/div>\n<div class=\"sc-80531b6b-0 chRIGJ container-text text-embed\">\n<p>Rom\u00e1n no figuraba entre las prioridades iniciales de Vaccari. Primero intentaron fichar a Imanol Machuca (finalmente fue a V\u00e9lez), luego a Walter Mazzanti (se qued\u00f3 en Hurac\u00e1n) y, como tercera opci\u00f3n, a Juan Bizans (permanece en Banfield). Tras no concretar esas negociaciones, y con el pedido expl\u00edcito del DT en el vestuario tras el triunfo ag\u00f3nico ante Talleres en C\u00f3rdoba, <strong>Independiente decidi\u00f3 avanzar por el extremo zurdo.<\/strong><\/p>\n<\/div>\n<div class=\"sc-80531b6b-0 chRIGJ container-text text-embed\">\n<p>La llegada de Rom\u00e1n tambi\u00e9n responde a<strong> la lesi\u00f3n de Santiago Montiel<\/strong>, lo que aceler\u00f3 la b\u00fasqueda de un refuerzo para esa posici\u00f3n. En el ataque, Independiente cuenta con varios nombres: Diego Tarzia, Santiago Hidalgo (hoy con la Sub-20 y utilizado como extremo), Santiago L\u00f3pez, Enzo Taborda (a\u00fan no debut\u00f3 en Primera), Brian Mart\u00ednez y Nicol\u00e1s Vallejo. Estos \u00faltimos dos podr\u00edan salir del club si se concretan sus transferencias.<\/p>\n<\/div>\n<div class=\"sc-198be8ec-0 cynXbu image-embed  image-embed \"><picture class=\"sc-198be8ec-1 kOjRiQ\"><source media=\"(min-width: 975px)\" width=\"720\" height=\"480\" \/><img alt=\"Lucas Rom\u00e1n estuvo en la Sub 20, pero finalmente no ir\u00e1 al Sudamericano.\" loading=\"lazy\" width=\"720\" height=\"480\" decoding=\"async\" data-nimg=\"1\" style=\"color:transparent\" src=\"https:\/\/13.com.ar\/wp-content\/uploads\/2025\/01\/1738361037_207_el-pibe-de-las-inferiores-de-Ferro-que-dio-rapido.jpg\"\/><span class=\"epigraphe\">Lucas Rom\u00e1n estuvo en la Sub 20, pero finalmente no ir\u00e1 al Sudamericano.<\/span><span class=\"bkg\"\/><span class=\"picture-open\"><button class=\"open-image\" aria-label=\"Open Image\"\/><\/span><\/picture><\/div>\n<div class=\"sc-80531b6b-0 chRIGJ container-text text-embed\">\n<p>Con Rom\u00e1n, Independiente suma su novena incorporaci\u00f3n en este mercado de pases. Los otros refuerzos son Pablo Galdames, Luciano Cabral, Sebasti\u00e1n Vald\u00e9z, Joaqu\u00edn Bl\u00e1zquez, Nicol\u00e1s Freire, \u00c1lvaro Angulo, Franco Paredes y Rodrigo Fern\u00e1ndez Cedr\u00e9s.<\/p>\n<\/div>\n<\/div>\n<p><br \/>\n<br \/><a href=\"https:\/\/www.clarin.com\/deportes\/independiente-quedo-lucas-pocho-roman-noveno-refuerzo-pibe-inferiores-ferro-dio-rapido-salto-barcelona_0_tAr2fAcIRj.html\">Fuente Clarin.com <\/a><\/p>\n","protected":false},"excerpt":{"rendered":"<p>El mercado de pases del f\u00fatbol argentino entra en su recta final, e Independiente busca cerrar las \u00faltimas dos incorporaciones que le pidi\u00f3 Julio Vaccari para completar el plantel con el que afrontar\u00e1 el Torneo Apertura 2025, donde ya hilvan\u00f3 dos victorias consecutivas (2-1 contra Sarmiento y 3-2 frente a Talleres). Los refuerzos que el [&hellip;]<\/p>\n","protected":false},"author":1,"featured_media":1058,"comment_status":"open","ping_status":"open","sticky":false,"template":"","format":"standard","meta":{"footnotes":""},"categories":[2],"tags":[906,643,2461,2460,48,2459,1160,1311],"class_list":["post-1057","post","type-post","status-publish","format-standard","has-post-thumbnail","hentry","category-ultimas-noticias","tag-barcelona","tag-dio","tag-ferro","tag-inferiores","tag-las","tag-pibe","tag-rapido","tag-salto"],"_links":{"self":[{"href":"https:\/\/13.com.ar\/index.php\/wp-json\/wp\/v2\/posts\/1057","targetHints":{"allow":["GET"]}}],"collection":[{"href":"https:\/\/13.com.ar\/index.php\/wp-json\/wp\/v2\/posts"}],"about":[{"href":"https:\/\/13.com.ar\/index.php\/wp-json\/wp\/v2\/types\/post"}],"author":[{"embeddable":true,"href":"https:\/\/13.com.ar\/index.php\/wp-json\/wp\/v2\/users\/1"}],"replies":[{"embeddable":true,"href":"https:\/\/13.com.ar\/index.php\/wp-json\/wp\/v2\/comments?post=1057"}],"version-history":[{"count":0,"href":"https:\/\/13.com.ar\/index.php\/wp-json\/wp\/v2\/posts\/1057\/revisions"}],"wp:featuredmedia":[{"embeddable":true,"href":"https:\/\/13.com.ar\/index.php\/wp-json\/wp\/v2\/media\/1058"}],"wp:attachment":[{"href":"https:\/\/13.com.ar\/index.php\/wp-json\/wp\/v2\/media?parent=1057"}],"wp:term":[{"taxonomy":"category","embeddable":true,"href":"https:\/\/13.com.ar\/index.php\/wp-json\/wp\/v2\/categories?post=1057"},{"taxonomy":"post_tag","embeddable":true,"href":"https:\/\/13.com.ar\/index.php\/wp-json\/wp\/v2\/tags?post=1057"}],"curies":[{"name":"wp","href":"https:\/\/api.w.org\/{rel}","templated":true}]}}