{"id":1055,"date":"2025-01-31T18:59:09","date_gmt":"2025-01-31T21:59:09","guid":{"rendered":"https:\/\/13.com.ar\/index.php\/que-dijo-milei-en-davos-2025-que-desato-la-marcha-lgbt-contra-la-discriminacion\/"},"modified":"2025-01-31T18:59:09","modified_gmt":"2025-01-31T21:59:09","slug":"que-dijo-milei-en-davos-2025-que-desato-la-marcha-lgbt-contra-la-discriminacion","status":"publish","type":"post","link":"https:\/\/13.com.ar\/index.php\/que-dijo-milei-en-davos-2025-que-desato-la-marcha-lgbt-contra-la-discriminacion\/","title":{"rendered":"Qu\u00e9 dijo Milei en Davos 2025 que desat\u00f3 la marcha LGBT contra la discriminaci\u00f3n"},"content":{"rendered":"<p> <br \/>\n<br \/><img decoding=\"async\" src=\"https:\/\/13.com.ar\/wp-content\/uploads\/2025\/01\/Que-dijo-Milei-en-Davos-2025-que-desato-la-marcha.jpg\" \/><\/p>\n<div>\n<p>Organizaciones LGTBIQ+, feministas y dirigentes pol\u00edticos y sociales marchar\u00e1n este s\u00e1bado 1 de febrero desde el Congreso a la Plaza de Mayo a las 16 en rechazo a las declaraciones del presidente Javier Milei en el Foro Econ\u00f3mico de Davos, donde afirm\u00f3 que <strong>&#8220;en sus versiones m\u00e1s extremas, la ideolog\u00eda de g\u00e9nero constituye lisa y llanamente abuso infantil&#8221;<\/strong> y asoci\u00f3 a parejas homosexuales con la pedofilia.<\/p>\n<\/div>\n<div>\n<p>Dos dias despu\u00e9s del discurso que dio Milei el jueves 23 en Davos, cientos de personas se reunieron en el Parque Lezama, del barrio porte\u00f1o de San Telmo, para \u0093organizar una respuesta colectiva\u0094 al discurso del Presidente contra las diversidades sexuales.<\/p>\n<\/div>\n<div>\n<p>All\u00ed definieron la movilizaci\u00f3n de este s\u00e1bado a la Plaza de Mayo que llevar\u00e1 como consigna: &#8220;Marcha del orgullo antifascista y antirracista&#8221;.<\/p>\n<\/div>\n<div>\n<p><em>&#8220;Vaya tarea que se mandaron con estas aberraciones del aborto. Desde estos foros se promueve la agenda LGBT, queriendo imponernos que las mujeres son hombres y los hombres son mujeres s\u00f3lo si as\u00ed se autoperciben y nada dicen de cuando un hombre se disfraza de mujer y mata a su rival en un ring de boxeo o cuando un preso alega ser mujer y termina violando a cuanta mujer se le cruce por delante en la prisi\u00f3n.<\/em><\/p>\n<\/div>\n<div>\n<p><em>Sin ir m\u00e1s lejos, hace pocas semanas fue noticia en todo el mundo el caso de dos americanos homosexuales que, enarbolando la bandera de la diversidad sexual, y fueron condenados a cien a\u00f1os de prisi\u00f3n por abusar y filmar a sus hijos adoptivos durante m\u00e1s de dos a\u00f1os. Quiero ser claro que cuando digo abusos no es un eufemismo, porque en sus versiones m\u00e1s extremas la ideolog\u00eda de g\u00e9nero constituye lisa y llanamente abuso infantil. Son ped\u00f3filos, por lo tanto quiero saber qui\u00e9n avala esos comportamientos.<\/em><\/p>\n<\/div>\n<div>\n<p><em>Est\u00e1n da\u00f1ando irreversiblemente a ni\u00f1os sanos mediante tratamientos hormonales y mutilaciones, como si un menor de cinco a\u00f1os pudiera prestar su consentimiento a semejante cosa. Y si ocurriera que su familia no est\u00e1 de acuerdo, siempre habr\u00e1 agentes del Estado dispuestos a interceder en favor de lo que ellos llaman el inter\u00e9s del menor. Cr\u00e9anme que los escandalosos experimentos que hoy se realizan en nombre de esta ideolog\u00eda criminal ser\u00e1n condenados y comparados con aquellos ocurridos durante las \u00e9pocas m\u00e1s oscuras de nuestra historia. Y cubriendo esta multitud de pr\u00e1cticas abyectas est\u00e1 el eterno victimismo siempre dispuesto a disparar acusaciones de homofobia o transfobia y otros inventos cuyo \u00fanico prop\u00f3sito es intentar callar a quienes denuncian este esc\u00e1ndalo del que las autoridades nacionales e internacionales son c\u00f3mplices.<\/em><\/p>\n<\/div>\n<div>\n<p><em>Por otro lado, en nuestras empresas, instituciones p\u00fablicas y casas de estudios el m\u00e9rito fue dejado de lado por la doctrina de la diversidad, que implica un retroceso hacia los sistemas nobiliarios de anta\u00f1o. Se inventan cupos para cu\u00e1ntas minor\u00eda se le ocurra a los pol\u00edticos, que lo \u00fanico que hacen es atentar contra la excelencia de esas instituciones. El wokismo tambi\u00e9n ha distorsionado la causa de la inmigraci\u00f3n, la libre circulaci\u00f3n de bienes y personas est\u00e1n en los fundamentos del liberalismo, lo sabemos bien, Argentina y los Estados Unidos y muchos otros pa\u00edses se hicieron grandes por aquellos inmigrantes que dejaron sus tierras de origen en busca de nuevas oportunidades&#8221;.<\/em><\/p>\n<\/div>\n<div>\n<p><em>&#8220;El feminismo radical es una distorsi\u00f3n del concepto de igualdad y a\u00fan en su versi\u00f3n m\u00e1s ben\u00e9vola es redundante, ya que la igualdad ante la ley ya existe en Occidente. Todo lo dem\u00e1s es b\u00fasqueda de privilegios, que es lo que el feminismo radical realmente pretende, poniendo a una mitad de la poblaci\u00f3n en contra de la otra cuando deber\u00edan estar del mismo lado. Llegamos, incluso, al punto de normalizar que muchos pa\u00edses supuestamente civilizados si uno mata a la mujer se llama femicidio, y eso conlleva una pena m\u00e1s grave que si uno mata a un hombre solo por el sexo de la v\u00edctima. Legalizando, de hecho, que la vida de una mujer vale m\u00e1s que la de un hombre, enarbolando la bandera de la brecha salarial de g\u00e9nero, pero cuando uno mira los datos es evidente que no hay desigualdad para una misma tarea, sino que la mayor\u00eda de los hombres tienden a profesiones mejor pagas que la mayor\u00eda de las mujeres. Sin embargo, no se quejan de que la mayor\u00eda de los presos son hombres, ni que la mayor\u00eda de los plomeros son hombres, ni que la mayor\u00eda de las v\u00edctimas de robo o asesinato son hombres y ni que hablar de la mayor\u00eda de las personas que murieron en guerras. <\/em><\/p>\n<\/div>\n<div>\n<p><em>Pero si uno plantea estas cuestiones, desde los medios de comunicaci\u00f3n o incluso desde este foro, nos tildan de mis\u00f3ginos solo por el hecho de defender un principio elemental de la democracia moderna y el Estado de Derecho, que es la igualdad ante la ley y los datos&#8221;. <\/em><\/p>\n<\/div>\n<p><br \/>\n<br \/><a href=\"https:\/\/www.clarin.com\/politica\/dijo-milei-davos-2025-desato-marcha-lgbt-discriminacion_0_vgAQHzDr4b.html\">Fuente Clarin.com <\/a><\/p>\n","protected":false},"excerpt":{"rendered":"<p>Organizaciones LGTBIQ+, feministas y dirigentes pol\u00edticos y sociales marchar\u00e1n este s\u00e1bado 1 de febrero desde el Congreso a la Plaza de Mayo a las 16 en rechazo a las declaraciones del presidente Javier Milei en el Foro Econ\u00f3mico de Davos, donde afirm\u00f3 que &#8220;en sus versiones m\u00e1s extremas, la ideolog\u00eda de g\u00e9nero constituye lisa y [&hellip;]<\/p>\n","protected":false},"author":1,"featured_media":1056,"comment_status":"open","ping_status":"open","sticky":false,"template":"","format":"standard","meta":{"footnotes":""},"categories":[2],"tags":[835,1585,2457,1572,2458,2050,1126,77,286],"class_list":["post-1055","post","type-post","status-publish","format-standard","has-post-thumbnail","hentry","category-ultimas-noticias","tag-contra","tag-davos","tag-desato","tag-dijo","tag-discriminacion","tag-lgbt","tag-marcha","tag-milei","tag-que"],"_links":{"self":[{"href":"https:\/\/13.com.ar\/index.php\/wp-json\/wp\/v2\/posts\/1055","targetHints":{"allow":["GET"]}}],"collection":[{"href":"https:\/\/13.com.ar\/index.php\/wp-json\/wp\/v2\/posts"}],"about":[{"href":"https:\/\/13.com.ar\/index.php\/wp-json\/wp\/v2\/types\/post"}],"author":[{"embeddable":true,"href":"https:\/\/13.com.ar\/index.php\/wp-json\/wp\/v2\/users\/1"}],"replies":[{"embeddable":true,"href":"https:\/\/13.com.ar\/index.php\/wp-json\/wp\/v2\/comments?post=1055"}],"version-history":[{"count":0,"href":"https:\/\/13.com.ar\/index.php\/wp-json\/wp\/v2\/posts\/1055\/revisions"}],"wp:featuredmedia":[{"embeddable":true,"href":"https:\/\/13.com.ar\/index.php\/wp-json\/wp\/v2\/media\/1056"}],"wp:attachment":[{"href":"https:\/\/13.com.ar\/index.php\/wp-json\/wp\/v2\/media?parent=1055"}],"wp:term":[{"taxonomy":"category","embeddable":true,"href":"https:\/\/13.com.ar\/index.php\/wp-json\/wp\/v2\/categories?post=1055"},{"taxonomy":"post_tag","embeddable":true,"href":"https:\/\/13.com.ar\/index.php\/wp-json\/wp\/v2\/tags?post=1055"}],"curies":[{"name":"wp","href":"https:\/\/api.w.org\/{rel}","templated":true}]}}