{"id":1051,"date":"2025-01-31T18:35:27","date_gmt":"2025-01-31T21:35:27","guid":{"rendered":"https:\/\/13.com.ar\/index.php\/el-calendario-de-pagos-completo-de-febrero-de-2025\/"},"modified":"2025-01-31T18:35:27","modified_gmt":"2025-01-31T21:35:27","slug":"el-calendario-de-pagos-completo-de-febrero-de-2025","status":"publish","type":"post","link":"https:\/\/13.com.ar\/index.php\/el-calendario-de-pagos-completo-de-febrero-de-2025\/","title":{"rendered":"el calendario de pagos completo de febrero de 2025"},"content":{"rendered":"<p> <br \/>\n<br \/><img decoding=\"async\" src=\"https:\/\/13.com.ar\/wp-content\/uploads\/2025\/01\/el-calendario-de-pagos-completo-de-febrero-de-2025.jpg\" \/><\/p>\n<div>\n<p>Los <strong>jubilados y pensionados<\/strong> que reciben sus haberes por parte de la <strong>Administraci\u00f3n Nacional de la Seguridad Social (ANSeS)<\/strong> tendr\u00e1n un aumento del<strong> 2,7% en el mes de febrero de 2025 <\/strong>seg\u00fan lo establece la f\u00f3rmula del \u00cdndice de Precios al Consumidor (IPC) de diciembre. Teniendo en cuenta que contin\u00faa el bono de $70.000, la <strong>jubilaci\u00f3n m\u00ednima <\/strong>se ubicar\u00e1 en <strong>$343.086,50.<\/strong><\/p>\n<\/div>\n<div>\n<p>La noticia de la continuaci\u00f3n del bono de $70.000<strong> <\/strong>se confirm\u00f3 a trav\u00e9s de la Resoluci\u00f3n 1122\/2024, publicada en el Bolet\u00edn Oficial junto con la firma de Mariano de los Heros, titular de la Anses.<\/p>\n<\/div>\n<div>\n<p>\u201cLas jubilaciones y pensiones que no superen los $343.086,50 recibir\u00e1n un bono proporcional hasta alcanzar ese monto. Las prestaciones previsionales, con el bono de $70.000 incluido, quedan as\u00ed: Pensi\u00f3n Universal para el Adulto Mayor (PUAM) pasa a ser de $288.469,20, la Pensi\u00f3n No Contributiva por Invalidez y la Pensi\u00f3n por Vejez a $261.160,55, y la Pensi\u00f3n Madre de 7 hijos pasa a ser de $343.086,50\u201d, comparte el <strong>comunicado de Anses <\/strong>sobre los cobros de febrero.<\/p>\n<\/div>\n<div>\n<p>Estos pagos comenzar\u00e1n a partir del <strong>10 de febrero y<\/strong> se repartir\u00e1n a partir del \u00faltimo n\u00famero del DNI, con prioridad de pago para los montos menores, <strong>comenzando con las PNC, las Asignaciones Familiares de PNC,<\/strong> y seguido por la Asignaci\u00f3n Universal por Hijo (AUH), la Asignaci\u00f3n Universal por Embarazo (AUE) y la Asignaci\u00f3n Prenatal, entre otros.<\/p>\n<\/div>\n<p><h2>Jubilaciones y pensiones que no superen los haberes m\u00ednimos: \u00bfcu\u00e1ndo cobran en febrero de 2025?<\/h2>\n<\/p>\n<p><h2>Jubilaciones y pensiones que superen un haber m\u00ednimo: \u00bfcu\u00e1ndo cobran en febrero de 2025?<\/h2>\n<\/p>\n<p><h2>Asignaci\u00f3n Universal por Hijo y Asignaci\u00f3n Familiar por Hijo: \u00bfcu\u00e1ndo cobran en febrero de 2025?<\/h2>\n<\/p>\n<p><h2>Asignaciones Pago \u00danico (matrimonio, adopci\u00f3n y nacimiento): \u00bfcu\u00e1ndo cobran en febrero de 2025?<\/h2>\n<\/p>\n<p><h2>Asignaciones Familiares de Pensiones No Contributivas: \u00bfcu\u00e1ndo cobran en febrero de 2025?<\/h2>\n<\/p>\n<p><br \/>\n<br \/><a href=\"https:\/\/www.clarin.com\/informacion-general\/anses-cobro-calendario-pagos-completo-febrero-2025_0_rOH7XlUU1S.html\">Fuente Clarin.com <\/a><\/p>\n","protected":false},"excerpt":{"rendered":"<p>Los jubilados y pensionados que reciben sus haberes por parte de la Administraci\u00f3n Nacional de la Seguridad Social (ANSeS) tendr\u00e1n un aumento del 2,7% en el mes de febrero de 2025 seg\u00fan lo establece la f\u00f3rmula del \u00cdndice de Precios al Consumidor (IPC) de diciembre. Teniendo en cuenta que contin\u00faa el bono de $70.000, la [&hellip;]<\/p>\n","protected":false},"author":1,"featured_media":1052,"comment_status":"open","ping_status":"open","sticky":false,"template":"","format":"standard","meta":{"footnotes":""},"categories":[2],"tags":[2453,1471,1823,2454],"class_list":["post-1051","post","type-post","status-publish","format-standard","has-post-thumbnail","hentry","category-ultimas-noticias","tag-calendario","tag-completo","tag-febrero","tag-pagos"],"_links":{"self":[{"href":"https:\/\/13.com.ar\/index.php\/wp-json\/wp\/v2\/posts\/1051","targetHints":{"allow":["GET"]}}],"collection":[{"href":"https:\/\/13.com.ar\/index.php\/wp-json\/wp\/v2\/posts"}],"about":[{"href":"https:\/\/13.com.ar\/index.php\/wp-json\/wp\/v2\/types\/post"}],"author":[{"embeddable":true,"href":"https:\/\/13.com.ar\/index.php\/wp-json\/wp\/v2\/users\/1"}],"replies":[{"embeddable":true,"href":"https:\/\/13.com.ar\/index.php\/wp-json\/wp\/v2\/comments?post=1051"}],"version-history":[{"count":0,"href":"https:\/\/13.com.ar\/index.php\/wp-json\/wp\/v2\/posts\/1051\/revisions"}],"wp:featuredmedia":[{"embeddable":true,"href":"https:\/\/13.com.ar\/index.php\/wp-json\/wp\/v2\/media\/1052"}],"wp:attachment":[{"href":"https:\/\/13.com.ar\/index.php\/wp-json\/wp\/v2\/media?parent=1051"}],"wp:term":[{"taxonomy":"category","embeddable":true,"href":"https:\/\/13.com.ar\/index.php\/wp-json\/wp\/v2\/categories?post=1051"},{"taxonomy":"post_tag","embeddable":true,"href":"https:\/\/13.com.ar\/index.php\/wp-json\/wp\/v2\/tags?post=1051"}],"curies":[{"name":"wp","href":"https:\/\/api.w.org\/{rel}","templated":true}]}}