{"id":1049,"date":"2025-01-31T18:20:36","date_gmt":"2025-01-31T21:20:36","guid":{"rendered":"https:\/\/13.com.ar\/index.php\/tras-el-crimen-del-delivery-la-intendenta-de-moreno-vinculo-los-hechos-de-inseguridad-con-la-situacion-economica-y-reclamo-fondos\/"},"modified":"2025-01-31T18:20:36","modified_gmt":"2025-01-31T21:20:36","slug":"tras-el-crimen-del-delivery-la-intendenta-de-moreno-vinculo-los-hechos-de-inseguridad-con-la-situacion-economica-y-reclamo-fondos","status":"publish","type":"post","link":"https:\/\/13.com.ar\/index.php\/tras-el-crimen-del-delivery-la-intendenta-de-moreno-vinculo-los-hechos-de-inseguridad-con-la-situacion-economica-y-reclamo-fondos\/","title":{"rendered":"Tras el crimen del delivery, la intendenta de Moreno vincul\u00f3 los hechos de inseguridad con la situaci\u00f3n econ\u00f3mica y reclam\u00f3 fondos"},"content":{"rendered":"<p> <br \/>\n<br \/><img decoding=\"async\" src=\"https:\/\/13.com.ar\/wp-content\/uploads\/2025\/01\/Tras-el-crimen-del-delivery-la-intendenta-de-Moreno-vinculo.jpg\" \/><\/p>\n<div>\n<p><strong>Mariel Fern\u00e1ndez<\/strong>, intendenta de Moreno, habl\u00f3 este viernes sobre la ola de inseguridad y violencia en su municipio, en medio de la cual murieron tres personas en las \u00faltimas horas. La jefa comunal vincul\u00f3 estos episodios con la situaci\u00f3n econ\u00f3mica y reclam\u00f3 fondos de seguridad.<\/p>\n<\/div>\n<div>\n<p>&#8220;La mayor\u00eda de los hechos no son en ocasi\u00f3n de robo, sino por peleas interfamiliares o violencia en la calle. Notamos que <strong>las personas est\u00e1n muy violentas, no sabemos si producto de la situaci\u00f3n econ\u00f3mica<\/strong>, lo que genera un malestar, y reaccionan de esta manera&#8221;, dijo Fern\u00e1ndez.<\/p>\n<\/div>\n<div>\n<p>La intendenta tambi\u00e9n se\u00f1al\u00f3 al Gobierno nacional por la <strong>ausencia de fondos<\/strong> con los que contaban antes para &#8220;equipar a la polic\u00eda&#8221;.<\/p>\n<\/div>\n<div>\n<p>&#8220;Es dif\u00edcil cuando se te rompen los patrulleros y no los pod\u00e9s reponer. Compramos 12 patrulleros para salir en estos d\u00edas. No damos abasto&#8221;, continu\u00f3.<\/p>\n<\/div>\n<div>\n<p>&#8220;Estamos hablando con (Javier) Alonso, de Seguridad de la Provincia, y con el gobernador (Axel) Kicillof para ver c\u00f3mo resolvemos este problema, que por supuesto es muy dif\u00edcil hacernos cargo de esos gastos&#8221;, a\u00f1adi\u00f3 Fern\u00e1ndez, en di\u00e1logo con <em>Cr\u00f3nica TV<\/em>.<\/p>\n<\/div>\n<div>\n<p>Y a\u00f1adi\u00f3: &#8220;Nosotros bajamos los \u00edndices de homicidio desde que llegu\u00e9. En 2024 bajamos 30 % con respecto a 2023&#8221;.<\/p>\n<\/div>\n<div>\n<p>La jefa comunal de Moreno, en el municipio desde 2019, se refiri\u00f3 as\u00ed a la ola de ataques y asaltos en las calles del partido, que entre la madrugada del mi\u00e9rcoles y la tarde del jueves se cobr\u00f3 la vida de tres personas.<\/p>\n<\/div>\n<div>\n<p>Todo comenz\u00f3 el mi\u00e9rcoles pasadas las 5, cuando un polic\u00eda de la Ciudad fue abordado por tres motochorros. El agente porte\u00f1o se enfrent\u00f3 con los ladrones e hiri\u00f3 de bala a dos de ellos. Uno, de 18 a\u00f1os, entr\u00f3 sin vida al hospital municipal, adonde otro joven, de 15 a\u00f1os, ingres\u00f3 herido y actualmente se encuentra fuera de peligro. El tercero, de 16, contin\u00faa pr\u00f3fugo.<\/p>\n<\/div>\n<div>\n<p>El jueves, tambi\u00e9n cerca de las 5 de la ma\u00f1ana, <strong>Pablo Bartoli<\/strong> (38) estaba por llegar a su trabajo en Cuartel V, tambi\u00e9n en Moreno, cuando fue interceptado por dos motochorros para robarle su propia moto. Le dispararon por la espalda. El tiro entr\u00f3 por el om\u00f3plato izquierdo y le caus\u00f3 la muerte de manera casi instant\u00e1nea.<\/p>\n<\/div>\n<div>\n<p>Ese mismo d\u00eda, pero en horas de la tarde, Lucas Aguilar (20) intercedi\u00f3 en una pelea entre un vendedor ambulante y un transe\u00fante. Aguilar y otros compa\u00f1eros de reparto corrieron al vendedor, luego de que \u00e9ste lastimara al otro hombre. Lucas qued\u00f3 cara a cara con \u00e9l y lo enfrent\u00f3, pero se desvaneci\u00f3 y muri\u00f3 tras recibir siete pu\u00f1aladas.<\/p>\n<\/div>\n<div>\n<p>Tras ese crimen, compa\u00f1eros y familiares de la v\u00edctima fatal protestaron frente a la Municipalidad. Arrojaron piedras y destrozaron patrulleros, por lo que la Polic\u00eda detuvo a 19 manifestantes.<\/p>\n<\/div>\n<p><br \/>\n<br \/><a href=\"https:\/\/www.clarin.com\/politica\/crimen-delivery-intendenta-moreno-vinculo-hechos-inseguridad-situacion-economica-reclamo-fondos_0_A9k4LtGl2h.html\">Fuente Clarin.com <\/a><\/p>\n","protected":false},"excerpt":{"rendered":"<p>Mariel Fern\u00e1ndez, intendenta de Moreno, habl\u00f3 este viernes sobre la ola de inseguridad y violencia en su municipio, en medio de la cual murieron tres personas en las \u00faltimas horas. La jefa comunal vincul\u00f3 estos episodios con la situaci\u00f3n econ\u00f3mica y reclam\u00f3 fondos de seguridad. &#8220;La mayor\u00eda de los hechos no son en ocasi\u00f3n de [&hellip;]<\/p>\n","protected":false},"author":1,"featured_media":1050,"comment_status":"open","ping_status":"open","sticky":false,"template":"","format":"standard","meta":{"footnotes":""},"categories":[2],"tags":[18,369,100,2101,2451,2452,2450,2381,2383,28,1383,43,2233,312,2449],"class_list":["post-1049","post","type-post","status-publish","format-standard","has-post-thumbnail","hentry","category-ultimas-noticias","tag-con","tag-crimen","tag-del","tag-delivery","tag-economica","tag-fondos","tag-hechos","tag-inseguridad","tag-intendenta","tag-los","tag-moreno","tag-reclamo","tag-situacion","tag-tras","tag-vinculo"],"_links":{"self":[{"href":"https:\/\/13.com.ar\/index.php\/wp-json\/wp\/v2\/posts\/1049","targetHints":{"allow":["GET"]}}],"collection":[{"href":"https:\/\/13.com.ar\/index.php\/wp-json\/wp\/v2\/posts"}],"about":[{"href":"https:\/\/13.com.ar\/index.php\/wp-json\/wp\/v2\/types\/post"}],"author":[{"embeddable":true,"href":"https:\/\/13.com.ar\/index.php\/wp-json\/wp\/v2\/users\/1"}],"replies":[{"embeddable":true,"href":"https:\/\/13.com.ar\/index.php\/wp-json\/wp\/v2\/comments?post=1049"}],"version-history":[{"count":0,"href":"https:\/\/13.com.ar\/index.php\/wp-json\/wp\/v2\/posts\/1049\/revisions"}],"wp:featuredmedia":[{"embeddable":true,"href":"https:\/\/13.com.ar\/index.php\/wp-json\/wp\/v2\/media\/1050"}],"wp:attachment":[{"href":"https:\/\/13.com.ar\/index.php\/wp-json\/wp\/v2\/media?parent=1049"}],"wp:term":[{"taxonomy":"category","embeddable":true,"href":"https:\/\/13.com.ar\/index.php\/wp-json\/wp\/v2\/categories?post=1049"},{"taxonomy":"post_tag","embeddable":true,"href":"https:\/\/13.com.ar\/index.php\/wp-json\/wp\/v2\/tags?post=1049"}],"curies":[{"name":"wp","href":"https:\/\/api.w.org\/{rel}","templated":true}]}}