{"id":1047,"date":"2025-01-31T18:17:38","date_gmt":"2025-01-31T21:17:38","guid":{"rendered":"https:\/\/13.com.ar\/index.php\/matias-ale-ayudo-a-detener-a-dos-mecheras-en-la-peatonal-de-mar-del-plata-todos-los-detalles\/"},"modified":"2025-01-31T18:17:38","modified_gmt":"2025-01-31T21:17:38","slug":"matias-ale-ayudo-a-detener-a-dos-mecheras-en-la-peatonal-de-mar-del-plata-todos-los-detalles","status":"publish","type":"post","link":"https:\/\/13.com.ar\/index.php\/matias-ale-ayudo-a-detener-a-dos-mecheras-en-la-peatonal-de-mar-del-plata-todos-los-detalles\/","title":{"rendered":"Mat\u00edas Al\u00e9 ayud\u00f3 a detener a dos mecheras en la peatonal de Mar del Plata: todos los detalles"},"content":{"rendered":"<p> <br \/>\n<\/p>\n<div id=\"cuerpo\">\n<div class=\"sc-80531b6b-0 chRIGJ container-text text-embed\">\n<p>En plena temporada teatral en Mar del Plata con <em>Los sospechosos del piso 10<\/em>, <strong>Mat\u00edas Al\u00e9<\/strong> <strong>protagoniz\u00f3 un ins\u00f3lito episodio fuera del teatro al detectar dos mecheras<\/strong> y no solo denunci\u00f3 el hecho, sino que adem\u00e1s <strong>logr\u00f3 retener a las sospechosas hasta la llegada de la polic\u00eda.<\/strong><\/p>\n<\/div>\n<div class=\"sc-80531b6b-0 chRIGJ container-text text-embed\">\n<p>Seg\u00fan trascendi\u00f3, todo comenz\u00f3 el jueves 30 de enero. Al rededor de las 22.30 hs, el actor sali\u00f3 a saludar al p\u00fablico que aguardaba tras la funci\u00f3n de la obra que dirige y protagoniza junto a <em>Adriana Brodsky, Fabi\u00e1n Gianola, su actual pareja Martina Vignolo, Mart\u00edn Coggi, Vanesa Wasinger <\/em>y <em>Machi Brunetti. <\/em><\/p>\n<\/div>\n<div class=\"sc-80531b6b-0 chRIGJ container-text text-embed\">\n<p>De esta manera, mientras se sacaba fotos y lo elogiaban por su labor en el espect\u00e1culo, supo de las denuncias de los transe\u00fantes sobre las presuntas delincuentes que estaban robando en las inmediaciones del teatro.<\/p>\n<\/div>\n<div class=\"sc-80531b6b-0 chRIGJ container-text text-embed\">\n<p><strong>Al detectarlas en la salida de la obra, las intercept\u00f3 y llam\u00f3 a la polic\u00eda<\/strong>. Adem\u00e1s, <strong>Mat\u00edas tambi\u00e9n contuvo a las sospechosas <\/strong>en la esquina de Rivadavia y Santa Fe <strong>hasta que el personal de Infanter\u00eda arrib\u00f3 al lugar<\/strong>, y se encarg\u00f3 de la detenci\u00f3n. <\/p>\n<\/div>\n<div class=\"sc-80531b6b-0 chRIGJ container-text text-embed\">\n<p>El despliegue policial y la presencia del actor atrajeron a una multitud en las inmediaciones del teatro. As\u00ed, numerosos testigos se reunieron para observar lo ocurrido y grabar la secuencia, capturando a Al\u00e9 en el centro de un c\u00edrculo con las dos mujeres acusadas de robo.<\/p>\n<\/div>\n<div class=\"sc-80531b6b-0 chRIGJ container-text text-embed\">\n<p>Las im\u00e1genes, que no tardaron en hacerse virales en redes sociales, muestran el momento en que el personal policial lleg\u00f3 al lugar e identific\u00f3 a las mecheras de 23 y 49 a\u00f1os, procedentes de Tucum\u00e1n.<\/p>\n<\/div>\n<div class=\"sc-198be8ec-0 cynXbu image-embed  image-embed \"><picture class=\"sc-198be8ec-1 kOjRiQ\"><source media=\"(min-width: 975px)\" width=\"720\" height=\"480\" \/><img alt=\"Mat\u00edas Al\u00e9 ayud\u00f3 a detener a dos mecheras en Mar del Plata.\" loading=\"lazy\" width=\"720\" height=\"480\" decoding=\"async\" data-nimg=\"1\" style=\"color:transparent\" src=\"https:\/\/13.com.ar\/wp-content\/uploads\/2025\/01\/Matias-Ale-ayudo-a-detener-a-dos-mecheras-en-la.jpg\"\/><span class=\"epigraphe\">Mat\u00edas Al\u00e9 ayud\u00f3 a detener a dos mecheras en Mar del Plata.<\/span><span class=\"bkg\"\/><span class=\"picture-open\"><button class=\"open-image\" aria-label=\"Open Image\"\/><\/span><\/picture><\/div>\n<div class=\"sc-80531b6b-0 chRIGJ container-text text-embed\">\n<p>All\u00ed, entre la multitud, varios presentes las apuntaron como responsables de varios hurtos e incluso afirmaron que hab\u00edan estado robando pertenencias en la v\u00eda p\u00fablica. <strong>&#8220;Son esas&#8221;<\/strong>, se lo escuch\u00f3 decir en la grabaci\u00f3n donde se lo pudo ver observando la aprehensi\u00f3n de las mujeres en cuesti\u00f3n. <\/p>\n<\/div>\n<div class=\"sc-80531b6b-0 chRIGJ container-text text-embed\">\n<p>Por su parte, Al\u00e9 habr\u00eda reconocido a las delincuentes, ya que d\u00edas atr\u00e1s le robaron  a Tony Coggi, su compa\u00f1ero de la propuesta teatral. <\/p>\n<\/div>\n<div class=\"sc-80531b6b-0 chRIGJ container-text text-embed\">\n<p>\u201cHace 15 d\u00edas que vienen robando sistem\u00e1ticamente en la puerta del teatro cuando se junta gente a pedir fotos\u201d, le asegur\u00f3 el actor en di\u00e1logo con El Marplatense.<\/p>\n<\/div>\n<p><h2>Tras confirmar el compromiso, Mat\u00edas Al\u00e9 revel\u00f3 cuando se casar\u00e1 con su novia, Martina Vignolo<\/h2>\n<\/p>\n<div class=\"sc-80531b6b-0 chRIGJ container-text text-embed\">\n<p><strong>Mat\u00edas Al\u00e9 <\/strong>(46) no solo est\u00e1 enfocado en su carrera profesional sino tambi\u00e9n en su casamiento con su novia, <strong>Martina Vignolo<\/strong> (22) con quien planea contraer matrimonio a finales de 2025. <\/p>\n<\/div>\n<div class=\"sc-80531b6b-0 chRIGJ container-text text-embed\">\n<p>Tras la rom\u00e1ntica propuesta que le hizo en junio durante la ceremonia de los Premios Mart\u00edn Fierro Federal en Mendoza, el actor revel\u00f3 la fecha que eligieron para oficializar su amor. <\/p>\n<\/div>\n<div class=\"sc-ad4aedf2-0 dPPgNJ border-video video-embed horizontal border-video video-embed horizontal\">\n<div class=\"sc-ad4aedf2-1 hnFuni videoText videoText\">\n<h2>Video<\/h2>\n<p>As\u00ed confirm\u00f3 Mat\u00edas Al\u00e9 la fecha de su casamiento con Martina Vignolo<\/p>\n<\/div>\n<\/div>\n<div class=\"sc-80531b6b-0 chRIGJ container-text text-embed\">\n<p>&#8220;<strong>Las cosas se dan como se tienen que dar. <\/strong>Si te pasa, sucede y se conectan las almas. A nosotros nos pas\u00f3 varias veces, que nos hemos mirado durante 15 segundos en silencio y nos conectamos con el alma. Por eso dije que s\u00ed, nos merecemos esto&#8221;, reflexion\u00f3 Al\u00e9 en di\u00e1logo con el ciclo televisivo Re Despiertos (TN).<\/p>\n<\/div>\n<div class=\"sc-80531b6b-0 chRIGJ container-text text-embed\">\n<p>Entonces, Mat\u00edas revel\u00f3 que <strong>la ceremonia por iglesia se realizar\u00eda en Mar del Plata<\/strong>. &#8220;Ya tenemos fecha y est\u00e1n todos invitados&#8221;, asegur\u00f3. De esta manera, su novia tom\u00f3 la palabra para confirmar: &#8220;<strong>Va a ser el 25 de octubre del 2025\u2033. <\/strong><\/p>\n<\/div>\n<div class=\"sc-80531b6b-0 chRIGJ container-text text-embed\">\n<p>No obstante, en <em>Poco Correctos<\/em> (El Trece), el exnovio de Graciela Alfano y Silvina Escudero cont\u00f3 que <strong>el civil estar\u00eda pensado para realizarse en La Bombonera.<\/strong><\/p>\n<\/div>\n<\/div>\n<p><br \/>\n<br \/><a href=\"https:\/\/www.clarin.com\/fama\/matias-ale-ayudo-detener-mecheras-peatonal-mar-plata-detalles_0_Y2cSMKcnZ9.html\">Fuente Clarin.com <\/a><\/p>\n","protected":false},"excerpt":{"rendered":"<p>En plena temporada teatral en Mar del Plata con Los sospechosos del piso 10, Mat\u00edas Al\u00e9 protagoniz\u00f3 un ins\u00f3lito episodio fuera del teatro al detectar dos mecheras y no solo denunci\u00f3 el hecho, sino que adem\u00e1s logr\u00f3 retener a las sospechosas hasta la llegada de la polic\u00eda. Seg\u00fan trascendi\u00f3, todo comenz\u00f3 el jueves 30 de [&hellip;]<\/p>\n","protected":false},"author":1,"featured_media":1048,"comment_status":"open","ping_status":"open","sticky":false,"template":"","format":"standard","meta":{"footnotes":""},"categories":[2],"tags":[2445,2446,100,924,1898,59,28,537,2444,2447,2448,255,923],"class_list":["post-1047","post","type-post","status-publish","format-standard","has-post-thumbnail","hentry","category-ultimas-noticias","tag-ale","tag-ayudo","tag-del","tag-detalles","tag-detener","tag-dos","tag-los","tag-mar","tag-matias","tag-mecheras","tag-peatonal","tag-plata","tag-todos"],"_links":{"self":[{"href":"https:\/\/13.com.ar\/index.php\/wp-json\/wp\/v2\/posts\/1047","targetHints":{"allow":["GET"]}}],"collection":[{"href":"https:\/\/13.com.ar\/index.php\/wp-json\/wp\/v2\/posts"}],"about":[{"href":"https:\/\/13.com.ar\/index.php\/wp-json\/wp\/v2\/types\/post"}],"author":[{"embeddable":true,"href":"https:\/\/13.com.ar\/index.php\/wp-json\/wp\/v2\/users\/1"}],"replies":[{"embeddable":true,"href":"https:\/\/13.com.ar\/index.php\/wp-json\/wp\/v2\/comments?post=1047"}],"version-history":[{"count":0,"href":"https:\/\/13.com.ar\/index.php\/wp-json\/wp\/v2\/posts\/1047\/revisions"}],"wp:featuredmedia":[{"embeddable":true,"href":"https:\/\/13.com.ar\/index.php\/wp-json\/wp\/v2\/media\/1048"}],"wp:attachment":[{"href":"https:\/\/13.com.ar\/index.php\/wp-json\/wp\/v2\/media?parent=1047"}],"wp:term":[{"taxonomy":"category","embeddable":true,"href":"https:\/\/13.com.ar\/index.php\/wp-json\/wp\/v2\/categories?post=1047"},{"taxonomy":"post_tag","embeddable":true,"href":"https:\/\/13.com.ar\/index.php\/wp-json\/wp\/v2\/tags?post=1047"}],"curies":[{"name":"wp","href":"https:\/\/api.w.org\/{rel}","templated":true}]}}