{"id":10465,"date":"2025-03-06T06:29:51","date_gmt":"2025-03-06T09:29:51","guid":{"rendered":"https:\/\/13.com.ar\/index.php\/despues-del-final-retrata-a-una-de-las-mas-reconocidas-hacedoras-de-cultura-de-la-argentina\/"},"modified":"2025-03-06T06:29:51","modified_gmt":"2025-03-06T09:29:51","slug":"despues-del-final-retrata-a-una-de-las-mas-reconocidas-hacedoras-de-cultura-de-la-argentina","status":"publish","type":"post","link":"https:\/\/13.com.ar\/index.php\/despues-del-final-retrata-a-una-de-las-mas-reconocidas-hacedoras-de-cultura-de-la-argentina\/","title":{"rendered":"Despu\u00e9s del final retrata a una de las m\u00e1s reconocidas hacedoras de cultura de la Argentina"},"content":{"rendered":"<p> <br \/>\n<\/p>\n<div id=\"cuerpo\">\n<div class=\"sc-80531b6b-0 chRIGJ container-text text-embed\">\n<p>En su nuevo filme, <em>Despu\u00e9s del final<\/em>, Pablo C\u00e9sar se inspira en la vida real de <strong>Luz Fern\u00e1ndez de Castillo<\/strong>, Personalidad Destacada de la Cultura de la Ciudad de Buenos Aires<\/p>\n<\/div>\n<div class=\"sc-80531b6b-0 chRIGJ container-text text-embed\">\n<p>C\u00e9sar es un director y guionista de cine independiente que comenz\u00f3 su carrera rodando diferentes cortometrajes en formato Super 8 para m\u00e1s tarde volcarse al largometraje en 35 mm. Ha dirigido 18 largos y es pionero en desarrollar coproducciones entre nuestro pa\u00eds y naciones de \u00c1frica y Asia del Sur, siendo el primer director argentino en realizar coproducciones con la India. Ha filmado en lugares tan ex\u00f3ticos como T\u00fanez, Cabo Verde, Mal\u00ed, Ben\u00edn, Angola, Etiop\u00eda, Namibia y Marruecos.<\/p>\n<\/div>\n<div class=\"sc-80531b6b-0 chRIGJ container-text text-embed\">\n<p>En esta ocasi\u00f3n, se interes\u00f3 por hacer una traslaci\u00f3n cinematogr\u00e1fica de la vida de una de las m\u00e1s reconocidas hacedoras de cultura de la Argentina, la pintora, escritora y galerista Luz Fern\u00e1ndez, quien, aproxim\u00e1ndose a los noventa a\u00f1os, decidi\u00f3, a instancias del cineasta, ponerse frente a una c\u00e1mara, actuar, recrear sus memorias y dejar su legado a trav\u00e9s de un personaje llamado Gloria que encarna con mucha personalidad y buen decir.<\/p>\n<\/div>\n<p><h2>Rodeada de artistas<\/h2>\n<\/p>\n<div class=\"sc-80531b6b-0 chRIGJ container-text text-embed\">\n<p>La biopic, que se estren\u00f3 oficialmente en septiembre pasado en el marco de la 33\u00b0 edici\u00f3n del Festival Biarritz-Amerique Latine de cine latinoamericano, busca indagar en sus primeros a\u00f1os de vida, la p\u00e9rdida prematura de su madre, su infancia transcurrida junto a su padre espa\u00f1ol, un andaluz que fue propietario de una librer\u00eda y le ense\u00f1\u00f3 a leer, el abuso sufrido siendo peque\u00f1a, y la adolescencia rodeada de artistas como el legendario Miguel de Molina y el proverbial bailar\u00edn Angel Pericet.<\/p>\n<\/div>\n<div class=\"sc-198be8ec-0 cynXbu image-embed  image-embed \"><picture class=\"sc-198be8ec-1 kOjRiQ\"><source media=\"(min-width: 975px)\" width=\"720\" height=\"480\" \/><img alt=\"Luz, la pintora, escritora y galerista, act\u00faa y recrea sus memorias.\" loading=\"lazy\" width=\"720\" height=\"480\" decoding=\"async\" data-nimg=\"1\" style=\"color:transparent\" src=\"https:\/\/13.com.ar\/wp-content\/uploads\/2025\/03\/Despues-del-final-retrata-a-una-de-las-mas-reconocidas.jpg\"\/><span class=\"epigraphe\">Luz, la pintora, escritora y galerista, act\u00faa y recrea sus memorias.<\/span><span class=\"bkg\"\/><span class=\"picture-open\"><button class=\"open-image\" aria-label=\"Open Image\"\/><\/span><\/picture><\/div>\n<div class=\"sc-80531b6b-0 chRIGJ container-text text-embed\">\n<p>Tambi\u00e9n, el descubrimiento del amor junto a Andr\u00e9s, su futuro esposo con el que estuvo casada durante m\u00e1s de sesenta a\u00f1os y quien un d\u00eda decidi\u00f3 dejarla y alejarse del pa\u00eds, su amistad con Marita, su mejor amiga, la inauguraci\u00f3n de la reconocida galer\u00eda ArtexArte en el barrio de Belgrano y su presente, antes de que \u201cel duende lorquiano\u201d, como ella dice, inevitablemente, gane la partida.<\/p>\n<\/div>\n<div class=\"sc-80531b6b-0 chRIGJ container-text text-embed\">\n<p>As\u00ed, alternando entre la recreaci\u00f3n del pasado en blanco y negro y el presente en color, es posible advertir c\u00f3mo la pasi\u00f3n por el arte, la pintura, la fotograf\u00eda, la filosof\u00eda y todas las disciplinas en las que se involucr\u00f3, contribuyeron a sobrellevar con mucha dignidad una vida con varios altibajos.<\/p>\n<\/div>\n<div class=\"sc-198be8ec-0 cynXbu image-embed  image-embed \"><picture class=\"sc-198be8ec-1 kOjRiQ\"><source media=\"(min-width: 975px)\" width=\"720\" height=\"480\" \/><img alt=\"Luz Castillo junto al recordado H\u00e9ctor Bidonde, en la que ser\u00eda su \u00faltima interpretaci\u00f3n en el cine.\" loading=\"lazy\" width=\"720\" height=\"480\" decoding=\"async\" data-nimg=\"1\" style=\"color:transparent\" src=\"https:\/\/13.com.ar\/wp-content\/uploads\/2025\/03\/1741253391_267_Despues-del-final-retrata-a-una-de-las-mas-reconocidas.jpg\"\/><span class=\"epigraphe\">Luz Castillo junto al recordado H\u00e9ctor Bidonde, en la que ser\u00eda su \u00faltima interpretaci\u00f3n en el cine.<\/span><span class=\"bkg\"\/><span class=\"picture-open\"><button class=\"open-image\" aria-label=\"Open Image\"\/><\/span><\/picture><\/div>\n<div class=\"sc-80531b6b-0 chRIGJ container-text text-embed\">\n<p>La pel\u00edcula tiene un buen nivel de actuaciones de reconocidos actores como <strong>Eleonora Wexler<\/strong>, Edgardo Moreira y es el \u00faltimo trabajo cinematogr\u00e1fico del recordado <strong>H\u00e9ctor Bidonde<\/strong>. A pesar de un ritmo lento y algunos detalles t\u00e9cnicos no del todo bien resueltos, puede disfrutarse como el testimonio de una vida que merece ser recordada.<\/p>\n<\/div>\n<div class=\"sc-80531b6b-0 chRIGJ container-text text-embed\">\n<p>Drama \/ Biopic. Argentina, 2023. 88\u2019, SAM 13. <strong>De: <\/strong>Pablo C\u00e9sar. <strong>Con:<\/strong> Luz Fern\u00e1ndez de Castillo, Eleonora Wexler, H\u00e9ctor Bidonde, Edgardo Moreira, Lisandro Carret.<strong> Salas:<\/strong> Cines Atlas Patio Bullrich, Gaumont y Atlas Flores.<\/p>\n<\/div>\n<\/div>\n<p><br \/>\n<br \/><a href=\"https:\/\/www.clarin.com\/espectaculos\/despues-final-retrata-reconocidas-hacedoras-cultura-argentina_0_8XTgI64hcQ.html\">Fuente Clarin.com <\/a><\/p>\n","protected":false},"excerpt":{"rendered":"<p>En su nuevo filme, Despu\u00e9s del final, Pablo C\u00e9sar se inspira en la vida real de Luz Fern\u00e1ndez de Castillo, Personalidad Destacada de la Cultura de la Ciudad de Buenos Aires C\u00e9sar es un director y guionista de cine independiente que comenz\u00f3 su carrera rodando diferentes cortometrajes en formato Super 8 para m\u00e1s tarde volcarse [&hellip;]<\/p>\n","protected":false},"author":1,"featured_media":10466,"comment_status":"open","ping_status":"open","sticky":false,"template":"","format":"standard","meta":{"footnotes":""},"categories":[2],"tags":[288,4149,100,1514,477,10974,48,155,8150,9541,73],"class_list":["post-10465","post","type-post","status-publish","format-standard","has-post-thumbnail","hentry","category-ultimas-noticias","tag-argentina","tag-cultura","tag-del","tag-despues","tag-final","tag-hacedoras","tag-las","tag-mas","tag-reconocidas","tag-retrata","tag-una"],"_links":{"self":[{"href":"https:\/\/13.com.ar\/index.php\/wp-json\/wp\/v2\/posts\/10465","targetHints":{"allow":["GET"]}}],"collection":[{"href":"https:\/\/13.com.ar\/index.php\/wp-json\/wp\/v2\/posts"}],"about":[{"href":"https:\/\/13.com.ar\/index.php\/wp-json\/wp\/v2\/types\/post"}],"author":[{"embeddable":true,"href":"https:\/\/13.com.ar\/index.php\/wp-json\/wp\/v2\/users\/1"}],"replies":[{"embeddable":true,"href":"https:\/\/13.com.ar\/index.php\/wp-json\/wp\/v2\/comments?post=10465"}],"version-history":[{"count":0,"href":"https:\/\/13.com.ar\/index.php\/wp-json\/wp\/v2\/posts\/10465\/revisions"}],"wp:featuredmedia":[{"embeddable":true,"href":"https:\/\/13.com.ar\/index.php\/wp-json\/wp\/v2\/media\/10466"}],"wp:attachment":[{"href":"https:\/\/13.com.ar\/index.php\/wp-json\/wp\/v2\/media?parent=10465"}],"wp:term":[{"taxonomy":"category","embeddable":true,"href":"https:\/\/13.com.ar\/index.php\/wp-json\/wp\/v2\/categories?post=10465"},{"taxonomy":"post_tag","embeddable":true,"href":"https:\/\/13.com.ar\/index.php\/wp-json\/wp\/v2\/tags?post=10465"}],"curies":[{"name":"wp","href":"https:\/\/api.w.org\/{rel}","templated":true}]}}