{"id":1043,"date":"2025-01-31T18:08:28","date_gmt":"2025-01-31T21:08:28","guid":{"rendered":"https:\/\/13.com.ar\/index.php\/adepa-y-fopea-condenan-los-ataques-de-un-abogado-k-contra-periodistas-de-clarin\/"},"modified":"2025-01-31T18:08:28","modified_gmt":"2025-01-31T21:08:28","slug":"adepa-y-fopea-condenan-los-ataques-de-un-abogado-k-contra-periodistas-de-clarin","status":"publish","type":"post","link":"https:\/\/13.com.ar\/index.php\/adepa-y-fopea-condenan-los-ataques-de-un-abogado-k-contra-periodistas-de-clarin\/","title":{"rendered":"ADEPA y FOPEA condenan los ataques de un abogado K contra periodistas de Clar\u00edn"},"content":{"rendered":"<p> <br \/>\n<br \/><img decoding=\"async\" src=\"https:\/\/13.com.ar\/wp-content\/uploads\/2025\/01\/ADEPA-y-FOPEA-condenan-los-ataques-de-un-abogado-K.jpg\" \/><\/p>\n<div>\n<p>ADEPA y FOPEA repudiaron los ataques del abogado K y empresario de medios Franco Bindi contra los periodistas <strong>Daniel Santoro, H\u00e9ctor Gambini y Alejandro Alfie, <\/strong>quienes publicaron varias notas sobre sus actividades y las de su empresa Extra TV, en<strong> Clar\u00edn<\/strong>.<\/p>\n<\/div>\n<div>\n<p>La Asociaci\u00f3n de Entidades Period\u00edsticas Argentinas (ADEPA) <strong>conden\u00f3 &#8220;la actitud de intimidaci\u00f3n y hostigamiento digital hacia los tres periodistas<\/strong>, &#8220;por parte del empresario Franco Bindi, propietario del canal Extra TV, a trav\u00e9s de su cuenta en la red social X&#8221;.<\/p>\n<\/div>\n<div>\n<p>La entidad plante\u00f3 que, &#8220;en el caso de Alfie, el periodista es v\u00edctima de una campa\u00f1a de acoso y hostigamiento por parte del empresario, quien <strong>en reiteradas oportunidades divulg\u00f3 im\u00e1genes familiares y audios privados de uno de sus hijos&#8221;<\/strong>. Y aclar\u00f3 que, si bien &#8220;ese contenido fue difundido por el propio periodista en sus redes sociales, sin embargo<strong> la forma<\/strong> en que Bindi difunde sus mensajes y utiliza el contenido familiar de Alfie configuran una clara forma de intimidaci\u00f3n&#8221;.<\/p>\n<\/div>\n<div>\n<p>A la vez, ADEPA destac\u00f3 que, &#8220;en diferentes publicaciones en la misma red social, <strong>Bindi mencion\u00f3 a Santoro y a Gambini en forma intimidante, luego de que los periodistas publicaran diferentes art\u00edculos en Clar\u00edn&#8221;. <\/strong><\/p>\n<\/div>\n<div>\n<p>Bindi lo acus\u00f3 al periodista de Clar\u00edn de ser un &#8220;corrupto&#8221; financiado por &#8220;intereses sionistas&#8221;, lo amenaz\u00f3 con un &#8220;segundo juicio civil por da\u00f1os y perjuicios&#8221; y<strong> lo hostig\u00f3 reiteradas veces con fotos, audios y videos de sus hijos y hasta de su madre fallecida.<\/strong><\/p>\n<\/div>\n<div>\n<p><strong>&#8220;FOPEA condena las publicaciones en redes sociales de Bindi referidas a la familia de Alfie y se solidariza con el colega.<\/strong> Reiteramos la advertencia de que el hostigamiento digital puede incitar a la agresi\u00f3n f\u00edsica. Adem\u00e1s, el involucramiento en asuntos privados que nada tienen que ver con el trabajo period\u00edstico resulta una actividad intimidante que puede perjudicar a terceros ajenos a esta actividad&#8221;, sostuvo la entidad. <\/p>\n<\/div>\n<p><br \/>\n<br \/><a href=\"https:\/\/www.clarin.com\/politica\/adepa-fopea-condenan-ataques-abogado-k-periodistas-clarin_0_GWACXudEvC.html\">Fuente Clarin.com <\/a><\/p>\n","protected":false},"excerpt":{"rendered":"<p>ADEPA y FOPEA repudiaron los ataques del abogado K y empresario de medios Franco Bindi contra los periodistas Daniel Santoro, H\u00e9ctor Gambini y Alejandro Alfie, quienes publicaron varias notas sobre sus actividades y las de su empresa Extra TV, en Clar\u00edn. La Asociaci\u00f3n de Entidades Period\u00edsticas Argentinas (ADEPA) conden\u00f3 &#8220;la actitud de intimidaci\u00f3n y hostigamiento [&hellip;]<\/p>\n","protected":false},"author":1,"featured_media":1044,"comment_status":"open","ping_status":"open","sticky":false,"template":"","format":"standard","meta":{"footnotes":""},"categories":[2],"tags":[1242,385,2442,391,2441,835,2440,28,2443],"class_list":["post-1043","post","type-post","status-publish","format-standard","has-post-thumbnail","hentry","category-ultimas-noticias","tag-abogado","tag-adepa","tag-ataques","tag-clarin","tag-condenan","tag-contra","tag-fopea","tag-los","tag-periodistas"],"_links":{"self":[{"href":"https:\/\/13.com.ar\/index.php\/wp-json\/wp\/v2\/posts\/1043","targetHints":{"allow":["GET"]}}],"collection":[{"href":"https:\/\/13.com.ar\/index.php\/wp-json\/wp\/v2\/posts"}],"about":[{"href":"https:\/\/13.com.ar\/index.php\/wp-json\/wp\/v2\/types\/post"}],"author":[{"embeddable":true,"href":"https:\/\/13.com.ar\/index.php\/wp-json\/wp\/v2\/users\/1"}],"replies":[{"embeddable":true,"href":"https:\/\/13.com.ar\/index.php\/wp-json\/wp\/v2\/comments?post=1043"}],"version-history":[{"count":0,"href":"https:\/\/13.com.ar\/index.php\/wp-json\/wp\/v2\/posts\/1043\/revisions"}],"wp:featuredmedia":[{"embeddable":true,"href":"https:\/\/13.com.ar\/index.php\/wp-json\/wp\/v2\/media\/1044"}],"wp:attachment":[{"href":"https:\/\/13.com.ar\/index.php\/wp-json\/wp\/v2\/media?parent=1043"}],"wp:term":[{"taxonomy":"category","embeddable":true,"href":"https:\/\/13.com.ar\/index.php\/wp-json\/wp\/v2\/categories?post=1043"},{"taxonomy":"post_tag","embeddable":true,"href":"https:\/\/13.com.ar\/index.php\/wp-json\/wp\/v2\/tags?post=1043"}],"curies":[{"name":"wp","href":"https:\/\/api.w.org\/{rel}","templated":true}]}}