{"id":1041,"date":"2025-01-31T18:05:30","date_gmt":"2025-01-31T21:05:30","guid":{"rendered":"https:\/\/13.com.ar\/index.php\/el-pro-ya-ve-a-mauricio-macri-como-candidato-a-diputado-aunque-espera-un-acuerdo-con-milei\/"},"modified":"2025-01-31T18:05:30","modified_gmt":"2025-01-31T21:05:30","slug":"el-pro-ya-ve-a-mauricio-macri-como-candidato-a-diputado-aunque-espera-un-acuerdo-con-milei","status":"publish","type":"post","link":"https:\/\/13.com.ar\/index.php\/el-pro-ya-ve-a-mauricio-macri-como-candidato-a-diputado-aunque-espera-un-acuerdo-con-milei\/","title":{"rendered":"El PRO ya ve a Mauricio Macri como candidato a diputado aunque espera un acuerdo con Milei"},"content":{"rendered":"<p> <br \/>\n<br \/><img decoding=\"async\" src=\"https:\/\/13.com.ar\/wp-content\/uploads\/2025\/01\/El-PRO-ya-ve-a-Mauricio-Macri-como-candidato-a.jpg\" \/><\/p>\n<div id=\"cuerpo\">\n<div class=\"sc-80531b6b-0 chRIGJ container-text text-embed\">\n<p><strong>Mauricio Macri<\/strong> ya comienza a probarse el traje de <strong>candidato a diputado ante la demora de un acuerdo electoral con la Casa Rosada y el aumento de las tensiones internas en el PRO<\/strong>, entre los que quieren saltar a La Libertad Avanza (LLA) y los que exigen comenzar a definir una oferta propia de cara a octubre. Mientras tanto, desde el oficialismo insisten en preguntar si el ex presidente tiene el poder para cerrar un entendimiento en todo el pa\u00eds como reclam\u00f3 <strong>Javier Milei<\/strong>.<\/p>\n<\/div>\n<div class=\"sc-80531b6b-0 chRIGJ container-text text-embed\">\n<p>En la reuni\u00f3n de la mesa ejecutiva de esta semana, Macri recibi\u00f3 el mensaje de varios dirigentes pidiendo que avance en un armado propio. Es que en Diputados, por ejemplo, deben renovar su banca <strong>22 de los 37 legisladores<\/strong> y hay que tener en cuenta que en algunos distritos se mantienen los acuerdos con el radicalismo y fuerzas provinciales. Ah\u00ed es d\u00f3nde surge el interrogante de c\u00f3mo se puede ajustar esa alianza con La Libertad Avanza. Es cierto que la UCR tambi\u00e9n viene coqueteando con los libertarios, pero hay divisiones m\u00e1s fuertes.<\/p>\n<\/div>\n<div class=\"sc-80531b6b-0 chRIGJ container-text text-embed\">\n<p>Durante la cumbre se escuch\u00f3 un informe econ\u00f3mico del ex ministro Hern\u00e1n Lacunza que para varios de los dirigentes del PRO fue casi un\u00a0d\u00e9j\u00e0 vu de lo experimentado por el macrismo en la previa de las legislativas de 2017, cuando Cambiemos\u00a0gan\u00f3 las elecciones en 2017 con m\u00e1s del 40 % de los votos. Saben que Milei tiene respaldo en las encuestas por haber bajado la inflaci\u00f3n y haber alineado algunos datos macroecon\u00f3micos, pero insisten que mientras no haya un levantamiento del cepo cambiario no llegar\u00e1n inversiones genuinas, salvo las que ingresan por la miner\u00eda\u00a0en San Juan o Vaca Muerta.<\/p>\n<\/div>\n<div class=\"sc-80531b6b-0 chRIGJ container-text text-embed\">\n<p>Pero m\u00e1s all\u00e1 de los datos econ\u00f3micos, en el macrismo advierten que es una\u00a0inc\u00f3gnita lo que pueda pasar con La Libertad Avanza en este a\u00f1o electoral porque en las provincias, la mayor\u00eda de los gobernadores decidi\u00f3 desdoblar las elecciones justamente para cercenar el poder que el oficialismo construy\u00f3 a partir de la figura de Javier Milei. <strong>&#8220;El Presidente no ha mostrado inter\u00e9s por recorrer las provincias y no lo veo yendo a sostener un candidato&#8221;<\/strong>, reflexion\u00f3 una importante fuente del partido amarillo.<\/p>\n<\/div>\n<div class=\"sc-80531b6b-0 chRIGJ container-text text-embed\">\n<p>Justamente, la performance que pueda tener el oficialismo en las elecciones provinciales y, principalmente, lo que ocurra en el territorio bonaerense, donde son altas las chances de que se avance en un desdoblamiento de los comicios, puede marcar el rumbo de las negociaciones entre el macrismo y el Gobierno. <strong>&#8220;Si pierden dos o tres elecciones provinciales van a tener que buscar el respaldo del PRO, si tienen inter\u00e9s en avanzar en un armado legislativo antikirchnerista<\/strong>&#8220;, especulan cerca de Macri.<\/p>\n<\/div>\n<div class=\"sc-80531b6b-0 chRIGJ container-text text-embed\">\n<p>Del lado del bullrichismo\u00a0ven &#8220;dif\u00edcil&#8221; que se pueda llegar a un acuerdo\u00a0electoral amplio en el cual Macri y Milei definan el armado de las listas en cada una de las provincias. &#8220;Para Macri, lo \u00fanico\u00a0importante es la Ciudad,\u00a0no lo veo armando en todo el pa\u00eds, est\u00e1\u00a0preocupado por Jorge Macri&#8221;, apuntaron. Pero tambi\u00e9n es cierto que al ser elecciones legislativas y no presidenciales, son los representantes de los distritos los que van a cerrar los acuerdos. <\/p>\n<\/div>\n<div class=\"sc-80531b6b-0 chRIGJ container-text text-embed\">\n<p>Por eso cuando Milei pidi\u00f3 <strong>&#8220;un acuerdo total&#8221;<\/strong>,\u00a0el ex presidente avanz\u00f3 con la intervenci\u00f3n del partido en C\u00f3rdoba, por ejemplo, con la intenci\u00f3n de tener el dominio de ese espacio. Pero en el PRO remarcaron que son las provincias las que terminar\u00e1n armando las alianzas y los frentes electorales.\u00a0En este escenario, las opciones ser\u00edan que Macri y Milei definan las condiciones de la alianza, que surja de un entendimiento con las autoridades partidarias de cada provincia o que haya un pacto con Patricia Bullrich. &#8220;Lo l\u00f3gico es que se haga porque tenemos el mismo modelo de pa\u00eds. Pero para eso<strong> Macri tiene que aceptar que el liderazgo lo tiene el Presidente<\/strong>&#8220;, se\u00f1alaron del sector d\u00edscolo.<\/p>\n<\/div>\n<div class=\"sc-80531b6b-0 chRIGJ container-text text-embed\">\n<p>En el macrismo a\u00fan mantiene abierta la puerta para una estrategia conjunta con el oficialismo porque entienden que a\u00fan haciendo una gran elecci\u00f3n, el Gobierno va a seguir necesitando de los bloques dialoguistas para aprobar las leyes que necesita para los pr\u00f3ximos a\u00f1os. Es que en definitiva, La Libertad Avanza terminar\u00e1 absorbiendo las bancas que pierdan la UCR y el PRO porque el kirchnerismo mantiene su caudal electoral, de acuerdo a las encuestas que manejan en el partido amarillo. Sin embargo, hay que tener en cuenta que en los pr\u00f3ximos a\u00f1os, el Gobierno deber\u00e1 avanzar en una reforma previsional y en otra fiscal.<\/p>\n<\/div>\n<div class=\"sc-80531b6b-0 chRIGJ container-text text-embed\">\n<p>Tambi\u00e9n es cierto que a la Casa Rosada le viene funcionando la estrategia de ir sumando a partir de las divisiones internas del PRO. La muestra m\u00e1s reciente fue el salto de los\u00a0legisladores porte\u00f1os que responden a Bullrich a La Libertad Avanza. <\/p>\n<\/div>\n<div class=\"sc-80531b6b-0 chRIGJ container-text text-embed\">\n<p>En el bloque de diputados nacionales que comanda <strong>Cristian Ritondo<\/strong> descartan, &#8220;por ahora&#8221;, la posibilidad de alguna fuga. Entre los diputados que responden a la ministra de Seguridad saben que no es conveniente irse de la bancada, pese a que<strong>\u00a0Dami\u00e1n Arabia no fue invitado a la reuni\u00f3n de la mesa ejecutiva aunque ocupa la vicepresidencia del partido<\/strong>. Habr\u00e1 que ver en el pr\u00f3ximo encuentro, que podr\u00eda ser convocado para dentro de dos semanas si se aprueba la suspensi\u00f3n de las primarias, si el bullrichista es invitado.<\/p>\n<\/div>\n<\/div>\n<p><br \/>\n<br \/><a href=\"https:\/\/www.clarin.com\/politica\/pro-ve-mauricio-macri-candidato-diputado-espera-acuerdo-milei_0_xsjFkUS1Gp.html\">Fuente Clarin.com <\/a><\/p>\n","protected":false},"excerpt":{"rendered":"<p>Mauricio Macri ya comienza a probarse el traje de candidato a diputado ante la demora de un acuerdo electoral con la Casa Rosada y el aumento de las tensiones internas en el PRO, entre los que quieren saltar a La Libertad Avanza (LLA) y los que exigen comenzar a definir una oferta propia de cara [&hellip;]<\/p>\n","protected":false},"author":1,"featured_media":1042,"comment_status":"open","ping_status":"open","sticky":false,"template":"","format":"standard","meta":{"footnotes":""},"categories":[2],"tags":[267,121,1320,66,18,2439,463,1109,1253,77,1111],"class_list":["post-1041","post","type-post","status-publish","format-standard","has-post-thumbnail","hentry","category-ultimas-noticias","tag-acuerdo","tag-aunque","tag-candidato","tag-como","tag-con","tag-diputado","tag-espera","tag-macri","tag-mauricio","tag-milei","tag-pro"],"_links":{"self":[{"href":"https:\/\/13.com.ar\/index.php\/wp-json\/wp\/v2\/posts\/1041","targetHints":{"allow":["GET"]}}],"collection":[{"href":"https:\/\/13.com.ar\/index.php\/wp-json\/wp\/v2\/posts"}],"about":[{"href":"https:\/\/13.com.ar\/index.php\/wp-json\/wp\/v2\/types\/post"}],"author":[{"embeddable":true,"href":"https:\/\/13.com.ar\/index.php\/wp-json\/wp\/v2\/users\/1"}],"replies":[{"embeddable":true,"href":"https:\/\/13.com.ar\/index.php\/wp-json\/wp\/v2\/comments?post=1041"}],"version-history":[{"count":0,"href":"https:\/\/13.com.ar\/index.php\/wp-json\/wp\/v2\/posts\/1041\/revisions"}],"wp:featuredmedia":[{"embeddable":true,"href":"https:\/\/13.com.ar\/index.php\/wp-json\/wp\/v2\/media\/1042"}],"wp:attachment":[{"href":"https:\/\/13.com.ar\/index.php\/wp-json\/wp\/v2\/media?parent=1041"}],"wp:term":[{"taxonomy":"category","embeddable":true,"href":"https:\/\/13.com.ar\/index.php\/wp-json\/wp\/v2\/categories?post=1041"},{"taxonomy":"post_tag","embeddable":true,"href":"https:\/\/13.com.ar\/index.php\/wp-json\/wp\/v2\/tags?post=1041"}],"curies":[{"name":"wp","href":"https:\/\/api.w.org\/{rel}","templated":true}]}}