{"id":1039,"date":"2025-01-31T17:52:03","date_gmt":"2025-01-31T20:52:03","guid":{"rendered":"https:\/\/13.com.ar\/index.php\/juana-viale-celebro-su-llegada-a-uruguay-con-un-osado-topless\/"},"modified":"2025-01-31T17:52:03","modified_gmt":"2025-01-31T20:52:03","slug":"juana-viale-celebro-su-llegada-a-uruguay-con-un-osado-topless","status":"publish","type":"post","link":"https:\/\/13.com.ar\/index.php\/juana-viale-celebro-su-llegada-a-uruguay-con-un-osado-topless\/","title":{"rendered":"Juana Viale celebr\u00f3 su llegada a Uruguay con un osado topless"},"content":{"rendered":"<p> <br \/>\n<\/p>\n<div id=\"cuerpo\">\n<div class=\"sc-80531b6b-0 chRIGJ container-text text-embed\">\n<p><strong>Juana Viale<\/strong> sorprendi\u00f3 en las redes sociales con un osado<em> topless <\/em>en medio de sus vacaciones con su novio, Yago Lange.<\/p>\n<\/div>\n<div class=\"sc-80531b6b-0 chRIGJ container-text text-embed\">\n<p>Tras cerrar un gran a\u00f1o en el que estuvo al frente de <em>Almorzando con Juana<\/em> (El Trece), la nieta de <strong>Mirtha Legrand <\/strong>arm\u00f3 un bolso y se tom\u00f3 unas vacaciones familiares un tanto particulares.<\/p>\n<\/div>\n<div class=\"sc-80531b6b-0 chRIGJ container-text text-embed\">\n<p>Viale parti\u00f3 en un velero, acompa\u00f1ada por su pareja y sus hijos <strong>Silvestre <\/strong>y <strong>Al\u00ed Valenzuela<\/strong>, para iniciar una traves\u00eda que la llevar\u00eda por todo Brasil y que terminar\u00eda en Uruguay.<\/p>\n<\/div>\n<div class=\"sc-80531b6b-0 chRIGJ container-text text-embed\">\n<p>Juanita fue compartiendo en su cuenta de Instagram, donde acumula 1.1 millones de seguidores, detalles de su gran aventura.<\/p>\n<\/div>\n<div class=\"sc-80531b6b-0 chRIGJ container-text text-embed\">\n<p><strong>\u201cParque de diversiones. Bellezas humanas, naturales y reales. Vida familiar. Silencios. Sonrisas. Enojos. Carcajadas. Olvidos. Pensamientos. Todo al mismo precio. Promoci\u00f3n verano, lo lleva y no se acepta devoluci\u00f3n. Recuerdos: infinitos\u201d<\/strong>, escribi\u00f3 en la mencionada red social junto a varias postales que reflejan los momentos felices que vivi\u00f3 junto a su familia.<\/p>\n<\/div>\n<div class=\"sc-198be8ec-0 cynXbu image-embed  image-embed \"><picture class=\"sc-198be8ec-1 kOjRiQ\"><source media=\"(min-width: 975px)\" width=\"720\" height=\"480\" \/><img alt=\"Juana Viale. Fotos: Instagram.\" loading=\"lazy\" width=\"720\" height=\"480\" decoding=\"async\" data-nimg=\"1\" style=\"color:transparent\" src=\"https:\/\/13.com.ar\/wp-content\/uploads\/2025\/01\/Juana-Viale-celebro-su-llegada-a-Uruguay-con-un-osado.jpg\"\/><span class=\"epigraphe\">Juana Viale. Fotos: Instagram.<\/span><span class=\"bkg\"\/><span class=\"picture-open\"><button class=\"open-image\" aria-label=\"Open Image\"\/><\/span><\/picture><\/div>\n<div class=\"sc-80531b6b-0 chRIGJ container-text text-embed\">\n<p>\u201c\u00a1Qu\u00e9 lugar tan hermoso!\u201d, \u201cNo hay recuerdos m\u00e1s imborrables\u201d, \u201cHermosos lugares y se nota que lo disfrutan mucho !!! Bravo !!!\u201d, \u201cEsooo son vacaciones!!!! Bellas tus fotos\u201d, \u201cQue lindas fotos!!! Se ve que disfrutan\u201d, fueron algunos de los mensajes que le dejaron los usuarios.<\/p>\n<\/div>\n<div class=\"sc-80531b6b-0 chRIGJ container-text text-embed\">\n<p>Hace apenas unos d\u00edas, la actriz subi\u00f3 un video en el que, al amanecer, contaba que estaban a punto de partir rumbo a Punta del Este.<\/p>\n<\/div>\n<div class=\"sc-80531b6b-0 chRIGJ container-text text-embed\">\n<p><strong>\u201cEstamos dejando Brasil&#8230; Ya vamos a nuestro \u00faltimo destino. Ya recorrimos todo Brasil\u201d<\/strong>, relat\u00f3 Viale. \u201c\u00bfPara d\u00f3nde vamos?\u201d, le pregunt\u00f3 a su novio. \u201cCambiamos de pa\u00eds: nos vamos para Uruguay\u201d, contest\u00f3 \u00e9l.<\/p>\n<\/div>\n<div class=\"sc-80531b6b-0 chRIGJ container-text text-embed\">\n<p>As\u00ed fue como la pareja emprendi\u00f3 500 millas de viaje. Cabe destacar que ella aclar\u00f3 que este recorrido lo hac\u00edan ya sin sus hijos.  \u201cEstamos abandonando la \u00faltima isla\u201d, se\u00f1al\u00f3. Y sum\u00f3: \u201cQuedamos dos\u201d.<\/p>\n<\/div>\n<div class=\"sc-198be8ec-0 cynXbu image-embed  image-embed \"><picture class=\"sc-198be8ec-1 kOjRiQ\"><source media=\"(min-width: 975px)\" width=\"720\" height=\"480\" \/><img alt=\"El topless de Juana Viale. Fotos: Instagram.\" loading=\"lazy\" width=\"720\" height=\"480\" decoding=\"async\" data-nimg=\"1\" style=\"color:transparent\" src=\"https:\/\/13.com.ar\/wp-content\/uploads\/2025\/01\/1738356722_434_Juana-Viale-celebro-su-llegada-a-Uruguay-con-un-osado.jpg\"\/><span class=\"epigraphe\">El topless de Juana Viale. Fotos: Instagram.<\/span><span class=\"bkg\"\/><span class=\"picture-open\"><button class=\"open-image\" aria-label=\"Open Image\"\/><\/span><\/picture><\/div>\n<div class=\"sc-80531b6b-0 chRIGJ container-text text-embed\">\n<p>Tras el largo viaje y, ya avistando la costa uruguaya, <strong>Juanita celebr\u00f3 con una impactante fotograf\u00eda <\/strong>que la muestra solo con la pieza inferior de la bikini.<\/p>\n<\/div>\n<div class=\"sc-80531b6b-0 chRIGJ container-text text-embed\">\n<p>Luciendo un traje de ba\u00f1o rosa claro con un estampado fucsia y agarrada a las sogas del velero, la artista se mostr\u00f3 muy feliz<strong>. Tap\u00f3 sus pechos con dos emojis de corazones rosas y escribi\u00f3: \u201cLa felicidad de llegar a destino\u201d.<\/strong><\/p>\n<\/div>\n<div class=\"sc-80531b6b-0 chRIGJ container-text text-embed\">\n<p>No es la primera ves que la figura argentina emprende un viaje en velero. En abril de 2024, ella y Yago hicieron el cruce del Atl\u00e1ntico. Es que su pareja, hijo mayor de Santiago Lange, triple medallista ol\u00edmpico argentino de nado a vela, sigui\u00f3 el camino de su padre y ha participado en varias oportunidades de los Juegos Ol\u00edmpicos como regatista, junto a su hermano Klaus. Tambi\u00e9n decidi\u00f3 volcarse hacia el ambientalismo y el cuidado de las playas.<\/p>\n<\/div>\n<p><h2>Todas las fotos del impresionante viaje de Juana Viale<\/h2>\n<\/p>\n<div class=\"sc-198be8ec-0 cynXbu image-embed  image-embed \"><picture class=\"sc-198be8ec-1 kOjRiQ\"><source media=\"(min-width: 975px)\" width=\"720\" height=\"480\" \/><img alt=\"Las vacaciones de Juana Viale. Fotos: Instagram.\" loading=\"lazy\" width=\"720\" height=\"480\" decoding=\"async\" data-nimg=\"1\" style=\"color:transparent\" src=\"https:\/\/13.com.ar\/wp-content\/uploads\/2025\/01\/1738356723_660_Juana-Viale-celebro-su-llegada-a-Uruguay-con-un-osado.jpg\"\/><span class=\"epigraphe\">Las vacaciones de Juana Viale. Fotos: Instagram.<\/span><span class=\"bkg\"\/><span class=\"picture-open\"><button class=\"open-image\" aria-label=\"Open Image\"\/><\/span><\/picture><\/div>\n<div class=\"sc-198be8ec-0 cynXbu image-embed  image-embed \"><picture class=\"sc-198be8ec-1 kOjRiQ\"><source media=\"(min-width: 975px)\" width=\"720\" height=\"480\" \/><img alt=\"Las vacaciones de Juana Viale. Fotos: Instagram.\" loading=\"lazy\" width=\"720\" height=\"480\" decoding=\"async\" data-nimg=\"1\" style=\"color:transparent\" src=\"https:\/\/13.com.ar\/wp-content\/uploads\/2025\/01\/1738356723_741_Juana-Viale-celebro-su-llegada-a-Uruguay-con-un-osado.jpg\"\/><span class=\"epigraphe\">Las vacaciones de Juana Viale. Fotos: Instagram.<\/span><span class=\"bkg\"\/><span class=\"picture-open\"><button class=\"open-image\" aria-label=\"Open Image\"\/><\/span><\/picture><\/div>\n<div class=\"sc-198be8ec-0 cynXbu image-embed  image-embed \"><picture class=\"sc-198be8ec-1 kOjRiQ\"><source media=\"(min-width: 975px)\" width=\"720\" height=\"480\" \/><img alt=\"Las vacaciones de Juana Viale. Fotos: Instagram.\" loading=\"lazy\" width=\"720\" height=\"480\" decoding=\"async\" data-nimg=\"1\" style=\"color:transparent\" src=\"https:\/\/13.com.ar\/wp-content\/uploads\/2025\/01\/1738356723_853_Juana-Viale-celebro-su-llegada-a-Uruguay-con-un-osado.jpg\"\/><span class=\"epigraphe\">Las vacaciones de Juana Viale. Fotos: Instagram.<\/span><span class=\"bkg\"\/><span class=\"picture-open\"><button class=\"open-image\" aria-label=\"Open Image\"\/><\/span><\/picture><\/div>\n<div class=\"sc-198be8ec-0 cynXbu image-embed  image-embed \"><picture class=\"sc-198be8ec-1 kOjRiQ\"><source media=\"(min-width: 975px)\" width=\"720\" height=\"480\" \/><img alt=\"Las vacaciones de Juana Viale. Fotos: Instagram.\" loading=\"lazy\" width=\"720\" height=\"480\" decoding=\"async\" data-nimg=\"1\" style=\"color:transparent\" src=\"https:\/\/13.com.ar\/wp-content\/uploads\/2025\/01\/1738356723_645_Juana-Viale-celebro-su-llegada-a-Uruguay-con-un-osado.jpg\"\/><span class=\"epigraphe\">Las vacaciones de Juana Viale. Fotos: Instagram.<\/span><span class=\"bkg\"\/><span class=\"picture-open\"><button class=\"open-image\" aria-label=\"Open Image\"\/><\/span><\/picture><\/div>\n<div class=\"sc-198be8ec-0 cynXbu image-embed  image-embed \"><picture class=\"sc-198be8ec-1 kOjRiQ\"><source media=\"(min-width: 975px)\" width=\"720\" height=\"480\" \/><img alt=\"Las vacaciones de Juana Viale. Fotos: Instagram.\" loading=\"lazy\" width=\"720\" height=\"480\" decoding=\"async\" data-nimg=\"1\" style=\"color:transparent\" src=\"https:\/\/13.com.ar\/wp-content\/uploads\/2025\/01\/1738356723_228_Juana-Viale-celebro-su-llegada-a-Uruguay-con-un-osado.jpg\"\/><span class=\"epigraphe\">Las vacaciones de Juana Viale. Fotos: Instagram.<\/span><span class=\"bkg\"\/><span class=\"picture-open\"><button class=\"open-image\" aria-label=\"Open Image\"\/><\/span><\/picture><\/div>\n<div class=\"sc-198be8ec-0 cynXbu image-embed  image-embed \"><picture class=\"sc-198be8ec-1 kOjRiQ\"><source media=\"(min-width: 975px)\" width=\"720\" height=\"480\" \/><img alt=\"Las vacaciones de Juana Viale. Fotos: Instagram.\" loading=\"lazy\" width=\"720\" height=\"480\" decoding=\"async\" data-nimg=\"1\" style=\"color:transparent\" src=\"https:\/\/13.com.ar\/wp-content\/uploads\/2025\/01\/1738356723_430_Juana-Viale-celebro-su-llegada-a-Uruguay-con-un-osado.jpg\"\/><span class=\"epigraphe\">Las vacaciones de Juana Viale. Fotos: Instagram.<\/span><span class=\"bkg\"\/><span class=\"picture-open\"><button class=\"open-image\" aria-label=\"Open Image\"\/><\/span><\/picture><\/div>\n<div class=\"sc-198be8ec-0 cynXbu image-embed  image-embed \"><picture class=\"sc-198be8ec-1 kOjRiQ\"><source media=\"(min-width: 975px)\" width=\"720\" height=\"480\" \/><img alt=\"Las vacaciones de Juana Viale. Fotos: Instagram.\" loading=\"lazy\" width=\"720\" height=\"480\" decoding=\"async\" data-nimg=\"1\" style=\"color:transparent\" src=\"https:\/\/13.com.ar\/wp-content\/uploads\/2025\/01\/1738356723_437_Juana-Viale-celebro-su-llegada-a-Uruguay-con-un-osado.jpg\"\/><span class=\"epigraphe\">Las vacaciones de Juana Viale. Fotos: Instagram.<\/span><span class=\"bkg\"\/><span class=\"picture-open\"><button class=\"open-image\" aria-label=\"Open Image\"\/><\/span><\/picture><\/div>\n<div class=\"sc-198be8ec-0 cynXbu image-embed  image-embed \"><picture class=\"sc-198be8ec-1 kOjRiQ\"><source media=\"(min-width: 975px)\" width=\"720\" height=\"480\" \/><img alt=\"Las vacaciones de Juana Viale. Fotos: Instagram.\" loading=\"lazy\" width=\"720\" height=\"480\" decoding=\"async\" data-nimg=\"1\" style=\"color:transparent\" src=\"https:\/\/13.com.ar\/wp-content\/uploads\/2025\/01\/1738356723_483_Juana-Viale-celebro-su-llegada-a-Uruguay-con-un-osado.jpg\"\/><span class=\"epigraphe\">Las vacaciones de Juana Viale. Fotos: Instagram.<\/span><span class=\"bkg\"\/><span class=\"picture-open\"><button class=\"open-image\" aria-label=\"Open Image\"\/><\/span><\/picture><\/div>\n<\/div>\n<p><br \/>\n<br \/><a href=\"https:\/\/www.clarin.com\/fama\/juana-viale-celebro-llegada-uruguay-osado-topless_0_fKUhVGLsbU.html\">Fuente Clarin.com <\/a><\/p>\n","protected":false},"excerpt":{"rendered":"<p>Juana Viale sorprendi\u00f3 en las redes sociales con un osado topless en medio de sus vacaciones con su novio, Yago Lange. Tras cerrar un gran a\u00f1o en el que estuvo al frente de Almorzando con Juana (El Trece), la nieta de Mirtha Legrand arm\u00f3 un bolso y se tom\u00f3 unas vacaciones familiares un tanto particulares. [&hellip;]<\/p>\n","protected":false},"author":1,"featured_media":1040,"comment_status":"open","ping_status":"open","sticky":false,"template":"","format":"standard","meta":{"footnotes":""},"categories":[2],"tags":[198,18,2434,457,2437,2438,2436,2435],"class_list":["post-1039","post","type-post","status-publish","format-standard","has-post-thumbnail","hentry","category-ultimas-noticias","tag-celebro","tag-con","tag-juana","tag-llegada","tag-osado","tag-topless","tag-uruguay","tag-viale"],"_links":{"self":[{"href":"https:\/\/13.com.ar\/index.php\/wp-json\/wp\/v2\/posts\/1039","targetHints":{"allow":["GET"]}}],"collection":[{"href":"https:\/\/13.com.ar\/index.php\/wp-json\/wp\/v2\/posts"}],"about":[{"href":"https:\/\/13.com.ar\/index.php\/wp-json\/wp\/v2\/types\/post"}],"author":[{"embeddable":true,"href":"https:\/\/13.com.ar\/index.php\/wp-json\/wp\/v2\/users\/1"}],"replies":[{"embeddable":true,"href":"https:\/\/13.com.ar\/index.php\/wp-json\/wp\/v2\/comments?post=1039"}],"version-history":[{"count":0,"href":"https:\/\/13.com.ar\/index.php\/wp-json\/wp\/v2\/posts\/1039\/revisions"}],"wp:featuredmedia":[{"embeddable":true,"href":"https:\/\/13.com.ar\/index.php\/wp-json\/wp\/v2\/media\/1040"}],"wp:attachment":[{"href":"https:\/\/13.com.ar\/index.php\/wp-json\/wp\/v2\/media?parent=1039"}],"wp:term":[{"taxonomy":"category","embeddable":true,"href":"https:\/\/13.com.ar\/index.php\/wp-json\/wp\/v2\/categories?post=1039"},{"taxonomy":"post_tag","embeddable":true,"href":"https:\/\/13.com.ar\/index.php\/wp-json\/wp\/v2\/tags?post=1039"}],"curies":[{"name":"wp","href":"https:\/\/api.w.org\/{rel}","templated":true}]}}