{"id":1038,"date":"2025-01-31T17:42:31","date_gmt":"2025-01-31T20:42:31","guid":{"rendered":"https:\/\/13.com.ar\/index.php\/a-que-hora-es-la-marcha-lgbt-manana-1-de-febrero\/"},"modified":"2025-01-31T17:42:31","modified_gmt":"2025-01-31T20:42:31","slug":"a-que-hora-es-la-marcha-lgbt-manana-1-de-febrero","status":"publish","type":"post","link":"https:\/\/13.com.ar\/index.php\/a-que-hora-es-la-marcha-lgbt-manana-1-de-febrero\/","title":{"rendered":"\u00bfA qu\u00e9 hora es la marcha LGBT ma\u00f1ana 1 de febrero?"},"content":{"rendered":"<p> <br \/>\n<br \/><img decoding=\"async\" src=\"https:\/\/13.com.ar\/wp-content\/uploads\/2025\/01\/Contra-Alperovich-Espinoza-y-Alberto-no-marcharon.jpg\" \/><\/p>\n<div>\n<p>Este <strong>s\u00e1bado 1\u00b0 de febrero<\/strong>, organizaciones de la <strong>comunidad LGBTIQ+<\/strong> y sindicatos convocan a la \u201c<strong>Marcha Federal del Orgullo Antifascista y Antirracista<\/strong>\u201d. La protesta es organizada <strong>en rechazo al proyecto de \u201cigualdad ante la ley\u201d<\/strong> impulsado por el Gobierno nacional, que busca eliminar el femicidio como agravante penal, el documento no binario y el cupo laboral trans, entre otras medidas de acci\u00f3n afirmativa.<\/p>\n<\/div>\n<div>\n<p>El <strong>epicentro de la movilizaci\u00f3n ser\u00e1 el<\/strong> <strong>Congreso de la Naci\u00f3n<\/strong> e <strong>iniciar\u00e1 a las 16 horas<\/strong>, desde donde los manifestantes <strong>marchar\u00e1n hasta Plaza de Mayo<\/strong>. Sin embargo, la convocatoria es de alcance nacional y se replicar\u00e1 en distintos puntos del pa\u00eds.<\/p>\n<\/div>\n<div>\n<p>Bajo el lema \u201cLa vida est\u00e1 en riesgo \u00a1Basta! Al cl\u00f3set no volvemos nunca m\u00e1s\u201d, la protesta surge como respuesta a las recientes declaraciones del presidente Javier Milei en el Foro de Davos, donde se expres\u00f3 en contra de la diversidad sexual y el feminismo, adem\u00e1s de vincular la homosexualidad con la pedofilia.<\/p>\n<\/div>\n<div>\n<p>El pasado 23 de enero, durante su intervenci\u00f3n en el Foro de Davos, Milei critic\u00f3 con dureza la cultura woke, calific\u00e1ndola como un \u201cvirus mental\u201d y un \u201cc\u00e1ncer que debe ser extirpado\u201d. En su discurso, tambi\u00e9n se\u00f1al\u00f3 que ideolog\u00edas como el feminismo, la diversidad, la inclusi\u00f3n, la equidad y el ambientalismo radical buscan justificar \u201cel avance del Estado\u201d a trav\u00e9s de la apropiaci\u00f3n de causas nobles.<\/p>\n<\/div>\n<div>\n<p>Sobre el feminismo, el mandatario afirm\u00f3 que representa una \u201cdistorsi\u00f3n del concepto de igualdad\u201d y que, en su versi\u00f3n m\u00e1s extrema, busca privilegios para las mujeres. Tambi\u00e9n cuestion\u00f3 la existencia del agravante penal por femicidio, argumentando que legaliza la idea de que \u201cla vida de una mujer vale m\u00e1s que la de un hombre\u201d.<\/p>\n<\/div>\n<div>\n<p>En cuanto a la diversidad sexual, Milei mencion\u00f3 el caso de dos hombres homosexuales condenados en EE.UU. por abuso infantil y vincul\u00f3 la ideolog\u00eda de g\u00e9nero con la pedofilia. \u201cQuiero saber qui\u00e9n avala esos comportamientos\u201d, expres\u00f3.<\/p>\n<\/div>\n<div>\n<p>La convocatoria a la marcha surgi\u00f3 el s\u00e1bado pasado durante una asamblea multisectorial \u201cantifascista\u201d, donde diversos colectivos LGBTIQ+ expresaron su repudio a las declaraciones presidenciales. A lo largo de la semana, sindicatos como la CTA, la CTA Aut\u00f3noma, ATE, CTERA y la CGT se sumaron al llamado, confirmando su participaci\u00f3n.<\/p>\n<\/div>\n<div>\n<p>La movilizaci\u00f3n se espera masiva, con el centro de Buenos Aires como punto principal de concentraci\u00f3n y m\u00faltiples r\u00e9plicas en distintas ciudades del pa\u00eds.<\/p>\n<\/div>\n<p><br \/>\n<br \/><a href=\"https:\/\/www.clarin.com\/informacion-general\/hora-marcha-lgbt-manana-1-febrero_0_SryAAoa9nI.html\">Fuente Clarin.com <\/a><\/p>\n","protected":false},"excerpt":{"rendered":"<p>Este s\u00e1bado 1\u00b0 de febrero, organizaciones de la comunidad LGBTIQ+ y sindicatos convocan a la \u201cMarcha Federal del Orgullo Antifascista y Antirracista\u201d. La protesta es organizada en rechazo al proyecto de \u201cigualdad ante la ley\u201d impulsado por el Gobierno nacional, que busca eliminar el femicidio como agravante penal, el documento no binario y el cupo [&hellip;]<\/p>\n","protected":false},"author":1,"featured_media":955,"comment_status":"open","ping_status":"open","sticky":false,"template":"","format":"standard","meta":{"footnotes":""},"categories":[2],"tags":[1823,713,2050,804,1126,286],"class_list":["post-1038","post","type-post","status-publish","format-standard","has-post-thumbnail","hentry","category-ultimas-noticias","tag-febrero","tag-hora","tag-lgbt","tag-manana","tag-marcha","tag-que"],"_links":{"self":[{"href":"https:\/\/13.com.ar\/index.php\/wp-json\/wp\/v2\/posts\/1038","targetHints":{"allow":["GET"]}}],"collection":[{"href":"https:\/\/13.com.ar\/index.php\/wp-json\/wp\/v2\/posts"}],"about":[{"href":"https:\/\/13.com.ar\/index.php\/wp-json\/wp\/v2\/types\/post"}],"author":[{"embeddable":true,"href":"https:\/\/13.com.ar\/index.php\/wp-json\/wp\/v2\/users\/1"}],"replies":[{"embeddable":true,"href":"https:\/\/13.com.ar\/index.php\/wp-json\/wp\/v2\/comments?post=1038"}],"version-history":[{"count":0,"href":"https:\/\/13.com.ar\/index.php\/wp-json\/wp\/v2\/posts\/1038\/revisions"}],"wp:featuredmedia":[{"embeddable":true,"href":"https:\/\/13.com.ar\/index.php\/wp-json\/wp\/v2\/media\/955"}],"wp:attachment":[{"href":"https:\/\/13.com.ar\/index.php\/wp-json\/wp\/v2\/media?parent=1038"}],"wp:term":[{"taxonomy":"category","embeddable":true,"href":"https:\/\/13.com.ar\/index.php\/wp-json\/wp\/v2\/categories?post=1038"},{"taxonomy":"post_tag","embeddable":true,"href":"https:\/\/13.com.ar\/index.php\/wp-json\/wp\/v2\/tags?post=1038"}],"curies":[{"name":"wp","href":"https:\/\/api.w.org\/{rel}","templated":true}]}}