{"id":1030,"date":"2025-01-31T17:04:33","date_gmt":"2025-01-31T20:04:33","guid":{"rendered":"https:\/\/13.com.ar\/index.php\/el-grupo-nirvana-se-junto-en-un-megaconcierto-lleno-de-estrellas-a-beneficio-de-los-damnificados-por-los-incendios-en-los-angeles\/"},"modified":"2025-01-31T17:04:33","modified_gmt":"2025-01-31T20:04:33","slug":"el-grupo-nirvana-se-junto-en-un-megaconcierto-lleno-de-estrellas-a-beneficio-de-los-damnificados-por-los-incendios-en-los-angeles","status":"publish","type":"post","link":"https:\/\/13.com.ar\/index.php\/el-grupo-nirvana-se-junto-en-un-megaconcierto-lleno-de-estrellas-a-beneficio-de-los-damnificados-por-los-incendios-en-los-angeles\/","title":{"rendered":"El grupo Nirvana se junt\u00f3 en un megaconcierto lleno de estrellas, a beneficio de los damnificados por los incendios en Los Angeles"},"content":{"rendered":"<p> <br \/>\n<\/p>\n<div id=\"cuerpo\">\n<div class=\"sc-80531b6b-0 chRIGJ container-text text-embed\">\n<p>Quienes fueron al <strong>FireAid<\/strong>, el concierto a beneficio de los daminificados por los <strong>incendios en Los Angeles<\/strong>, tuvieron un <em>d\u00e9j\u00e0 vu <\/em>sublime el jueves pasado cuando los tres integrantes sobrevivientes de <strong>Nirvana<\/strong>, Dave Grohl, Krist Novoselic y Pat Smear, entraron al escenario, a pesar de que nada de eso estuviera previsto.<\/p>\n<\/div>\n<div class=\"sc-80531b6b-0 chRIGJ container-text text-embed\">\n<p>Tocaron varios temas clave de la banda y en el lugar de <strong>Kurt Cobain<\/strong> hubo cantantes invitadas: <strong>St. Vincent<\/strong> en <em>Breed<\/em>,<strong> Kim Gordon<\/strong> en <em>School<\/em>, <strong>Joan Jett <\/strong>en <em>Territorial Pissings<\/em> y <strong>Violet Grohl<\/strong>, hija de Dave Grohl -ex baterista de Nirvana, actual Foo Fighters- en la consagratoria <em>All Apologies<\/em>.<\/p>\n<\/div>\n<div class=\"sc-198be8ec-0 cynXbu image-embed  image-embed \"><picture class=\"sc-198be8ec-1 kOjRiQ\"><source media=\"(min-width: 975px)\" width=\"720\" height=\"480\" \/><img alt=\"Joan Jett, right, performs with Dave Grohl of Nirvana during the FireAid benefit concert on Thursday, Jan. 30, 2025, at The Forum in Inglewood, Calif. (AP Photo\/Chris Pizzello)\" loading=\"lazy\" width=\"720\" height=\"480\" decoding=\"async\" data-nimg=\"1\" style=\"color:transparent\" src=\"https:\/\/13.com.ar\/wp-content\/uploads\/2025\/01\/El-grupo-Nirvana-se-junto-en-un-megaconcierto-lleno-de.jpg\"\/><span class=\"epigraphe\">Joan Jett, right, performs with Dave Grohl of Nirvana during the FireAid benefit concert on Thursday, Jan. 30, 2025, at The Forum in Inglewood, Calif. (AP Photo\/Chris Pizzello)<\/span><span class=\"bkg\"\/><span class=\"picture-open\"><button class=\"open-image\" aria-label=\"Open Image\"\/><\/span><\/picture><\/div>\n<div class=\"sc-80531b6b-0 chRIGJ container-text text-embed\">\n<p>Sin dudas fue un acontecimiento memorable. La banda se reuni\u00f3 muy pocas veces desde su disoluci\u00f3n luego de la tr\u00e1gica muerte de su l\u00edder, en 1994. <strong>En 2012 hab\u00edan colaborado con Paul McCartney <\/strong>en <em>Cut Me Some Slack<\/em>, una canci\u00f3n de Paul con los ex miembros de la banda top del <em>grunge<\/em>. <\/p>\n<\/div>\n<div class=\"sc-198be8ec-0 cynXbu image-embed  image-embed \"><picture class=\"sc-198be8ec-1 kOjRiQ\"><source media=\"(min-width: 975px)\" width=\"720\" height=\"480\" \/><img alt=\"St. Vincent performs with Nirvana during the FireAid benefit concert on Thursday, Jan. 30, 2025, at The Forum in Inglewood, Calif. (AP Photo\/Chris Pizzello)\" loading=\"lazy\" width=\"720\" height=\"480\" decoding=\"async\" data-nimg=\"1\" style=\"color:transparent\" src=\"https:\/\/13.com.ar\/wp-content\/uploads\/2025\/01\/1738353873_174_El-grupo-Nirvana-se-junto-en-un-megaconcierto-lleno-de.jpg\"\/><span class=\"epigraphe\">St. Vincent performs with Nirvana during the FireAid benefit concert on Thursday, Jan. 30, 2025, at The Forum in Inglewood, Calif. (AP Photo\/Chris Pizzello)<\/span><span class=\"bkg\"\/><span class=\"picture-open\"><button class=\"open-image\" aria-label=\"Open Image\"\/><\/span><\/picture><\/div>\n<div class=\"sc-80531b6b-0 chRIGJ container-text text-embed\">\n<p>En <strong>2014<\/strong>, Nirvana entr\u00f3 en el <em>Sal\u00f3n de la Fama del Rock and Roll<\/em> y all\u00ed tambi\u00e9n hicieron una participaci\u00f3n junto a St. Vincent, Kim Gordon, Joan Jett y Lorde. Por alguna raz\u00f3n, se ve que decidieron que los temas <strong>post Cobain<\/strong> sean interpretados por mujeres.<\/p>\n<\/div>\n<div class=\"sc-80531b6b-0 chRIGJ container-text text-embed\">\n<p>\u201cPensamos: tienen que ser todas mujeres. Si podemos llenar la actuaci\u00f3n del Sal\u00f3n de la Fama con estas incre\u00edbles mujeres cantando canciones de Nirvana, habremos hecho nuestra propia revoluci\u00f3n\u201d, dijo Grohl. <\/p>\n<\/div>\n<div class=\"sc-80531b6b-0 chRIGJ container-text text-embed\">\n<p>La \u00faltima vez que los ex Nirvana tocaron en un escenario fue en 2018, en pleno festival <em>Cal Jam<\/em> en San Bernardino, California.<\/p>\n<\/div>\n<div class=\"sc-80531b6b-0 chRIGJ container-text text-embed\">\n<p>\u201cLa primera vez que tocamos juntos fue como esa escena de la rueda de cer\u00e1mica en la pel\u00edcula <em>Ghost<\/em>\u201d, agreg\u00f3 Grohl en obvia alusi\u00f3n a la famosa escena protagonizada por Demi Moore y Patrick Swayze.<\/p>\n<\/div>\n<p><h2>Un megaconcierto<\/h2>\n<\/p>\n<div class=\"sc-80531b6b-0 chRIGJ container-text text-embed\">\n<p>La presentaci\u00f3n en el<em> FireAid <\/em>no solo fue una sorpresa total, sino tambi\u00e9n una muestra del impacto que tuvo Nirvana en el rock y en la cultura. El \u00e1mbito no fue de lo m\u00e1s feliz: los incendios en California motorizaron la solidaridad y la m\u00fasica fue de la partida con algo similar a<strong> Live Aid<\/strong>. <\/p>\n<\/div>\n<div class=\"sc-198be8ec-0 cynXbu image-embed  image-embed \"><picture class=\"sc-198be8ec-1 kOjRiQ\"><source media=\"(min-width: 975px)\" width=\"720\" height=\"480\" \/><img alt=\"Anthony Kiedis de Red Hot Chili Peppers, en vivo en FireAid . Foto: Reuters\" loading=\"lazy\" width=\"720\" height=\"480\" decoding=\"async\" data-nimg=\"1\" style=\"color:transparent\" src=\"https:\/\/13.com.ar\/wp-content\/uploads\/2025\/01\/1738353873_394_El-grupo-Nirvana-se-junto-en-un-megaconcierto-lleno-de.jpg\"\/><span class=\"epigraphe\">Anthony Kiedis de Red Hot Chili Peppers, en vivo en FireAid . Foto: Reuters<\/span><span class=\"bkg\"\/><span class=\"picture-open\"><button class=\"open-image\" aria-label=\"Open Image\"\/><\/span><\/picture><\/div>\n<div class=\"sc-80531b6b-0 chRIGJ container-text text-embed\">\n<p><strong>Lady Gaga<\/strong>,<strong> Red Hot Chili Peppers, Billie Eilish,<\/strong> Tate McRae, <strong>Sting<\/strong>, Katy Perry y <strong>Green Day<\/strong> son solamente algunos de los nombres. Hubo m\u00e1s: Gracie Abrams, Jelly Roll, <strong>Olivia Rodrigo<\/strong>, Peso Pluma, <strong>Rod Stewart<\/strong>, Stevie Wonder. Hasta el contextualizable <strong>Earth, Wind &amp; Fire <\/strong>particip\u00f3 de la gesti\u00f3n solidaria.<\/p>\n<\/div>\n<div class=\"sc-198be8ec-0 cynXbu image-embed  image-embed \"><picture class=\"sc-198be8ec-1 kOjRiQ\"><source media=\"(min-width: 975px)\" width=\"720\" height=\"480\" \/><img alt=\"Rod Stewart en pleno concierto FireAid, en Los Angeles. Foto: Reuters\" loading=\"lazy\" width=\"720\" height=\"480\" decoding=\"async\" data-nimg=\"1\" style=\"color:transparent\" src=\"https:\/\/13.com.ar\/wp-content\/uploads\/2025\/01\/1738353873_108_El-grupo-Nirvana-se-junto-en-un-megaconcierto-lleno-de.jpg\"\/><span class=\"epigraphe\">Rod Stewart en pleno concierto FireAid, en Los Angeles. Foto: Reuters<\/span><span class=\"bkg\"\/><span class=\"picture-open\"><button class=\"open-image\" aria-label=\"Open Image\"\/><\/span><\/picture><\/div>\n<div class=\"sc-80531b6b-0 chRIGJ container-text text-embed\">\n<p>La Fundaci\u00f3n Annenberg, conocida por su<strong> liderazgo filantr\u00f3pico<\/strong>, se encargar\u00e1 de distribuir los fondos recaudados. Estos se destinar\u00e1n tanto a esfuerzos de alivio a corto plazo como a iniciativas a largo plazo para prevenir futuros desastres relacionados con incendios en la regi\u00f3n.<\/p>\n<\/div>\n<div class=\"sc-80531b6b-0 chRIGJ container-text text-embed\">\n<p>En cuanto a Nirvana, hay medios internacionales que ya especulan con masfechas. Leamos en Forbes: &#8220;Ser\u00eda interesante ver si surge algo m\u00e1s de esta reuni\u00f3n de Nirvana, posiblemente una gira o m\u00e1s shows \u00fanicos. <strong>Con la tendencia eterna de las giras de reuni\u00f3n<\/strong> en la industria de la m\u00fasica, una gira de reuni\u00f3n de Nirvana a gran escala no parecer\u00eda descabellada&#8221;<\/p>\n<\/div>\n<\/div>\n<p><br \/>\n<br \/><a href=\"https:\/\/www.clarin.com\/espectaculos\/grupo-nirvana-junto-megaconcierto-lleno-estrellas-beneficio-damnificados-incendios-angeles_0_3fzXzFxldg.html\">Fuente Clarin.com <\/a><\/p>\n","protected":false},"excerpt":{"rendered":"<p>Quienes fueron al FireAid, el concierto a beneficio de los daminificados por los incendios en Los Angeles, tuvieron un d\u00e9j\u00e0 vu sublime el jueves pasado cuando los tres integrantes sobrevivientes de Nirvana, Dave Grohl, Krist Novoselic y Pat Smear, entraron al escenario, a pesar de que nada de eso estuviera previsto. Tocaron varios temas clave [&hellip;]<\/p>\n","protected":false},"author":1,"featured_media":1031,"comment_status":"open","ping_status":"open","sticky":false,"template":"","format":"standard","meta":{"footnotes":""},"categories":[2],"tags":[2423,2420,2421,2419,599,2422,776,2418,28,2417,2416,142],"class_list":["post-1030","post","type-post","status-publish","format-standard","has-post-thumbnail","hentry","category-ultimas-noticias","tag-angeles","tag-beneficio","tag-damnificados","tag-estrellas","tag-grupo","tag-incendios","tag-junto","tag-lleno","tag-los","tag-megaconcierto","tag-nirvana","tag-por"],"_links":{"self":[{"href":"https:\/\/13.com.ar\/index.php\/wp-json\/wp\/v2\/posts\/1030","targetHints":{"allow":["GET"]}}],"collection":[{"href":"https:\/\/13.com.ar\/index.php\/wp-json\/wp\/v2\/posts"}],"about":[{"href":"https:\/\/13.com.ar\/index.php\/wp-json\/wp\/v2\/types\/post"}],"author":[{"embeddable":true,"href":"https:\/\/13.com.ar\/index.php\/wp-json\/wp\/v2\/users\/1"}],"replies":[{"embeddable":true,"href":"https:\/\/13.com.ar\/index.php\/wp-json\/wp\/v2\/comments?post=1030"}],"version-history":[{"count":0,"href":"https:\/\/13.com.ar\/index.php\/wp-json\/wp\/v2\/posts\/1030\/revisions"}],"wp:featuredmedia":[{"embeddable":true,"href":"https:\/\/13.com.ar\/index.php\/wp-json\/wp\/v2\/media\/1031"}],"wp:attachment":[{"href":"https:\/\/13.com.ar\/index.php\/wp-json\/wp\/v2\/media?parent=1030"}],"wp:term":[{"taxonomy":"category","embeddable":true,"href":"https:\/\/13.com.ar\/index.php\/wp-json\/wp\/v2\/categories?post=1030"},{"taxonomy":"post_tag","embeddable":true,"href":"https:\/\/13.com.ar\/index.php\/wp-json\/wp\/v2\/tags?post=1030"}],"curies":[{"name":"wp","href":"https:\/\/api.w.org\/{rel}","templated":true}]}}