{"id":1026,"date":"2025-01-31T16:38:16","date_gmt":"2025-01-31T19:38:16","guid":{"rendered":"https:\/\/13.com.ar\/index.php\/la-trazabilidad-electronica-del-ganado-se-postergo-hasta-2026\/"},"modified":"2025-01-31T16:38:16","modified_gmt":"2025-01-31T19:38:16","slug":"la-trazabilidad-electronica-del-ganado-se-postergo-hasta-2026","status":"publish","type":"post","link":"https:\/\/13.com.ar\/index.php\/la-trazabilidad-electronica-del-ganado-se-postergo-hasta-2026\/","title":{"rendered":"La trazabilidad electr\u00f3nica del ganado se posterg\u00f3 hasta 2026"},"content":{"rendered":"<p> <br \/>\n<br \/><img decoding=\"async\" src=\"https:\/\/13.com.ar\/wp-content\/uploads\/2025\/01\/La-trazabilidad-electronica-del-ganado-se-postergo-hasta-2026.jpg\" \/><\/p>\n<div>\n<p>La trazabilidad electr\u00f3nica e individual de la hacienda, que iba a comenzar a aplicarse desde el 1\u00b0 de marzo de 2025, finalmente se postergar\u00e1 hasta 2026.<\/p>\n<\/div>\n<div>\n<p>As\u00ed se lo confirm\u00f3 el propio secretario de Agricultura de la Naci\u00f3n, Sergio Iraeta, a los integrantes de las 4 entidades de la mesa de enlace (CRA, SRA, FAA y Coninagro) durante la reuni\u00f3n que mantuvieron este mi\u00e9rcoles para ajustar cuestiones t\u00e9cnicas de la baja de retenciones.<\/p>\n<\/div>\n<div>\n<p>Consultadas por el medio especializado TNCampo, fuentes de la cartera agropecuaria confirmaron que en los pr\u00f3ximos d\u00edas se estar\u00e1 oficializando la medida, con las modificaciones referidas.<\/p>\n<\/div>\n<div>\n<p>El motivo de la postergaci\u00f3n, seg\u00fan explicaron desde el Gobierno, se debe a que la empresa que gan\u00f3 la licitaci\u00f3n, Datamars, inform\u00f3 que no podr\u00e1 proveer de todos los dispositivos para la fecha pautada.<\/p>\n<\/div>\n<div>\n<p>\u201cDecidimos postergar la aplicaci\u00f3n para<strong> no generar problemas de traslado de hacienda en \u00e9poca de destetes<\/strong>. El tema operativo, con detalles sobre fechas y dem\u00e1s, va a salir todo sobre resoluci\u00f3n en los pr\u00f3ximos d\u00edas\u201d, explicaron desde la cartera agropecuaria a TN.<\/p>\n<\/div>\n<div>\n<p>Por otro lado, aseguraron que \u201cse est\u00e1 evaluando\u201d si se continuar\u00e1 con el mismo proveedor o <strong>se llamar\u00e1 a una nueva licitaci\u00f3n.<\/strong><\/p>\n<\/div>\n<div>\n<p>Si bien la medida gener\u00f3 algunas resistencias entre los productores, las fuentes consultadas aclararon que est\u00e1n convencidos de que la trazabilidad electr\u00f3nica es la mejor alternativa, con probada eficiencia en otros pa\u00edses. \u201cYa est\u00e1 m\u00e1s internalizado en el sector y se entendi\u00f3 que<strong> es un camino a modernizar el sistema<\/strong>, que ya se utiliza en Paraguay, Uruguay, Brasil y Australia\u201d, argumentaron.<\/p>\n<\/div>\n<div>\n<p>En tanto, el Gobierno le dar\u00e1 mayores precisiones a los ruralistas en la reuni\u00f3n que<strong> el pr\u00f3ximo jueves 6 de febrero<\/strong> mantendr\u00e1 el ministro de Econom\u00eda, Luis Caputo, junto a Iraeta, con los integrantes de la mesa de enlace.<\/p>\n<\/div>\n<div>\n<p>De hecho, Iraeta, y el titular de la Agencia de Recaudaci\u00f3n y Control Aduanero (ARCA), Juan Pazo, le adelantaron a los ruralistas sobre la decisi\u00f3n en el reciente encuentro con la mesa de enlace.<\/p>\n<\/div>\n<div>\n<p>Sobre eso, el presidente de Confederaciones Rurales Argentinas (CRA), Carlos Castagnani, consider\u00f3: \u201cLa pr\u00f3rroga de la trazabilidad electr\u00f3nica hasta 2026 abre una oportunidad para<strong> reprogramar su implementaci\u00f3n de manera ordenada <\/strong>y con la previsibilidad que el sector necesita\u201d.<\/p>\n<\/div>\n<p><br \/>\n<br \/><a href=\"https:\/\/www.clarin.com\/rural\/trazabilidad-electronica-ganado-postergo-2026_0_1WSeVBOcu9.html\">Fuente Clarin.com <\/a><\/p>\n","protected":false},"excerpt":{"rendered":"<p>La trazabilidad electr\u00f3nica e individual de la hacienda, que iba a comenzar a aplicarse desde el 1\u00b0 de marzo de 2025, finalmente se postergar\u00e1 hasta 2026. As\u00ed se lo confirm\u00f3 el propio secretario de Agricultura de la Naci\u00f3n, Sergio Iraeta, a los integrantes de las 4 entidades de la mesa de enlace (CRA, SRA, FAA [&hellip;]<\/p>\n","protected":false},"author":1,"featured_media":1027,"comment_status":"open","ping_status":"open","sticky":false,"template":"","format":"standard","meta":{"footnotes":""},"categories":[2],"tags":[100,1227,2413,476,2414,2412],"class_list":["post-1026","post","type-post","status-publish","format-standard","has-post-thumbnail","hentry","category-ultimas-noticias","tag-del","tag-electronica","tag-ganado","tag-hasta","tag-postergo","tag-trazabilidad"],"_links":{"self":[{"href":"https:\/\/13.com.ar\/index.php\/wp-json\/wp\/v2\/posts\/1026","targetHints":{"allow":["GET"]}}],"collection":[{"href":"https:\/\/13.com.ar\/index.php\/wp-json\/wp\/v2\/posts"}],"about":[{"href":"https:\/\/13.com.ar\/index.php\/wp-json\/wp\/v2\/types\/post"}],"author":[{"embeddable":true,"href":"https:\/\/13.com.ar\/index.php\/wp-json\/wp\/v2\/users\/1"}],"replies":[{"embeddable":true,"href":"https:\/\/13.com.ar\/index.php\/wp-json\/wp\/v2\/comments?post=1026"}],"version-history":[{"count":0,"href":"https:\/\/13.com.ar\/index.php\/wp-json\/wp\/v2\/posts\/1026\/revisions"}],"wp:featuredmedia":[{"embeddable":true,"href":"https:\/\/13.com.ar\/index.php\/wp-json\/wp\/v2\/media\/1027"}],"wp:attachment":[{"href":"https:\/\/13.com.ar\/index.php\/wp-json\/wp\/v2\/media?parent=1026"}],"wp:term":[{"taxonomy":"category","embeddable":true,"href":"https:\/\/13.com.ar\/index.php\/wp-json\/wp\/v2\/categories?post=1026"},{"taxonomy":"post_tag","embeddable":true,"href":"https:\/\/13.com.ar\/index.php\/wp-json\/wp\/v2\/tags?post=1026"}],"curies":[{"name":"wp","href":"https:\/\/api.w.org\/{rel}","templated":true}]}}