{"id":1024,"date":"2025-01-31T16:31:39","date_gmt":"2025-01-31T19:31:39","guid":{"rendered":"https:\/\/13.com.ar\/index.php\/este-es-el-garantismo-kirchnerista\/"},"modified":"2025-01-31T16:31:39","modified_gmt":"2025-01-31T19:31:39","slug":"este-es-el-garantismo-kirchnerista","status":"publish","type":"post","link":"https:\/\/13.com.ar\/index.php\/este-es-el-garantismo-kirchnerista\/","title":{"rendered":"Este es el garantismo kirchnerista"},"content":{"rendered":"<p> <br \/>\n<\/p>\n<div id=\"cuerpo\">\n<div class=\"sc-80531b6b-0 chRIGJ container-text text-embed\">\n<p>El brutal crimen de<strong> Lucas Aguilar<\/strong>, un joven de 20 a\u00f1os que trabajaba como delivery, despert\u00f3 una pueblada de vecinos frente a la<strong> Municipalidad de Moreno<\/strong>, que fue reprimida por la Polic\u00eda bonaerense. El ministro de Justicia, <strong>Mariano C\u00faneo Libarona<\/strong>, apunt\u00f3 directamente contra el gobernador <strong>Axel Kicillof<\/strong> al calificar sus pol\u00edticas de seguridad como <strong>&#8220;el garantismo kirchnerista&#8221;<\/strong> y pidi\u00f3 votar contra el peronismo en las elecciones de este a\u00f1o.<\/p>\n<\/div>\n<div class=\"sc-80531b6b-0 chRIGJ container-text text-embed\">\n<p>Lucas Aguilar fue asesinado de al menos siete pu\u00f1aladas al intentar defender a un vendedor ambulante de un ataque. Amigos, compa\u00f1eros y familiares de Lucas fueron a protestar frente a la Municipalidad de Moreno, en el oeste del conurbano, para exigir respuestas. Hubo corridas y piedrazos contra el edificio comunal y veh\u00edculos policiales. La fuerza de seguridad bonaerense detuvo a 15 manifestantes.<\/p>\n<\/div>\n<div class=\"sc-80531b6b-0 chRIGJ container-text text-embed\">\n<p>Frente a los episodios, el ministro de Justicia de la Naci\u00f3n carg\u00f3 contra el mandatario peronista. &#8220;Kicillof reprime a los argentinos de bien que sufren la inseguridad, pero deja a los delincuentes sueltos. Este es el garantismo kirchnerista&#8221;, resumi\u00f3 C\u00faneo Libarona.<\/p>\n<\/div>\n<div class=\"sc-80531b6b-0 chRIGJ container-text text-embed\">\n<p>Adem\u00e1s, el ministro marc\u00f3 un contraste con la gesti\u00f3n libertaria: &#8220;Nosotros hacemos lo contrario: meter presos a los criminales y cuidar a los argentinos&#8221;.<\/p>\n<\/div>\n<div class=\"sc-80531b6b-0 chRIGJ container-text text-embed\">\n<p>En su cr\u00edtica, C\u00faneo Libarona tambi\u00e9n se refiri\u00f3 a las elecciones de medio t\u00e9rmino, que ser\u00e1n en el segundo semestre.  &#8220;Este a\u00f1o en las urnas hay una sola opci\u00f3n para terminar con este caos&#8221;, lanz\u00f3 el ministro que le puso un marco electoralista a su cr\u00edtica.<\/p>\n<\/div>\n<div class=\"sc-106e49c0-0 dcVumd freeHtml-embed undefined\">\n<blockquote class=\"twitter-tweet\">\n<p lang=\"es\" dir=\"ltr\">Kicillof reprime a los argentinos de bien que sufren la inseguridad, pero deja a los delincuentes sueltos. Este es el garantismo kirchnerista.<\/p>\n<p>Nosotros hacemos lo contrario: meter presos a los criminales y cuidar a los argentinos. Este a\u00f1o en las urnas hay una sola opci\u00f3n para\u2026 <a rel=\"nofollow\" target=\"_blank\" href=\"https:\/\/t.co\/ZhmZoZDy1j\">pic.twitter.com\/ZhmZoZDy1j<\/a><\/p>\n<p>\u2014 Mariano C\u00faneo Libarona (@m_cuneolibarona) <a rel=\"nofollow\" target=\"_blank\" href=\"https:\/\/twitter.com\/m_cuneolibarona\/status\/1885395684410401111?ref_src=twsrc%5Etfw\">January 31, 2025<\/a><\/p><\/blockquote>\n<\/div>\n<div class=\"sc-80531b6b-0 chRIGJ container-text text-embed\">\n<p>No fue el \u00fanico funcionario o dirigente libertario que critic\u00f3 a Kicillof. Jos\u00e9 Luis Espert, a quien se le vence su banca como diputado nacional por la Provincia y tiene intenciones de ser candidato a gobernador libertario en 2027, fustig\u00f3 al mandatario kirchnerista. <\/p>\n<\/div>\n<div class=\"sc-80531b6b-0 chRIGJ container-text text-embed\">\n<p>&#8220;\u00bfCu\u00e1ntos muertos m\u00e1s, Kicillof? \u00bfQu\u00e9 est\u00e1s tratando de llegar a una especie de r\u00e9cord Guinness? \u00a1Dej\u00e1 de jugar con la vida de la gente! \u00a1Pone orden ya!&#8221;, poste\u00f3 Espert.<\/p>\n<\/div>\n<div class=\"sc-80531b6b-0 chRIGJ container-text text-embed\">\n<p>En la misma l\u00ednea se expres\u00f3 la diputada nacional y \u00faltima candidata a gobernadora de Buenos Aires por La Libertad Avanza, Carolina Piparo. &#8220;Kicillof lleva a\u00f1os blindado, pero los bonaerenses tienen que saber que al kirchnerismo nunca le import\u00f3 la inseguridad que sufrimos. La esencia K siempre fue amparar a los delincuentes y defender, desde los tres poderes del Estado, a los que arrancan vidas todos d\u00edas&#8221;, remarc\u00f3. Y remat\u00f3: &#8220;Eso son.&#8221;<\/p>\n<\/div>\n<div class=\"sc-106e49c0-0 dcVumd freeHtml-embed undefined\">\n<blockquote class=\"twitter-tweet\">\n<p lang=\"es\" dir=\"ltr\">Kicillof lleva a\u00f1os blindado, pero los bonaerenses tienen que saber que al kirchnerismo nunca le import\u00f3 la inseguridad que sufrimos. <br \/>La esencia K siempre fue amparar a los delincuentes y defender, desde los tres poderes del Estado, a los que arrancan vidas todos d\u00edas.<br \/>Eso son.<\/p>\n<p>\u2014 Carolina Piparo (@CarolinaPiparo) <a rel=\"nofollow\" target=\"_blank\" href=\"https:\/\/twitter.com\/CarolinaPiparo\/status\/1885397878471848210?ref_src=twsrc%5Etfw\">January 31, 2025<\/a><\/p><\/blockquote>\n<\/div>\n<div class=\"sc-80531b6b-0 chRIGJ container-text text-embed\">\n<p>Tambi\u00e9n se pleg\u00f3 a las cr\u00edticas el neolibertario Diego Valenzuela, intendente de Tres de Febrero. &#8220;La situaci\u00f3n de la inseguridad requiere otro nivel de compromiso e involucramiento del gobernador Kicillof. Menos reuniones con los intendentes para hablar de pol\u00edtica y del desdoblamiento de las elecciones, y m\u00e1s prioridad y planificaci\u00f3n para combatir la inseguridad!&#8221;.<\/p>\n<\/div>\n<p><h2>Furia y represi\u00f3n: 15 detenidos en Moreno<\/h2>\n<\/p>\n<div class=\"sc-80531b6b-0 chRIGJ container-text text-embed\">\n<p>Los enfrentamientos dudaron varios minutos. Amigos ya familiares de Lucas prendieron fuego varios neum\u00e1ticos y conos de seguridad, los efectivos avanzaron contra los manifestantes y comenzaron a detener a varios de ellos.<\/p>\n<\/div>\n<div class=\"sc-80531b6b-0 chRIGJ container-text text-embed\">\n<p>En total, unos 15 manifestantes fueron apresados por los agentes e introducidos r\u00e1pidamente por una puerta lateral de la sede de la municipalidad. Tras los incidentes, una veintena de motos qued\u00f3 desperdigada sobre la vereda de la plaza ubicada frente al edificio municipal. Tambi\u00e9n los bolsos y las mochilas de los repartidores, varios de los cuales fueron robados por personas que no participaban de la manifestaci\u00f3n.<\/p>\n<\/div>\n<div class=\"sc-198be8ec-0 cynXbu image-embed  image-embed \"><picture class=\"sc-198be8ec-1 kOjRiQ\"><source media=\"(min-width: 975px)\" width=\"720\" height=\"480\" \/><img alt=\"Marcha en Moreno por el asesinato del delivery Lucas Aguilar. Foto Enrique Garc\u00eda Medina\" loading=\"lazy\" width=\"720\" height=\"480\" decoding=\"async\" data-nimg=\"1\" style=\"color:transparent\" src=\"https:\/\/13.com.ar\/wp-content\/uploads\/2025\/01\/Este-es-el-garantismo-kirchnerista.jpg\"\/><span class=\"epigraphe\">Marcha en Moreno por el asesinato del delivery Lucas Aguilar. Foto Enrique Garc\u00eda Medina<\/span><span class=\"bkg\"\/><span class=\"picture-open\"><button class=\"open-image\" aria-label=\"Open Image\"\/><\/span><\/picture><\/div>\n<div class=\"sc-80531b6b-0 chRIGJ container-text text-embed\">\n<p>&#8220;Le arrebataron la vida como si nada. Todos tenemos miedo, los que trabajamos adentro y los que trabajamos afuera. Todos tenemos miedo de salir en Moreno. No se puede salir ni a la vereda. No se puede salir a la plaza que te roban&#8221;, declar\u00f3 Milagros, la novia de Lucas.<\/p>\n<\/div>\n<\/div>\n<p><script async src=\"\/\/platform.twitter.com\/widgets.js\" charset=\"utf-8\"><\/script><br \/>\n<br \/><br \/>\n<br \/><a href=\"https:\/\/www.clarin.com\/politica\/dura-critica-gobierno-milei-axel-kicillof-inseguridad-conurbano-represion-garantismo-kirchnerista_0_yP3NQlo4wM.html\">Fuente Clarin.com <\/a><\/p>\n","protected":false},"excerpt":{"rendered":"<p>El brutal crimen de Lucas Aguilar, un joven de 20 a\u00f1os que trabajaba como delivery, despert\u00f3 una pueblada de vecinos frente a la Municipalidad de Moreno, que fue reprimida por la Polic\u00eda bonaerense. El ministro de Justicia, Mariano C\u00faneo Libarona, apunt\u00f3 directamente contra el gobernador Axel Kicillof al calificar sus pol\u00edticas de seguridad como &#8220;el [&hellip;]<\/p>\n","protected":false},"author":1,"featured_media":1025,"comment_status":"open","ping_status":"open","sticky":false,"template":"","format":"standard","meta":{"footnotes":""},"categories":[2],"tags":[139,2410,2411],"class_list":["post-1024","post","type-post","status-publish","format-standard","has-post-thumbnail","hentry","category-ultimas-noticias","tag-este","tag-garantismo","tag-kirchnerista"],"_links":{"self":[{"href":"https:\/\/13.com.ar\/index.php\/wp-json\/wp\/v2\/posts\/1024","targetHints":{"allow":["GET"]}}],"collection":[{"href":"https:\/\/13.com.ar\/index.php\/wp-json\/wp\/v2\/posts"}],"about":[{"href":"https:\/\/13.com.ar\/index.php\/wp-json\/wp\/v2\/types\/post"}],"author":[{"embeddable":true,"href":"https:\/\/13.com.ar\/index.php\/wp-json\/wp\/v2\/users\/1"}],"replies":[{"embeddable":true,"href":"https:\/\/13.com.ar\/index.php\/wp-json\/wp\/v2\/comments?post=1024"}],"version-history":[{"count":0,"href":"https:\/\/13.com.ar\/index.php\/wp-json\/wp\/v2\/posts\/1024\/revisions"}],"wp:featuredmedia":[{"embeddable":true,"href":"https:\/\/13.com.ar\/index.php\/wp-json\/wp\/v2\/media\/1025"}],"wp:attachment":[{"href":"https:\/\/13.com.ar\/index.php\/wp-json\/wp\/v2\/media?parent=1024"}],"wp:term":[{"taxonomy":"category","embeddable":true,"href":"https:\/\/13.com.ar\/index.php\/wp-json\/wp\/v2\/categories?post=1024"},{"taxonomy":"post_tag","embeddable":true,"href":"https:\/\/13.com.ar\/index.php\/wp-json\/wp\/v2\/tags?post=1024"}],"curies":[{"name":"wp","href":"https:\/\/api.w.org\/{rel}","templated":true}]}}