{"id":1020,"date":"2025-01-31T16:25:11","date_gmt":"2025-01-31T19:25:11","guid":{"rendered":"https:\/\/13.com.ar\/index.php\/donald-trump-declara-la-guerra-comercial-a-mexico-y-canada-que-puede-pasar\/"},"modified":"2025-01-31T16:25:11","modified_gmt":"2025-01-31T19:25:11","slug":"donald-trump-declara-la-guerra-comercial-a-mexico-y-canada-que-puede-pasar","status":"publish","type":"post","link":"https:\/\/13.com.ar\/index.php\/donald-trump-declara-la-guerra-comercial-a-mexico-y-canada-que-puede-pasar\/","title":{"rendered":"Donald Trump declara la guerra comercial a M\u00e9xico y Canad\u00e1: \u00bfQu\u00e9 puede pasar?"},"content":{"rendered":"<p> <br \/>\n<\/p>\n<div id=\"cuerpo\">\n<div class=\"sc-80531b6b-0 chRIGJ container-text text-embed\">\n<p>\u00bfCumplir\u00e1 el presidente estadounidense <strong>Donald Trump<\/strong> su amenaza de imponer aranceles a los productos canadienses y mexicanos este s\u00e1bado? La pregunta est\u00e1 en boca de todos este viernes, y las consecuencias podr\u00edan ser graves para los tres pa\u00edses.<\/p>\n<\/div>\n<div class=\"sc-80531b6b-0 chRIGJ container-text text-embed\">\n<p>Trump, que regres\u00f3 a la Casa Blanca hace apenas 11 d\u00edas, <strong>anunci\u00f3 su intenci\u00f3n de imponer aranceles del 25% a los productos de Canad\u00e1 y M\u00e9xico<\/strong> el 1 de febrero.<\/p>\n<\/div>\n<div class=\"sc-80531b6b-0 chRIGJ container-text text-embed\">\n<p>Estos dos pa\u00edses est\u00e1n te\u00f3ricamente protegidos por el acuerdo de libre comercio T-MEC firmado en 2020, durante el primer mandato del republicano. Pero eso solo en teor\u00eda.<\/p>\n<\/div>\n<div class=\"sc-80531b6b-0 chRIGJ container-text text-embed\">\n<p>&#13;<br \/>\n El jueves el magnate declar\u00f3 que decidir\u00eda de un d\u00eda para otro si exim\u00eda o no de los aranceles al petr\u00f3leo producido en estos dos pa\u00edses. <\/p>\n<\/div>\n<div class=\"sc-80531b6b-0 chRIGJ container-text text-embed\">\n<p>Desde este s\u00e1bado tambi\u00e9n prev\u00e9 someter los productos chinos a un gravamen del 10%. Adem\u00e1s, el jueves reiter\u00f3 sus <strong>amenazas de imponer aranceles &#8220;del 100%&#8221; a los BRICS <\/strong>(Brasil, Rusia, India, China, Sud\u00e1frica..) si eluden el uso del d\u00f3lar en sus intercambios internacionales.<\/p>\n<\/div>\n<div class=\"sc-80531b6b-0 chRIGJ container-text text-embed\">\n<p>&#13;<br \/>\n Seg\u00fan Oxford Economics, si lo hiciera la econom\u00eda estadounidense perder\u00eda 1,2 puntos porcentuales de crecimiento, y M\u00e9xico podr\u00eda sumirse en una recesi\u00f3n. <\/p>\n<\/div>\n<div class=\"sc-198be8ec-0 cynXbu image-embed  image-embed \"><picture class=\"sc-198be8ec-1 kOjRiQ\"><source media=\"(min-width: 975px)\" width=\"720\" height=\"480\" \/><img alt=\"La presidenta de M\u00e9xico, Claudia Sheinbaum, en su conferencia matutina en Palacio Nacional en Ciudad de M\u00e9xico. Foto: EFE  \" loading=\"lazy\" width=\"720\" height=\"480\" decoding=\"async\" data-nimg=\"1\" style=\"color:transparent\" src=\"https:\/\/13.com.ar\/wp-content\/uploads\/2025\/01\/Donald-Trump-declara-la-guerra-comercial-a-Mexico-y-Canada.jpg\"\/><span class=\"epigraphe\">La presidenta de M\u00e9xico, Claudia Sheinbaum, en su conferencia matutina en Palacio Nacional en Ciudad de M\u00e9xico. Foto: EFE  <\/span><span class=\"bkg\"\/><span class=\"picture-open\"><button class=\"open-image\" aria-label=\"Open Image\"\/><\/span><\/picture><\/div>\n<div class=\"sc-80531b6b-0 chRIGJ container-text text-embed\">\n<p>&#13;<br \/>\n Para Wendong Zhang, profesor de la Universidad de Cornell, aunque el choque no ser\u00eda tan grande para Estados Unidos, s\u00ed lo ser\u00eda sin duda para los otros dos pa\u00edses.<\/p>\n<\/div>\n<div class=\"sc-80531b6b-0 chRIGJ container-text text-embed\">\n<p>&#8220;En ese escenario, Canad\u00e1 y M\u00e9xico pueden esperar que su PBI se contraiga un 3,6% y un 2% respectivamente, y Estados Unidos un 0,3%&#8221;, estim\u00f3.<\/p>\n<\/div>\n<div class=\"sc-80531b6b-0 chRIGJ container-text text-embed\">\n<p>&#13;<br \/>\n &#8220;China tambi\u00e9n sufrir\u00eda de una escalada en la guerra comercial existente, pero al mismo tiempo se beneficiar\u00eda (de las tensiones entre Estados Unidos), M\u00e9xico y Canad\u00e1&#8221;, a\u00f1ade.<\/p>\n<\/div>\n<p><h2>Amenaza de campa\u00f1a<\/h2>\n<\/p>\n<div class=\"sc-80531b6b-0 chRIGJ container-text text-embed\">\n<p>Durante la campa\u00f1a, el candidato republicano dijo que quer\u00eda imponer derechos de aduana del 10% al 20% a todos los productos importados en Estados Unidos<strong>, e incluso del 60% al 100% a los procedentes de China.<\/strong><\/p>\n<\/div>\n<div class=\"sc-80531b6b-0 chRIGJ container-text text-embed\">\n<p>&#13;<br \/>\n El objetivo en aquel momento era compensar econ\u00f3micamente los recortes fiscales que tambi\u00e9n quer\u00eda aplicar durante su mandato. <\/p>\n<\/div>\n<div class=\"sc-80531b6b-0 chRIGJ container-text text-embed\">\n<p>Desde que gan\u00f3 las elecciones el tono ha cambiado.<\/p>\n<\/div>\n<div class=\"sc-80531b6b-0 chRIGJ container-text text-embed\">\n<p>En lugar de una herramienta para compensar la ca\u00edda de las entradas fiscales, los aranceles se han convertido, como lo fueron durante su primer mandato, en <strong>un arma que esgrime para forzar las negociaciones y obtener concesiones.<\/strong><\/p>\n<\/div>\n<div class=\"sc-198be8ec-0 cynXbu image-embed  image-embed \"><picture class=\"sc-198be8ec-1 kOjRiQ\"><source media=\"(min-width: 975px)\" width=\"720\" height=\"480\" \/><img alt=\"Paltas y bananas de M\u00e9xico, en un supermercado de San Francisco, California, en EE.UU. Foto: BLOOMBERG  \" loading=\"lazy\" width=\"720\" height=\"480\" decoding=\"async\" data-nimg=\"1\" style=\"color:transparent\" src=\"https:\/\/13.com.ar\/wp-content\/uploads\/2025\/01\/1738351511_303_Donald-Trump-declara-la-guerra-comercial-a-Mexico-y-Canada.jpg\"\/><span class=\"epigraphe\">Paltas y bananas de M\u00e9xico, en un supermercado de San Francisco, California, en EE.UU. Foto: BLOOMBERG  <\/span><span class=\"bkg\"\/><span class=\"picture-open\"><button class=\"open-image\" aria-label=\"Open Image\"\/><\/span><\/picture><\/div>\n<div class=\"sc-80531b6b-0 chRIGJ container-text text-embed\">\n<p>&#13;<br \/>\n Donald Trump explic\u00f3 que los aranceles eran una respuesta a la incapacidad de sus vecinos para frenar el flujo de drogas, en particular el fentanilo, y de migrantes hacia Estados Unidos. <\/p>\n<\/div>\n<div class=\"sc-80531b6b-0 chRIGJ container-text text-embed\">\n<p>&#13;<br \/>\n Su candidato a secretario de Comercio, Howard Lutnick, lo calific\u00f3 de &#8220;acto de pol\u00edtica interna&#8221; durante su audiencia en el Senado. <\/p>\n<\/div>\n<div class=\"sc-80531b6b-0 chRIGJ container-text text-embed\">\n<p>&#13;<br \/>\n &#8220;Estos aranceles est\u00e1n dise\u00f1ados simplemente para empujarlos a cerrar sus fronteras&#8221;, insisti\u00f3. &#8220;Se trata de un arancel especial, dise\u00f1ado para empujarlos a actuar&#8221;. <\/p>\n<\/div>\n<div class=\"sc-80531b6b-0 chRIGJ container-text text-embed\">\n<p>La presidenta mexicana, Claudia Sheinbaum, se mostr\u00f3 bastante optimista el mi\u00e9rcoles: &#8220;No creemos que vaya a ocurrir, la verdad. Y si ocurre, tambi\u00e9n tenemos nuestro plan&#8221;. Este viernes, reiter\u00f3 que su gobierno tiene &#8220;un plan A, un plan B y un plan C&#8221; si el jefe de la Casa Blanca cumple con su amenaza.<\/p>\n<\/div>\n<p><h2>Incertidumbre en M\u00e9xico y Canad\u00e1<\/h2>\n<\/p>\n<div class=\"sc-80531b6b-0 chRIGJ container-text text-embed\">\n<p>Esto no quita la preocupaci\u00f3n, sobre todo para el sector agr\u00edcola, que exporta una gran parte de sus productos a Estados Unidos.<\/p>\n<\/div>\n<div class=\"sc-80531b6b-0 chRIGJ container-text text-embed\">\n<p>&#8220;<strong>Casi el 80% de nuestras exportaciones van a Estados Unidos<\/strong> y, en cualquier caso, cualquier cosa que pueda provocar un choque es motivo de preocupaci\u00f3n&#8221;, declar\u00f3 el martes a la AFP Juan Cortina, presidente del Consejo Nacional Agropecuario de M\u00e9xico.<\/p>\n<\/div>\n<div class=\"sc-198be8ec-0 cynXbu image-embed  image-embed \"><picture class=\"sc-198be8ec-1 kOjRiQ\"><source media=\"(min-width: 975px)\" width=\"720\" height=\"480\" \/><img alt=\"El primer ministro de Canad\u00e1, Justin Trudeau, tambi\u00e9n habl\u00f3 sobre los posibles aranceles de Donald Trump. Foto: REUTERS   \" loading=\"lazy\" width=\"720\" height=\"480\" decoding=\"async\" data-nimg=\"1\" style=\"color:transparent\" src=\"https:\/\/13.com.ar\/wp-content\/uploads\/2025\/01\/1738351511_87_Donald-Trump-declara-la-guerra-comercial-a-Mexico-y-Canada.jpg\"\/><span class=\"epigraphe\">El primer ministro de Canad\u00e1, Justin Trudeau, tambi\u00e9n habl\u00f3 sobre los posibles aranceles de Donald Trump. Foto: REUTERS   <\/span><span class=\"bkg\"\/><span class=\"picture-open\"><button class=\"open-image\" aria-label=\"Open Image\"\/><\/span><\/picture><\/div>\n<div class=\"sc-80531b6b-0 chRIGJ container-text text-embed\">\n<p>En el lado canadiense, la posibilidad de aranceles sirvi\u00f3 para acentuar la crisis pol\u00edtica que ya carcom\u00eda al gobierno del primer ministro Justin Trudeau, quien termin\u00f3 dimitiendo.<\/p>\n<\/div>\n<div class=\"sc-80531b6b-0 chRIGJ container-text text-embed\">\n<p>&#13;<br \/>\n El ministro canadiense de Seguridad P\u00fablica, David McGuinty, estuvo el jueves en Washington para presentar las l\u00edneas maestras del plan para reforzar la seguridad en la frontera entre Canad\u00e1 y Estados Unidos. <\/p>\n<\/div>\n<div class=\"sc-80531b6b-0 chRIGJ container-text text-embed\">\n<p>&#13;<br \/>\n Howard Lutnick fue muy claro el martes: &#8220;S\u00e9 que se mueven r\u00e1pido&#8221;, dijo refiri\u00e9ndose a los dos pa\u00edses. &#8220;Si hacen lo correcto, no habr\u00e1 aranceles&#8221;.<\/p>\n<\/div>\n<div class=\"sc-80531b6b-0 chRIGJ container-text text-embed\">\n<p>Esta situaci\u00f3n recuerda a las tensiones entre Washington y Bogot\u00e1 el pasado fin de semana, cuando Colombia se neg\u00f3 inicialmente a permitir el aterrizaje de aviones militares con migrantes expulsados.<\/p>\n<\/div>\n<div class=\"sc-80531b6b-0 chRIGJ container-text text-embed\">\n<p>El mandatario estadounidense anunci\u00f3 entonces una serie de sanciones, entre ellas aranceles del 25% que llegar\u00edan 50%, a lo que su hom\u00f3logo colombiano, Gustavo Petro, respondi\u00f3 con represalias, antes de que ambos llegaran a un acuerdo sobre las modalidades de retorno de los migrantes.<\/p>\n<\/div>\n<\/div>\n<p><br \/>\n<br \/><a href=\"https:\/\/www.clarin.com\/mundo\/donald-trump-declara-guerra-comercial-mexico-canada-puede-pasar_0_hSHzlUkh9c.html\">Fuente Clarin.com <\/a><\/p>\n","protected":false},"excerpt":{"rendered":"<p>\u00bfCumplir\u00e1 el presidente estadounidense Donald Trump su amenaza de imponer aranceles a los productos canadienses y mexicanos este s\u00e1bado? La pregunta est\u00e1 en boca de todos este viernes, y las consecuencias podr\u00edan ser graves para los tres pa\u00edses. Trump, que regres\u00f3 a la Casa Blanca hace apenas 11 d\u00edas, anunci\u00f3 su intenci\u00f3n de imponer aranceles [&hellip;]<\/p>\n","protected":false},"author":1,"featured_media":1021,"comment_status":"open","ping_status":"open","sticky":false,"template":"","format":"standard","meta":{"footnotes":""},"categories":[2],"tags":[2182,1419,2402,178,1864,184,64,136,286,179],"class_list":["post-1020","post","type-post","status-publish","format-standard","has-post-thumbnail","hentry","category-ultimas-noticias","tag-canada","tag-comercial","tag-declara","tag-donald","tag-guerra","tag-mexico","tag-pasar","tag-puede","tag-que","tag-trump"],"_links":{"self":[{"href":"https:\/\/13.com.ar\/index.php\/wp-json\/wp\/v2\/posts\/1020","targetHints":{"allow":["GET"]}}],"collection":[{"href":"https:\/\/13.com.ar\/index.php\/wp-json\/wp\/v2\/posts"}],"about":[{"href":"https:\/\/13.com.ar\/index.php\/wp-json\/wp\/v2\/types\/post"}],"author":[{"embeddable":true,"href":"https:\/\/13.com.ar\/index.php\/wp-json\/wp\/v2\/users\/1"}],"replies":[{"embeddable":true,"href":"https:\/\/13.com.ar\/index.php\/wp-json\/wp\/v2\/comments?post=1020"}],"version-history":[{"count":0,"href":"https:\/\/13.com.ar\/index.php\/wp-json\/wp\/v2\/posts\/1020\/revisions"}],"wp:featuredmedia":[{"embeddable":true,"href":"https:\/\/13.com.ar\/index.php\/wp-json\/wp\/v2\/media\/1021"}],"wp:attachment":[{"href":"https:\/\/13.com.ar\/index.php\/wp-json\/wp\/v2\/media?parent=1020"}],"wp:term":[{"taxonomy":"category","embeddable":true,"href":"https:\/\/13.com.ar\/index.php\/wp-json\/wp\/v2\/categories?post=1020"},{"taxonomy":"post_tag","embeddable":true,"href":"https:\/\/13.com.ar\/index.php\/wp-json\/wp\/v2\/tags?post=1020"}],"curies":[{"name":"wp","href":"https:\/\/api.w.org\/{rel}","templated":true}]}}