{"id":1018,"date":"2025-01-31T16:21:26","date_gmt":"2025-01-31T19:21:26","guid":{"rendered":"https:\/\/13.com.ar\/index.php\/compactaran-mas-de-1-300-autos-abandonados-y-donaran-a-los-bomberos-lo-recaudado\/"},"modified":"2025-01-31T16:21:26","modified_gmt":"2025-01-31T19:21:26","slug":"compactaran-mas-de-1-300-autos-abandonados-y-donaran-a-los-bomberos-lo-recaudado","status":"publish","type":"post","link":"https:\/\/13.com.ar\/index.php\/compactaran-mas-de-1-300-autos-abandonados-y-donaran-a-los-bomberos-lo-recaudado\/","title":{"rendered":"compactar\u00e1n m\u00e1s de 1.300 autos abandonados y donar\u00e1n a los bomberos lo recaudado"},"content":{"rendered":"<p> <br \/>\n<\/p>\n<div id=\"cuerpo\">\n<div class=\"sc-80531b6b-0 chRIGJ container-text text-embed\">\n<p>La acumulaci\u00f3n de residuos en dep\u00f3sitos suele contribuir a problemas ambientales, de inseguridad y sanitarios, especialmente relacionados a la epidemia del dengue. Es por eso, que el <strong>Municipio de San Isidro<\/strong> llevar\u00e1 a cabo, durante dos meses, <strong>la compactaci\u00f3n de m\u00e1s de 1.300 autos abandonados<\/strong> que llevan un tiempo acumulados en el dep\u00f3sito fiscal de Bajo Boulogne.<\/p>\n<\/div>\n<div class=\"sc-80531b6b-0 chRIGJ container-text text-embed\">\n<p>Los autos en cuesti\u00f3n fueron removidos de la v\u00eda p\u00fablica por cometer faltas o encontrarse abandonados y permanecieron en el dep\u00f3sito a lo largo de los \u00faltimos a\u00f1os sin una pol\u00edtica clara sobre qu\u00e9 hacer con ellos, convirti\u00e9ndose en una amenaza para la salud p\u00fablica.<\/p>\n<\/div>\n<div class=\"sc-80531b6b-0 chRIGJ container-text text-embed\">\n<p>Gracias a esta propuesta <strong>se espera recaudar alrededor de 15 millones de pesos<\/strong> por el desguace y la compactaci\u00f3n de los automotores, los cuales ser\u00e1n destinados a los<strong> Bomberos Voluntarios<\/strong>.<\/p>\n<\/div>\n<div class=\"sc-198be8ec-0 cynXbu image-embed  image-embed \"><picture class=\"sc-198be8ec-1 kOjRiQ\"><source media=\"(min-width: 975px)\" width=\"720\" height=\"480\" \/><img alt=\"El dinero recaudado por el desguace y la compactaci\u00f3n de los veh\u00edculos ser\u00e1 donado los Bomberos Voluntarios\" loading=\"lazy\" width=\"720\" height=\"480\" decoding=\"async\" data-nimg=\"1\" style=\"color:transparent\" src=\"https:\/\/13.com.ar\/wp-content\/uploads\/2025\/01\/compactaran-mas-de-1300-autos-abandonados-y-donaran-a-los.jpg\"\/><span class=\"epigraphe\">El dinero recaudado por el desguace y la compactaci\u00f3n de los veh\u00edculos ser\u00e1 donado los Bomberos Voluntarios<\/span><span class=\"bkg\"\/><span class=\"picture-open\"><button class=\"open-image\" aria-label=\"Open Image\"\/><\/span><\/picture><\/div>\n<div class=\"sc-80531b6b-0 chRIGJ container-text text-embed\">\n<p>Otra de las principales razones por las que se decide compactar los veh\u00edculos tiene relaci\u00f3n con las problem\u00e1ticas de salud que implica el acopio de estos residuos en el dep\u00f3sito. <strong>Adem\u00e1s de ocupar lugar y afear el paisaje, acumulan basura y agua estancada,<\/strong> <strong>creando un ambiente propicio para la reproducci\u00f3n de mosquitos<\/strong>, especialmente el Aedes aegypti, conocido por ser vector del dengue. A su vez, la disposici\u00f3n desordenada y el mal estado de los veh\u00edculos llevaron incluso a incidentes de incendios.<\/p>\n<\/div>\n<div class=\"sc-80531b6b-0 chRIGJ container-text text-embed\">\n<p>Frente a esta problem\u00e1tica, el Municipio decidi\u00f3 declarar la emergencia en el dep\u00f3sito y adherir al Programa Nacional de Descontaminaci\u00f3n, Compactaci\u00f3n y Disposici\u00f3n Final de Automotores (PRO.DE.CO) para deshacerse de los autos. El objetivo es ordenar el dep\u00f3sito fiscal, optimizar su capacidad y mejorar su operatividad, para proceder a <strong>la deschatarrizaci\u00f3n <\/strong>del predio como medida de prevenci\u00f3n sanitaria en la campa\u00f1a de lucha contra el dengue.<\/p>\n<\/div>\n<div class=\"sc-80531b6b-0 chRIGJ container-text text-embed\">\n<p>Los veh\u00edculos judicializados, ya sean autos o camionetas, de diferentes marcas y modelos, quemados, sin faros ni \u00f3pticas, con las lunetas o los parabrisas da\u00f1ados, carentes de neum\u00e1ticos y motores ser\u00e1n compactados en el dep\u00f3sito fiscal que se encuentra ubicado en calle Buenos Aires y Jun\u00edn en el barrio de Bajo Boulogne.<\/p>\n<\/div>\n<div class=\"sc-ad4aedf2-0 dPPgNJ border-video video-embed horizontal border-video video-embed horizontal\">\n<div class=\"sc-ad4aedf2-1 hnFuni videoText videoText\">\n<h2>Video<\/h2>\n<p>Compactar\u00e1n en San Isidro m\u00e1s de 1.300 autos abandonados<\/p>\n<\/div>\n<\/div>\n<div class=\"sc-80531b6b-0 chRIGJ container-text text-embed\">\n<p>Actualmente <strong>en el predio hay acumulados 2.676 autos<\/strong>, de los cuales 1376 corresponden al municipio y otros 1.300 que est\u00e1n bajo custodia policial de la Provincia de Buenos Aires ya que forman parte de alguna causa judicial.<\/p>\n<\/div>\n<div class=\"sc-80531b6b-0 chRIGJ container-text text-embed\">\n<p>La Comuna inform\u00f3 que antes de proceder con la compactaci\u00f3n de los autos, se har\u00e1 una comunicaci\u00f3n para convocar a los titulares de los veh\u00edculos que deseen subsanar faltas y recuperarlos. \u201cEsto sin perjuicio de que ya transcurri\u00f3 un per\u00edodo prolongado de tiempo desde la remoci\u00f3n de los mismos que hace presumir un desinter\u00e9s por recuperarlos\u201d, se\u00f1alaron.<\/p>\n<\/div>\n<div class=\"sc-80531b6b-0 chRIGJ container-text text-embed\">\n<p>Ram\u00f3n Lan\u00fas, intendente de San Isidro, tambi\u00e9n record\u00f3 otro de los motivos por el que se tom\u00f3 esta decisi\u00f3n: \u201cNuestra campa\u00f1a incluye tambi\u00e9n <strong>intimar a todos los veh\u00edculos que est\u00e1n abandonados en la calle para que los propietarios los retiren de ese lugar<\/strong>. Si no lo hacen, los vamos a traer para este predio para seguir con el proceso de chatarrizaci\u00f3n\u201d.<\/p>\n<\/div>\n<p><h3>\u00bfC\u00f3mo es el proceso ante un auto abandonado?<\/h3>\n<\/p>\n<div class=\"sc-80531b6b-0 chRIGJ container-text text-embed\">\n<p>Ante un reclamo por auto abandonado, el equipo de Tr\u00e1nsito de la Municipalidad va a constatar la situaci\u00f3n y en primera instancia se deja una notificaci\u00f3n al vecino dando aviso de la falta, pidiendo que retire el auto. En una segunda instancia, despu\u00e9s de 5 d\u00edas, y si el auto sigue en el mismo lugar, se coloca un sticker en el veh\u00edculo relevado para que la gr\u00faa pueda levantarlo.<\/p>\n<\/div>\n<div class=\"sc-80531b6b-0 chRIGJ container-text text-embed\">\n<p>El Municipio incorpor\u00f3 una nueva gr\u00faa con mayor capacidad para levantar hasta diez veh\u00edculos por d\u00eda. La log\u00edstica implica enganchar y levantar cada veh\u00edculo, llevarlo a la playa correspondiente y volver a buscar m\u00e1s veh\u00edculos. Adem\u00e1s, en las pr\u00f3ximas semanas se incorporar\u00e1n dos gr\u00faas cero kil\u00f3metro para dar una respuesta m\u00e1s \u00e1gil a los problemas de convivencia vial, como el bloqueo de cocheras y rampas.<\/p>\n<\/div>\n<div class=\"sc-80531b6b-0 chRIGJ container-text text-embed\">\n<p>Aquellos vecinos que quieran denunciar la ubicaci\u00f3n de un auto abandonado pueden hacerlo a trav\u00e9s de la App San Isidro Digital o del tel\u00e9fono del Cuerpo de Agentes de Tr\u00e1nsito, que recibe mensajes de <strong>WhatsApp al 11-5824-2443 durante todo el d\u00eda y llamadas de lunes a s\u00e1bado de 8:00 a 17:00.<\/strong><\/p>\n<\/div>\n<\/div>\n<p><br \/>\n<br \/><a href=\"https:\/\/www.clarin.com\/zonales\/san-isidro-compactaran-1300-autos-abandonados-donaran-bomberos-recaudado_0_iZsrgI1Sn6.html\">Fuente Clarin.com <\/a><\/p>\n","protected":false},"excerpt":{"rendered":"<p>La acumulaci\u00f3n de residuos en dep\u00f3sitos suele contribuir a problemas ambientales, de inseguridad y sanitarios, especialmente relacionados a la epidemia del dengue. Es por eso, que el Municipio de San Isidro llevar\u00e1 a cabo, durante dos meses, la compactaci\u00f3n de m\u00e1s de 1.300 autos abandonados que llevan un tiempo acumulados en el dep\u00f3sito fiscal de [&hellip;]<\/p>\n","protected":false},"author":1,"featured_media":1019,"comment_status":"open","ping_status":"open","sticky":false,"template":"","format":"standard","meta":{"footnotes":""},"categories":[2],"tags":[2398,2320,2400,2397,2399,28,155,2401],"class_list":["post-1018","post","type-post","status-publish","format-standard","has-post-thumbnail","hentry","category-ultimas-noticias","tag-abandonados","tag-autos","tag-bomberos","tag-compactaran","tag-donaran","tag-los","tag-mas","tag-recaudado"],"_links":{"self":[{"href":"https:\/\/13.com.ar\/index.php\/wp-json\/wp\/v2\/posts\/1018","targetHints":{"allow":["GET"]}}],"collection":[{"href":"https:\/\/13.com.ar\/index.php\/wp-json\/wp\/v2\/posts"}],"about":[{"href":"https:\/\/13.com.ar\/index.php\/wp-json\/wp\/v2\/types\/post"}],"author":[{"embeddable":true,"href":"https:\/\/13.com.ar\/index.php\/wp-json\/wp\/v2\/users\/1"}],"replies":[{"embeddable":true,"href":"https:\/\/13.com.ar\/index.php\/wp-json\/wp\/v2\/comments?post=1018"}],"version-history":[{"count":0,"href":"https:\/\/13.com.ar\/index.php\/wp-json\/wp\/v2\/posts\/1018\/revisions"}],"wp:featuredmedia":[{"embeddable":true,"href":"https:\/\/13.com.ar\/index.php\/wp-json\/wp\/v2\/media\/1019"}],"wp:attachment":[{"href":"https:\/\/13.com.ar\/index.php\/wp-json\/wp\/v2\/media?parent=1018"}],"wp:term":[{"taxonomy":"category","embeddable":true,"href":"https:\/\/13.com.ar\/index.php\/wp-json\/wp\/v2\/categories?post=1018"},{"taxonomy":"post_tag","embeddable":true,"href":"https:\/\/13.com.ar\/index.php\/wp-json\/wp\/v2\/tags?post=1018"}],"curies":[{"name":"wp","href":"https:\/\/api.w.org\/{rel}","templated":true}]}}