{"id":1016,"date":"2025-01-31T16:16:20","date_gmt":"2025-01-31T19:16:20","guid":{"rendered":"https:\/\/13.com.ar\/index.php\/donde-se-espera-el-impacto-y-cuanto-pesa-segun-la-nasa\/"},"modified":"2025-01-31T16:16:20","modified_gmt":"2025-01-31T19:16:20","slug":"donde-se-espera-el-impacto-y-cuanto-pesa-segun-la-nasa","status":"publish","type":"post","link":"https:\/\/13.com.ar\/index.php\/donde-se-espera-el-impacto-y-cuanto-pesa-segun-la-nasa\/","title":{"rendered":"d\u00f3nde se espera el impacto y cu\u00e1nto pesa seg\u00fan la NASA"},"content":{"rendered":"<p> <br \/>\n<br \/><img decoding=\"async\" src=\"https:\/\/13.com.ar\/wp-content\/uploads\/2025\/01\/donde-se-espera-el-impacto-y-cuanto-pesa-segun-la.jpg\" \/><\/p>\n<div>\n<p>Despu\u00e9s de m\u00e1s de dos d\u00e9cadas en \u00f3rbita, la <strong>Estaci\u00f3n Espacial Internacional<\/strong> (<strong>EEI <\/strong>&#8211; <strong>ISS<\/strong> en ingl\u00e9s) tiene los d\u00edas contados. La <strong>NASA <\/strong>confirm\u00f3 que su reingreso a la <strong>atm\u00f3sfera terrestre<\/strong> tiene fecha confirmada y que <strong>su impacto ser\u00e1 en una zona controlada<\/strong>. Su enorme estructura utilizada por la <strong>ciencia<\/strong>, hace que su descenso requiera maniobras precisas.<\/p>\n<\/div>\n<div>\n<p>El desmantelamiento de la <strong>EEI <\/strong>se debe a distintos factores, como el desgaste de su estructura y el retiro de algunos pa\u00edses socios del proyecto. Para garantizar que su ca\u00edda no represente un riesgo, la <strong>agencia espacial estadounidense<\/strong> estableci\u00f3 un plan detallado de desorbitaci\u00f3n, ya que sus dimensiones son comparables a las de una <strong>cancha de f\u00fatbol<\/strong>. <\/p>\n<\/div>\n<div>\n<p>La <strong>NASA <\/strong>decidi\u00f3 que la <strong>EEI <\/strong>ser\u00e1 dirigida hacia el <strong>Punto Nemo<\/strong>, un sector remoto del <strong>oc\u00e9ano Pac\u00edfico<\/strong> considerado el <strong>lugar m\u00e1s aislado del planeta<\/strong>. Ubicado a unos <strong>4.800 kil\u00f3metros de la costa de Nueva Zelanda y a 3.800 kil\u00f3metros de la Ant\u00e1rtida<\/strong>, este sitio fue utilizado anteriormente para la ca\u00edda controlada de sat\u00e9lites y otros desechos espaciales.<\/p>\n<\/div>\n<div>\n<p>El reingreso de la estaci\u00f3n est\u00e1 programado para <strong>2031 <\/strong>y su descenso requerir\u00e1 maniobras precisas para evitar cualquier riesgo. Para garantizar un impacto seguro, se desarrollar\u00e1 un plan en varias etapas:<\/p>\n<\/div>\n<div>\n<p>La <strong>Estaci\u00f3n Espacial Internacional<\/strong> es un <strong>laboratorio orbital<\/strong> que funciona como una <strong>peque\u00f1a ciudad cient\u00edfica en el espacio<\/strong>, ubicada a aproximadamente 400 kil\u00f3metros de la <strong>Tierra<\/strong>.<\/p>\n<\/div>\n<div>\n<p>El proyecto es una colaboraci\u00f3n internacional en la que participan la <strong>Agencia Espacial Europea<\/strong> (15 pa\u00edses), <strong>Jap\u00f3n<\/strong>, <strong>Rusia<\/strong>, <strong>Estados Unidos<\/strong> y <strong>Canad\u00e1<\/strong>. Su estructura est\u00e1 compuesta por m\u00f3dulos cil\u00edndricos interconectados, alimentados por energ\u00eda solar y con sistemas de refrigeraci\u00f3n para disipar el calor. Actualmente, <strong>la EEI mide aproximadamente 100 metros de largo y 80 metros de ancho<\/strong>, dimensiones comparables a una cancha de f\u00fatbol.<\/p>\n<\/div>\n<div>\n<p>La <strong>EEI<\/strong> es una de las estructuras m\u00e1s grandes jam\u00e1s enviadas al espacio. <strong>Su peso aproximado es de 450 toneladas<\/strong>, y su dise\u00f1o modular le permite albergar astronautas de distintas nacionalidades para llevar a cabo investigaciones cient\u00edficas de gran relevancia.<\/p>\n<\/div>\n<div>\n<p>Desde su primer m\u00f3dulo lanzado el <strong>20 de noviembre de 1998<\/strong>, la EEI est\u00e1 en funcionamiento y lleva m\u00e1s 25 a\u00f1os, pero su infraestructura presenta <strong>signos de deterioro<\/strong> y mantenimiento cada vez m\u00e1s complejo. Adem\u00e1s, <strong>Rusia<\/strong>, uno de los principales socios del proyecto, anunci\u00f3 que <strong>se retirar\u00e1 en 2028, lo que afectar\u00e1 la operatividad de la estaci\u00f3n<\/strong>.<\/p>\n<\/div>\n<div>\n<p>A pesar de su retiro, el legado de la <strong>EEI <\/strong>no desaparecer\u00e1. La <strong>NASA <\/strong>y otras agencias espaciales ya est\u00e1n planificando el desarrollo de nuevas estaciones espaciales privadas y proyectos que dar\u00e1n continuidad a la exploraci\u00f3n del espacio.<\/p>\n<\/div>\n<p><br \/>\n<br \/><a href=\"https:\/\/www.clarin.com\/informacion-general\/estacion-espacial-internacional-caera-tierra-espera-impacto-pesa-nasa_0_DLfGJiUPMR.html\">Fuente Clarin.com <\/a><\/p>\n","protected":false},"excerpt":{"rendered":"<p>Despu\u00e9s de m\u00e1s de dos d\u00e9cadas en \u00f3rbita, la Estaci\u00f3n Espacial Internacional (EEI &#8211; ISS en ingl\u00e9s) tiene los d\u00edas contados. La NASA confirm\u00f3 que su reingreso a la atm\u00f3sfera terrestre tiene fecha confirmada y que su impacto ser\u00e1 en una zona controlada. Su enorme estructura utilizada por la ciencia, hace que su descenso requiera [&hellip;]<\/p>\n","protected":false},"author":1,"featured_media":1017,"comment_status":"open","ping_status":"open","sticky":false,"template":"","format":"standard","meta":{"footnotes":""},"categories":[2],"tags":[448,743,463,1988,2396,2395,227],"class_list":["post-1016","post","type-post","status-publish","format-standard","has-post-thumbnail","hentry","category-ultimas-noticias","tag-cuanto","tag-donde","tag-espera","tag-impacto","tag-nasa","tag-pesa","tag-segun"],"_links":{"self":[{"href":"https:\/\/13.com.ar\/index.php\/wp-json\/wp\/v2\/posts\/1016","targetHints":{"allow":["GET"]}}],"collection":[{"href":"https:\/\/13.com.ar\/index.php\/wp-json\/wp\/v2\/posts"}],"about":[{"href":"https:\/\/13.com.ar\/index.php\/wp-json\/wp\/v2\/types\/post"}],"author":[{"embeddable":true,"href":"https:\/\/13.com.ar\/index.php\/wp-json\/wp\/v2\/users\/1"}],"replies":[{"embeddable":true,"href":"https:\/\/13.com.ar\/index.php\/wp-json\/wp\/v2\/comments?post=1016"}],"version-history":[{"count":0,"href":"https:\/\/13.com.ar\/index.php\/wp-json\/wp\/v2\/posts\/1016\/revisions"}],"wp:featuredmedia":[{"embeddable":true,"href":"https:\/\/13.com.ar\/index.php\/wp-json\/wp\/v2\/media\/1017"}],"wp:attachment":[{"href":"https:\/\/13.com.ar\/index.php\/wp-json\/wp\/v2\/media?parent=1016"}],"wp:term":[{"taxonomy":"category","embeddable":true,"href":"https:\/\/13.com.ar\/index.php\/wp-json\/wp\/v2\/categories?post=1016"},{"taxonomy":"post_tag","embeddable":true,"href":"https:\/\/13.com.ar\/index.php\/wp-json\/wp\/v2\/tags?post=1016"}],"curies":[{"name":"wp","href":"https:\/\/api.w.org\/{rel}","templated":true}]}}