{"id":10147,"date":"2025-03-05T07:07:31","date_gmt":"2025-03-05T10:07:31","guid":{"rendered":"https:\/\/13.com.ar\/index.php\/afecta-a-miles-de-usuarios-y-genero-problemas-en-dos-lineas-de-subte\/"},"modified":"2025-03-05T07:07:31","modified_gmt":"2025-03-05T10:07:31","slug":"afecta-a-miles-de-usuarios-y-genero-problemas-en-dos-lineas-de-subte","status":"publish","type":"post","link":"https:\/\/13.com.ar\/index.php\/afecta-a-miles-de-usuarios-y-genero-problemas-en-dos-lineas-de-subte\/","title":{"rendered":"afecta a miles de usuarios y gener\u00f3 problemas en dos l\u00edneas de subte"},"content":{"rendered":"<p> <br \/>\n<br \/><img decoding=\"async\" src=\"https:\/\/13.com.ar\/wp-content\/uploads\/2025\/03\/afecta-a-miles-de-usuarios-y-genero-problemas-en-dos.jpg\" \/><\/p>\n<div>\n<p>Un gran <strong>apag\u00f3n <\/strong>de luz se vive desde la madrugada de este mi\u00e9rcoles en la Ciudad de Buenos Aires y en algunos barrios del conurbano bonaerense. En algunos casos es intermitente y afecta a sem\u00e1foros. Por la falta de energ\u00eda no funcion\u00f3 durante varios minutos la l\u00ednea B del subte porte\u00f1o y se encuentra con servicio limitado la A, entre San Pedrito y R\u00edo de Janeiro. La E no se detiene en la estaci\u00f3n Urquiza.<\/p>\n<\/div>\n<div>\n<p>En el comienzo de un d\u00eda en el que se esperan temperaturas por encima de los 30 grados, miles de usuarios de diferentes sectores de la Capital Federal y del sur del Gran Buenos Aires reportaron falta de luz durante la noche. Los barrios afectados son los de <strong>Almagro, Caballito, La Paternal, Villa Urquiza, Balvanera, Boedo, Parque Patricios, Constituci\u00f3n y San Telmo<\/strong>, entre otros.<\/p>\n<\/div>\n<div>\n<p>En el \u00e1mbito del conurbano, se reportan tambi\u00e9n problemas en <strong>Lan\u00fas, Lomas de Zamora, Wilde, Quilmes, La Plata, San Fernando y Avellaneda<\/strong>.<\/p>\n<\/div>\n<div>\n<p>En medio de esta situaci\u00f3n no funcionaban las p\u00e1ginas de Edesur y Edenor para que los usuarios puedan reportar lo sucedido. El Ente Nacional Regulador de la Electricidad (ENRE) tampoco est\u00e1 funcionando correctamente, por lo que no hay un comunicado oficial sobre el motivo del apag\u00f3n ni el tiempo estimado de reposici\u00f3n del servicio. En redes sociales, numerosos usuarios reclamaron respuestas a las empresa encargadas del suministro en las zonas afectadas.<\/p>\n<\/div>\n<div>\n<p>Adem\u00e1s de los subtes, estuvieron afectados el Ferrocarril Mitre, que ya normaliz\u00f3 su recorrido, aunque el ramal Tigre a\u00fan presenta algunas demoras, y el Roca, que en los ramales La Plata y Bosques v\u00eda Quilmes tambi\u00e9n registran demoras.<\/p>\n<\/div>\n<p><br \/>\n<br \/><a href=\"https:\/\/www.clarin.com\/sociedad\/enorme-apagon-ciudad-buenos-aires-parte-conurbano-afecta-miles-usuarios-genero-problemas-lineas-subte_0_cvLqN2wthP.html\">Fuente Clarin.com <\/a><\/p>\n","protected":false},"excerpt":{"rendered":"<p>Un gran apag\u00f3n de luz se vive desde la madrugada de este mi\u00e9rcoles en la Ciudad de Buenos Aires y en algunos barrios del conurbano bonaerense. En algunos casos es intermitente y afecta a sem\u00e1foros. Por la falta de energ\u00eda no funcion\u00f3 durante varios minutos la l\u00ednea B del subte porte\u00f1o y se encuentra con [&hellip;]<\/p>\n","protected":false},"author":1,"featured_media":10148,"comment_status":"open","ping_status":"open","sticky":false,"template":"","format":"standard","meta":{"footnotes":""},"categories":[2],"tags":[3898,59,630,8430,2767,4330,9007,4739],"class_list":["post-10147","post","type-post","status-publish","format-standard","has-post-thumbnail","hentry","category-ultimas-noticias","tag-afecta","tag-dos","tag-genero","tag-lineas","tag-miles","tag-problemas","tag-subte","tag-usuarios"],"_links":{"self":[{"href":"https:\/\/13.com.ar\/index.php\/wp-json\/wp\/v2\/posts\/10147","targetHints":{"allow":["GET"]}}],"collection":[{"href":"https:\/\/13.com.ar\/index.php\/wp-json\/wp\/v2\/posts"}],"about":[{"href":"https:\/\/13.com.ar\/index.php\/wp-json\/wp\/v2\/types\/post"}],"author":[{"embeddable":true,"href":"https:\/\/13.com.ar\/index.php\/wp-json\/wp\/v2\/users\/1"}],"replies":[{"embeddable":true,"href":"https:\/\/13.com.ar\/index.php\/wp-json\/wp\/v2\/comments?post=10147"}],"version-history":[{"count":0,"href":"https:\/\/13.com.ar\/index.php\/wp-json\/wp\/v2\/posts\/10147\/revisions"}],"wp:featuredmedia":[{"embeddable":true,"href":"https:\/\/13.com.ar\/index.php\/wp-json\/wp\/v2\/media\/10148"}],"wp:attachment":[{"href":"https:\/\/13.com.ar\/index.php\/wp-json\/wp\/v2\/media?parent=10147"}],"wp:term":[{"taxonomy":"category","embeddable":true,"href":"https:\/\/13.com.ar\/index.php\/wp-json\/wp\/v2\/categories?post=10147"},{"taxonomy":"post_tag","embeddable":true,"href":"https:\/\/13.com.ar\/index.php\/wp-json\/wp\/v2\/tags?post=10147"}],"curies":[{"name":"wp","href":"https:\/\/api.w.org\/{rel}","templated":true}]}}