{"id":1014,"date":"2025-01-31T15:44:29","date_gmt":"2025-01-31T18:44:29","guid":{"rendered":"https:\/\/13.com.ar\/index.php\/la-mesa-chica-de-milei-le-pidio-a-patricia-bullrich-que-las-fuerzas-federales-no-se-involucren-en-el-operativo-por-la-marcha-del-colectivo-lgtbiq\/"},"modified":"2025-01-31T15:44:29","modified_gmt":"2025-01-31T18:44:29","slug":"la-mesa-chica-de-milei-le-pidio-a-patricia-bullrich-que-las-fuerzas-federales-no-se-involucren-en-el-operativo-por-la-marcha-del-colectivo-lgtbiq","status":"publish","type":"post","link":"https:\/\/13.com.ar\/index.php\/la-mesa-chica-de-milei-le-pidio-a-patricia-bullrich-que-las-fuerzas-federales-no-se-involucren-en-el-operativo-por-la-marcha-del-colectivo-lgtbiq\/","title":{"rendered":"La mesa chica de Milei le pidi\u00f3 a Patricia Bullrich que las fuerzas federales no se involucren en el operativo por la marcha del colectivo LGTBIQ+"},"content":{"rendered":"<p> <br \/>\n<br \/><img decoding=\"async\" src=\"https:\/\/13.com.ar\/wp-content\/uploads\/2025\/01\/La-mesa-chica-de-Milei-le-pidio-a-Patricia-Bullrich.jpg\" \/><\/p>\n<div id=\"cuerpo\">\n<div class=\"sc-80531b6b-0 chRIGJ container-text text-embed\">\n<p>La mesa chica de Javier Milei no quiere <strong>m\u00e1s problemas innecesarios<\/strong> como los que despert\u00f3 la conferencia del Presidente en Davos y sus analog\u00edas entre homosexualidad y pedofilia que desembocaron en la movilizaci\u00f3n LGTBIQ+. Por esa raz\u00f3n, <strong>Karina Milei le pidi\u00f3 a Patricia Bullrich que despeje las calles<\/strong> de <strong>fuerzas de seguridad<\/strong> para <strong>evitar choques con los manifestantes<\/strong>.<\/p>\n<\/div>\n<div class=\"sc-80531b6b-0 chRIGJ container-text text-embed\">\n<p>\u201c<strong>No va a haber nada de Polic\u00eda, Gendarmer\u00eda o Prefectura<\/strong>\u201d, consignaron en el equipo de la ministra de Seguridad. La decisi\u00f3n que baj\u00f3 de lo m\u00e1s alto del poder pone en evidencia que el Gobierno <strong>quiere mantenerse lejos de posibles incidentes<\/strong> con un tema inc\u00f3modo, que motiv\u00f3 reacci\u00f3n de amplios <strong>sectores de la sociedad civil<\/strong> y finalmente de <strong>dirigentes opositores<\/strong>, un <strong>detalle que festejaron en varios despachos de Balcarce<\/strong> 50.<\/p>\n<\/div>\n<div class=\"sc-80531b6b-0 chRIGJ container-text text-embed\">\n<p>Bullrich desplegar\u00e1 escuadrones de fuerzas federales para reforzar la seguridad de <strong>Casa Rosada<\/strong> (donde culminar\u00e1 la marcha) y del Congreso (donde iniciar\u00e1 la movilizaci\u00f3n). Son dos edificios federales, pero en principio la ministra <strong>no se plegar\u00e1 a su propia &#8220;doctrina<\/strong>&#8221; para avanzar sobre Plaza de Mayo o la Plaza del Congreso, como en otras manifestaciones.<\/p>\n<\/div>\n<div class=\"sc-80531b6b-0 chRIGJ container-text text-embed\">\n<p>Habr\u00e1 <strong>comando unificado para interceder<\/strong> eventualmente, pero en principio la idea es<strong> evitar la puesta en escena y fotos como las que se difundieron durante movilizaciones de organizaciones sociales o de la CGT<\/strong>, cuando hasta el Presidente se acerc\u00f3 hasta el centro de monitoreo para mostrarse con Bullrich.<\/p>\n<\/div>\n<div class=\"sc-80531b6b-0 chRIGJ container-text text-embed\">\n<p>En el Ejecutivo esperan una marcha <strong>convocante<\/strong>, <strong>pero no tan masiva como las de universitarios<\/strong> por la \u00e9poca del a\u00f1o. En el Gobierno tomaron nota de que, adem\u00e1s del colectivo LGTBIQ+, se sumar\u00e1n la marcha diferentes <strong>sectores con capacidad de movilizaci\u00f3n<\/strong>, como <strong>intendentes <\/strong>del conurbano, la <strong>gobernaci\u00f3n bonaerense<\/strong>, <strong>organizaciones sociales, las dos CTA y la CGT<\/strong>, aunque esta \u00faltima no lo har\u00e1 de manera institucional.<\/p>\n<\/div>\n<div class=\"sc-80531b6b-0 chRIGJ container-text text-embed\">\n<p>El mi\u00e9rcoles, Bullrich mantuvo <strong>reuniones por separado con Karina Milei<\/strong> y <strong>Santiago Caputo<\/strong>. A la segunda se sumo el jefe de la SIDE <strong>Sergio Neiffert<\/strong>.<\/p>\n<\/div>\n<div class=\"sc-80531b6b-0 chRIGJ container-text text-embed\">\n<p>La Polic\u00eda de la Ciudad, a cargo del ministro de Seguridad porte\u00f1o <strong>Waldo Wolff<\/strong>, terminaba de definir en la tarde de este viernes, el tama\u00f1o y la din\u00e1mica de su propio operativo.<\/p>\n<\/div>\n<div class=\"sc-80531b6b-0 chRIGJ container-text text-embed\">\n<p>El jefe de Gobierno <strong>Jorge Macri repudi\u00f3 los dichos del Presidente<\/strong> en el Foro Econ\u00f3mico Mundial. \u201cQue hay que defender a los ni\u00f1os no tengo dudas, pero agarrar un caso y transformarlo es tremendamente injusto. <strong>Me gustar\u00eda ver un Presidente que abogue m\u00e1s por la unidad de la Argentina<\/strong> que por seguir instalando nuevas divisiones\u201d, dijo a radio Mitre.<\/p>\n<\/div>\n<div class=\"sc-80531b6b-0 chRIGJ container-text text-embed\">\n<p>Milei le contest\u00f3 al ejecutivo porte\u00f1o en X, a <strong>Clar\u00edn <\/strong>y a los periodistas que objetaron su discurso y los acus\u00f3 de falsear la realidad. \u201c<strong>Desde (Ernesto) Tenembaum a Jorge Macri<\/strong>, pasando por el hijo del humorista Tato Bores (en referencia al columnista de <strong>Clar\u00edn<\/strong> Alejandro Borensztein), que escribe en el <strong>pasqu\u00edn <\/strong>que recibe pauta del <strong>GCBA<\/strong>, todos se montaron a una campa\u00f1a de indignaci\u00f3n frente a supuestas cosas que nunca dijimos, con el solo fin de hacer da\u00f1o y anotarse un poroto pol\u00edtico en la peque\u00f1a disputa electoral argentina\u201d, escribi\u00f3 el mandatario en la red social. Parece otro motivo para <strong>trasladar la hip\u00f3tesis de un conflicto a la Ciudad<\/strong>.<\/p>\n<\/div>\n<div class=\"sc-80531b6b-0 chRIGJ container-text text-embed\">\n<p>En despachos importantes de Balcarce 50 <strong>celebraron que Cristina Kirchner y el comit\u00e9 nacional de la UCR se sumaran a la convocatoria<\/strong>, para abonar la hip\u00f3tesis de que se trata de una <strong>marcha para mostrar oposici\u00f3n y que exhibe una supuesta doble vara de los convocantes que no se movilizaron por casos de violencia de g\u00e9nero que involucraron a dirigentes peronistas.<\/strong><\/p>\n<\/div>\n<div class=\"sc-80531b6b-0 chRIGJ container-text text-embed\">\n<p>De todos modos, <strong>como inform\u00f3 Clar\u00edn<\/strong>, el Gobierno <strong>acus\u00f3 recibo del efecto negativo<\/strong> que suscit\u00f3 el discurso del jefe de Estado en Davos, que Milei debi\u00f3 explicar en detalle. Por eso, desde la Rosada <strong>buscan \u201crecalibrar\u201d el mensaje <\/strong>para impulsar el <strong>proyecto de igualdad ante la ley<\/strong>, que elimina la figura de femicidio y la \u201cdiscriminaci\u00f3n positiva\u201d para que mujeres y minor\u00edas ocupen cargos en el Estado.<\/p>\n<\/div>\n<\/div>\n<p><br \/>\n<br \/><a href=\"https:\/\/www.clarin.com\/politica\/mesa-chica-milei-pidio-patricia-bullrich-fuerzas-federales-involucren-operativo-marcha-colectivo-lgtbiq_0_ujlEPvUM3I.html\">Fuente Clarin.com <\/a><\/p>\n","protected":false},"excerpt":{"rendered":"<p>La mesa chica de Javier Milei no quiere m\u00e1s problemas innecesarios como los que despert\u00f3 la conferencia del Presidente en Davos y sus analog\u00edas entre homosexualidad y pedofilia que desembocaron en la movilizaci\u00f3n LGTBIQ+. Por esa raz\u00f3n, Karina Milei le pidi\u00f3 a Patricia Bullrich que despeje las calles de fuerzas de seguridad para evitar choques [&hellip;]<\/p>\n","protected":false},"author":1,"featured_media":1015,"comment_status":"open","ping_status":"open","sticky":false,"template":"","format":"standard","meta":{"footnotes":""},"categories":[2],"tags":[584,2392,735,100,205,468,2393,48,2394,1126,954,77,2145,583,318,142],"class_list":["post-1014","post","type-post","status-publish","format-standard","has-post-thumbnail","hentry","category-ultimas-noticias","tag-bullrich","tag-chica","tag-colectivo","tag-del","tag-federales","tag-fuerzas","tag-involucren","tag-las","tag-lgtbiq","tag-marcha","tag-mesa","tag-milei","tag-operativo","tag-patricia","tag-pidio","tag-por"],"_links":{"self":[{"href":"https:\/\/13.com.ar\/index.php\/wp-json\/wp\/v2\/posts\/1014","targetHints":{"allow":["GET"]}}],"collection":[{"href":"https:\/\/13.com.ar\/index.php\/wp-json\/wp\/v2\/posts"}],"about":[{"href":"https:\/\/13.com.ar\/index.php\/wp-json\/wp\/v2\/types\/post"}],"author":[{"embeddable":true,"href":"https:\/\/13.com.ar\/index.php\/wp-json\/wp\/v2\/users\/1"}],"replies":[{"embeddable":true,"href":"https:\/\/13.com.ar\/index.php\/wp-json\/wp\/v2\/comments?post=1014"}],"version-history":[{"count":0,"href":"https:\/\/13.com.ar\/index.php\/wp-json\/wp\/v2\/posts\/1014\/revisions"}],"wp:featuredmedia":[{"embeddable":true,"href":"https:\/\/13.com.ar\/index.php\/wp-json\/wp\/v2\/media\/1015"}],"wp:attachment":[{"href":"https:\/\/13.com.ar\/index.php\/wp-json\/wp\/v2\/media?parent=1014"}],"wp:term":[{"taxonomy":"category","embeddable":true,"href":"https:\/\/13.com.ar\/index.php\/wp-json\/wp\/v2\/categories?post=1014"},{"taxonomy":"post_tag","embeddable":true,"href":"https:\/\/13.com.ar\/index.php\/wp-json\/wp\/v2\/tags?post=1014"}],"curies":[{"name":"wp","href":"https:\/\/api.w.org\/{rel}","templated":true}]}}