{"id":10139,"date":"2025-03-05T06:32:38","date_gmt":"2025-03-05T09:32:38","guid":{"rendered":"https:\/\/13.com.ar\/index.php\/quien-es-santiago-oria-el-cineasta-de-milei-que-intenta-desacreditar-a-los-medios-con-el-escandalo-caputo-manes\/"},"modified":"2025-03-05T06:32:38","modified_gmt":"2025-03-05T09:32:38","slug":"quien-es-santiago-oria-el-cineasta-de-milei-que-intenta-desacreditar-a-los-medios-con-el-escandalo-caputo-manes","status":"publish","type":"post","link":"https:\/\/13.com.ar\/index.php\/quien-es-santiago-oria-el-cineasta-de-milei-que-intenta-desacreditar-a-los-medios-con-el-escandalo-caputo-manes\/","title":{"rendered":"Qui\u00e9n es Santiago Or\u00eda, el cineasta de Milei que intenta desacreditar a los medios con el esc\u00e1ndalo Caputo-Manes"},"content":{"rendered":"<p> <br \/>\n<br \/><img decoding=\"async\" src=\"https:\/\/13.com.ar\/wp-content\/uploads\/2025\/03\/Quien-es-Santiago-Oria-el-cineasta-de-Milei-que-intenta.jpg\" \/><\/p>\n<div id=\"cuerpo\">\n<div class=\"sc-80531b6b-0 chRIGJ container-text text-embed\">\n<p><strong>Santiago Luis Or\u00eda<\/strong> no s\u00f3lo es el creador de la trilog\u00eda de documentales sobre la vida p\u00fablica de <strong>Javier Milei <\/strong>y su ascenso a la Presidencia. Es tambi\u00e9n funcionario con una amplia oficina en el segundo piso de Casa Rosada, donde dise\u00f1a la est\u00e9tica de la comunicaci\u00f3n oficial y cada aparici\u00f3n televisiva del primer mandatario, y militante de la causa libertaria: es un activo usuario de la red social X desde la que se sum\u00f3 a los ataques hacia<strong> Facundo Manes <\/strong>luego del entredicho que el radical mantuvo con <strong>Santiago Caputo<\/strong>. <\/p>\n<\/div>\n<div class=\"sc-80531b6b-0 chRIGJ container-text text-embed\">\n<p>De hecho, el cineasta insiste que los videos que se conocieron el fin de semana desmentir\u00edan al neur\u00f3logo y que por eso \u00e9ste habr\u00eda &#8220;desaparecido&#8221; de los medios de comunicaci\u00f3n. Sin embargo,<strong> el diputado de la UCR se prepara para presentar una denuncia<\/strong> en el fuero federal penal contra el asesor presidencial con uno de los de los videos que public\u00f3 el cineasta y que muestra al consultor bajando las escaleras del Congreso para ir al pasillo contiguo al Sal\u00f3n de los Pasos Perdidos, donde el creador de INECO estaba dando una nota, para as\u00ed poder increparlo.<\/p>\n<\/div>\n<div class=\"sc-80531b6b-0 chRIGJ container-text text-embed\">\n<p>Aunque ven\u00eda de una familia politizada -su abuelo, Jorge Salvador Or\u00eda fue compa\u00f1ero de f\u00f3rmula de Alvaro Alsogaray en 1983-, el cineasta nunca hab\u00eda estado comprometido con la pol\u00edtica activa. No obstante, siempre se sinti\u00f3 cerca de la doctrina liberal. Se recibi\u00f3 de abogado en la Universidad Austral -la casa de altos estudios vinculada al Opus Dei de la que tambi\u00e9n egres\u00f3 <strong>Sandra Pettovello y en la que da clases el nuevo juez de la Corte, Manuel Garc\u00eda Mansilla<\/strong>&#8211; pero pronto se volc\u00f3 por las artes audiovisuales.<\/p>\n<\/div>\n<div class=\"sc-80531b6b-0 chRIGJ container-text text-embed\">\n<p>Como sea, Or\u00eda comenz\u00f3 su v\u00ednculo con Milei durante la pandemia de Covid y fue el medi\u00e1tico <strong>Carlos Maslat\u00f3n<\/strong>, por entonces promotor del locuaz economista, el que se encarg\u00f3 de presentarlos. Con el paso del tiempo se sum\u00f3 como asesor en temas audiovisuales para las campa\u00f1as 2021 y 2023 del ex economista de la Corporaci\u00f3n Am\u00e9rica.<\/p>\n<\/div>\n<div class=\"sc-80531b6b-0 chRIGJ container-text text-embed\">\n<p>La <strong>primera cinta que grab\u00f3 con la participaci\u00f3n de Milei fue &#8220;Pandenomics&#8221;, en el 2020<\/strong>, aprovechando el caldo de cultivo que generaba en un sector de la sociedad el rechazo a la &#8220;cuarentena m\u00e1s larga del mundo&#8221;. Luego, con el material recolectado en las campa\u00f1as electorales, produjo<strong> &#8220;Javier Milei: La Revoluci\u00f3n liberal&#8221;, en 2023, y el a\u00f1o pasado la serie &#8220;Milei&#8221;<\/strong>, que describe el ascenso del libertario a la Presidencia y su proyecci\u00f3n como referente internacional de la doctrina liberal.<\/p>\n<\/div>\n<div class=\"sc-80531b6b-0 chRIGJ container-text text-embed\">\n<p>Con el arribo de Milei a la Casa Rosada, Or\u00eda fue designado como director de Realizaci\u00f3n Audiovisual de la Presidencia. <strong>Si bien en teor\u00eda se encuentra bajo la estructura de la Secretar\u00eda de Vocer\u00eda y Comunicaci\u00f3n de Manuel Adorni, se maneja en forma independiente.<\/strong><\/p>\n<\/div>\n<div class=\"sc-80531b6b-0 chRIGJ container-text text-embed\">\n<p>Su despacho, de dos plantas, se encuentra lejos de las oficinas de la planta baja de Casa de Gobierno que ocupa el portavoz presidencial y su personal de confianza. Adem\u00e1s, <strong>a diferencia del vocero, ha acompa\u00f1ado a Milei en cada uno de sus viajes al exterior. <\/strong><\/p>\n<\/div>\n<div class=\"sc-80531b6b-0 chRIGJ container-text text-embed\">\n<p>A comienzos de gesti\u00f3n, adem\u00e1s, Or\u00eda tuvo a su cargo de el dise\u00f1o del nuevo logo presidencial, que revaloriza la frase \u201cEn uni\u00f3n y libertad\u201d y tiene semejanzas con el que se utiliza en la Casa Blanca. Esos dise\u00f1os fueron replicados en la cuenta Oficina del Presidente y en la se\u00f1al\u00e9tica emplazada en la Sala de Conferencias, por caso.<\/p>\n<\/div>\n<div class=\"sc-80531b6b-0 chRIGJ container-text text-embed\">\n<p>Tambi\u00e9n el cineasta por aquella \u00e9poca tuvo a su cargo, con la ven\u00eda de <strong>Santiago Caputo<\/strong>, la redacci\u00f3n de una suerte de &#8220;<strong>manual de estilo&#8221; para organizar la comunicaci\u00f3n oficial<\/strong> con nuevas pautas est\u00e9ticas y con una formulaci\u00f3n de contenidos que, de alguna manera, reflejen la impronta que Milei pretende darle a su administraci\u00f3n. El objetivo es que sea utilizado durante la presentaci\u00f3n y comunicaci\u00f3n de actos oficiales.<\/p>\n<\/div>\n<div class=\"sc-80531b6b-0 chRIGJ container-text text-embed\">\n<p>El material, por ejemplo, abunda sobre la necesidad de propender a la &#8220;austeridad republicana&#8221; en la organizaci\u00f3n de eventos aprovechando la riqueza edilicia con la que cuenta el Estado, como el Sal\u00f3n Blanco de Casa de Gobierno o el Palacio Libertad (ex CCK). &#8220;Sin gastar plata en un recital de L-Gante o en el montaje de estructuras, se puede tener estilo en los actos&#8221;, argumentaba, en privado, por entonces el funcionario.<\/p>\n<\/div>\n<\/div>\n<p><br \/>\n<br \/><a href=\"https:\/\/www.clarin.com\/politica\/santiago-oria-cineasta-milei-intenta-desacreditar-medios-escandalo-caputo-manes_0_qvIZUVjhTV.html\">Fuente Clarin.com <\/a><\/p>\n","protected":false},"excerpt":{"rendered":"<p>Santiago Luis Or\u00eda no s\u00f3lo es el creador de la trilog\u00eda de documentales sobre la vida p\u00fablica de Javier Milei y su ascenso a la Presidencia. Es tambi\u00e9n funcionario con una amplia oficina en el segundo piso de Casa Rosada, donde dise\u00f1a la est\u00e9tica de la comunicaci\u00f3n oficial y cada aparici\u00f3n televisiva del primer mandatario, [&hellip;]<\/p>\n","protected":false},"author":1,"featured_media":10140,"comment_status":"open","ping_status":"open","sticky":false,"template":"","format":"standard","meta":{"footnotes":""},"categories":[2],"tags":[10787,3229,18,10786,1711,4324,28,4536,77,10785,3,414],"class_list":["post-10139","post","type-post","status-publish","format-standard","has-post-thumbnail","hentry","category-ultimas-noticias","tag-caputomanes","tag-cineasta","tag-con","tag-desacreditar","tag-escandalo","tag-intenta","tag-los","tag-medios","tag-milei","tag-oria","tag-quien","tag-santiago"],"_links":{"self":[{"href":"https:\/\/13.com.ar\/index.php\/wp-json\/wp\/v2\/posts\/10139","targetHints":{"allow":["GET"]}}],"collection":[{"href":"https:\/\/13.com.ar\/index.php\/wp-json\/wp\/v2\/posts"}],"about":[{"href":"https:\/\/13.com.ar\/index.php\/wp-json\/wp\/v2\/types\/post"}],"author":[{"embeddable":true,"href":"https:\/\/13.com.ar\/index.php\/wp-json\/wp\/v2\/users\/1"}],"replies":[{"embeddable":true,"href":"https:\/\/13.com.ar\/index.php\/wp-json\/wp\/v2\/comments?post=10139"}],"version-history":[{"count":0,"href":"https:\/\/13.com.ar\/index.php\/wp-json\/wp\/v2\/posts\/10139\/revisions"}],"wp:featuredmedia":[{"embeddable":true,"href":"https:\/\/13.com.ar\/index.php\/wp-json\/wp\/v2\/media\/10140"}],"wp:attachment":[{"href":"https:\/\/13.com.ar\/index.php\/wp-json\/wp\/v2\/media?parent=10139"}],"wp:term":[{"taxonomy":"category","embeddable":true,"href":"https:\/\/13.com.ar\/index.php\/wp-json\/wp\/v2\/categories?post=10139"},{"taxonomy":"post_tag","embeddable":true,"href":"https:\/\/13.com.ar\/index.php\/wp-json\/wp\/v2\/tags?post=10139"}],"curies":[{"name":"wp","href":"https:\/\/api.w.org\/{rel}","templated":true}]}}