{"id":10137,"date":"2025-03-05T06:29:30","date_gmt":"2025-03-05T09:29:30","guid":{"rendered":"https:\/\/13.com.ar\/index.php\/los-dialoguistas-presionan-en-el-senado-para-avanzar-en-una-ampliacion-de-la-corte-y-salvar-los-pliegos-de-lijo-y-garcia-mansilla\/"},"modified":"2025-03-05T06:29:30","modified_gmt":"2025-03-05T09:29:30","slug":"los-dialoguistas-presionan-en-el-senado-para-avanzar-en-una-ampliacion-de-la-corte-y-salvar-los-pliegos-de-lijo-y-garcia-mansilla","status":"publish","type":"post","link":"https:\/\/13.com.ar\/index.php\/los-dialoguistas-presionan-en-el-senado-para-avanzar-en-una-ampliacion-de-la-corte-y-salvar-los-pliegos-de-lijo-y-garcia-mansilla\/","title":{"rendered":"Los dialoguistas presionan en el Senado para avanzar en una ampliaci\u00f3n de la Corte y salvar los pliegos de Lijo y Garc\u00eda Mansilla"},"content":{"rendered":"<p> <br \/>\n<\/p>\n<div id=\"cuerpo\">\n<div class=\"sc-80531b6b-0 chRIGJ container-text text-embed\">\n<p>Tras la controversia desatada por el decreto de Javier Milei que design\u00f3 a Ariel Lijo y Manuel Garc\u00eda-Mansilla como jueces de la <strong>Corte Suprema de Justicia<\/strong> en comisi\u00f3n se abri\u00f3 un abanico de variantes en el <strong>Senado<\/strong> para destrabar las negociaciones con la oposici\u00f3n, <strong>conseguir el apoyo del peronismo y obtener los dos tercios que se necesitan para aprobar las nominaciones de los candidatos del Gobierno<\/strong>.<\/p>\n<\/div>\n<div class=\"sc-80531b6b-0 chRIGJ container-text text-embed\">\n<p>Mientras un sector de la oposici\u00f3n junta firmas para avanzar con una sesi\u00f3n que tenga como finalidad voltear los dos pliegos, <strong>otros senadores m\u00e1s cercanos a la Casa Rosada buscar\u00e1n insistir con la posibilidad de ir hacia una ampliaci\u00f3n de la Corte<\/strong>, una salida que el propio kirchnerismo hab\u00eda propuesto el a\u00f1o pasado a Victoria Villarruel y a Guillermo Francos. De esta manera se dar\u00edan los votos para aprobar en el recinto los pliegos de Lijo y Garc\u00eda-Mansilla y atender el pedido de <strong>Cristina Kirchner <\/strong>para que una de las plazas sea ocupada por una mujer.<\/p>\n<\/div>\n<div class=\"sc-80531b6b-0 chRIGJ container-text text-embed\">\n<p>En su momento, seg\u00fan confiaron fuentes parlamentarias, el salte\u00f1o Juan Carlos Romero, quien fue clave para que el oficialismo pueda conseguir el control de la C\u00e1mara Alta, tambi\u00e9n le hab\u00eda aconsejado al viceministro de Justicia, Sebasti\u00e1n Amerio, pensar en una <strong>ampliaci\u00f3n del m\u00e1ximo tribunal para destrabar as\u00ed la negociaci\u00f3n con el bloque de Uni\u00f3n por la Patria (UxP).<\/strong><\/p>\n<\/div>\n<div class=\"sc-80531b6b-0 chRIGJ container-text text-embed\">\n<p>Fuentes legislativas anticiparon que desde el sector dialoguista buscar\u00e1n convencer a la Casa Rosada sobre la posibilidad de ir hacia una Corte Suprema de<strong> 7 miembros, con una paridad establecida de dos sillas para mujeres<\/strong>. No se aceptar\u00eda la opci\u00f3n de llevar el m\u00e1ximo tribunal a 9 como propone el peronismo.<\/p>\n<\/div>\n<div class=\"sc-80531b6b-0 chRIGJ container-text text-embed\">\n<p>De esta manera, el Gobierno podr\u00eda estar enviando otra se\u00f1al a UxP de que abre la negociaci\u00f3n por la Corte, ya que en la apertura del per\u00edodo ordinario de sesiones Milei tambi\u00e9n manifest\u00f3 su decisi\u00f3n de enviar el pliego del futuro Procurador General de la Naci\u00f3n y del Defensor del Pueblo, dos cargos que necesitan la aprobaci\u00f3n de una mayor\u00eda especial del Senado y que el jefe del bloque de UxP, Jos\u00e9 Mayans, pidi\u00f3 incluir en la negociaci\u00f3n. Incluso, el Presidente anunci\u00f3 que enviar\u00e1 los mensajes al Congreso para cubrir vacantes en el Poder Judicial.<\/p>\n<\/div>\n<div class=\"sc-80531b6b-0 chRIGJ container-text text-embed\">\n<p>Por ahora, el peronismo busca adhesiones para convocar a una sesi\u00f3n especial con el objetivo de voltear los pliegos de Lijo y Garc\u00eda-Mansilla, quien es el \u00fanico que jur\u00f3 como ministro de la Corte mientras el juez federal espera resolver primero su pedido de licencia antes de jurar como el quinto miembro del m\u00e1ximo tribunal de justicia.<\/p>\n<\/div>\n<p><h2>Villarruel, clave para frenar la embestida contra el decreto de Milei<\/h2>\n<\/p>\n<div class=\"sc-80531b6b-0 chRIGJ container-text text-embed\">\n<p>En el oficialismo ya anticipan que <strong>Victoria Villarruel no facilitar\u00e1 la sesi\u00f3n especial que pueda pedir un sector de la oposici\u00f3n,<\/strong> ya que la vicepresidenta, como titular del Senado, tiene la potestad reglamentaria de fijar d\u00eda y hora de la sesi\u00f3n. Obviamente que habr\u00e1 que ver cu\u00e1nto margen tiene para frenar la presi\u00f3n de la oposici\u00f3n, ya que a las intenciones declaradas del peronismo se agrega la decisi\u00f3n del radical Pablo Blanco de formalizar un pedido para que se traten en el recinto los pliegos de Lijo y Garc\u00eda Mansilla. El legislador fueguino necesita cuatro firmas m\u00e1s para formalizar el pedido, que tiene como cuesti\u00f3n voltear la designaci\u00f3n por decreto de Milei.<\/p>\n<\/div>\n<div class=\"sc-80531b6b-0 chRIGJ container-text text-embed\">\n<p>Lo cierto es que<strong> las tensiones en el bloque de la UCR se profundizaron<\/strong> tras el esc\u00e1ndalo de la \u00faltima sesi\u00f3n en la que un sector se neg\u00f3 a apoyar el pedido de conformaci\u00f3n de una comisi\u00f3n que investigue el caso de la cripto $LIBRA, que fue promocionada por Milei, obtuvo un pico de rendimiento y luego se desplom\u00f3 provocando importantes p\u00e9rdidas. Entre los que rechazaron la iniciativa estuvo el correntino Eduardo Vischi, quien hab\u00eda sido uno de los impulsores de la propuesta.<\/p>\n<\/div>\n<div class=\"sc-80531b6b-0 chRIGJ container-text text-embed\">\n<p>Pero este antecedente tampoco le da confianza al oficialismo porque, como dijo un importante senador, <strong>&#8220;los radicales son una inc\u00f3gnita&#8221;<\/strong> y es posible que el resto de la bancada termine bloqueando la iniciativa de Blanco. M\u00e1s all\u00e1 de ese dato, la cuenta que hacen entre los aliados de la Casa Rosada es que el bloque UxP tiene 34 bancas, si se suman los 3 radicales que rechazan el accionar del Gobierno (Mart\u00edn Lousteau, Carolina Losada y Blanco) a\u00fan estar\u00edan lejos de los dos tercios (48 votos).<\/p>\n<\/div>\n<div class=\"sc-80531b6b-0 chRIGJ container-text text-embed\">\n<p>Es que entre los libertarios ven poco probable que el PRO, su principal aliado en el Congreso, se vaya aliar al kirchnerismo para voltear a los jueces propuestos por Milei, pese a que <strong>Luis Juez<\/strong> como la mayor\u00eda de la bancada macrista hab\u00eda manifestado su rechazo a la nominaci\u00f3n de Lijo.<\/p>\n<\/div>\n<div class=\"sc-80531b6b-0 chRIGJ container-text text-embed\">\n<p>Una situaci\u00f3n parecida se da con la cordobesa Alejandra\u00a0Vigo (Unidad Federal), quien durante el a\u00f1o pasado plante\u00f3 y present\u00f3 un proyecto a favor de la paridad de g\u00e9nero en la Corte y despu\u00e9s dej\u00f3 trascender que se abstendr\u00eda en la votaci\u00f3n si el pliego del juez federal llegaba al recinto. Como las abstenciones equivalen a una ausencia a la hora de votar, eso le servir\u00eda al oficialismo para achicar la mayor\u00eda agravada que se necesita para aprobar los pliegos, ya que se trata de los dos tercios de los senadores presentes.<\/p>\n<\/div>\n<div class=\"sc-80531b6b-0 chRIGJ container-text text-embed\">\n<p>Adem\u00e1s, otro dato que alienta al oficialismo es el\u00a0posible apoyo de los santacruce\u00f1os Jos\u00e9 Mar\u00eda Carambia y Natalia Gadano, quienes fueron clave para que caiga la sesi\u00f3n preparatoria. Al parecer, los dos senadores mantienen conversaciones con el Gobierno para avanzar en un proyecto que otorga incentivos fiscales a la producci\u00f3n de gas y petr\u00f3leo.<\/p>\n<\/div>\n<div class=\"sc-198be8ec-0 cynXbu image-embed  image-embed \"><picture class=\"sc-198be8ec-1 kOjRiQ\"><source media=\"(min-width: 975px)\" width=\"720\" height=\"480\" \/><img alt=\"Ariel Lijo tiene el dictamen de la comisi\u00f3n de Acuerdos del Senado. Foto: Federico L\u00f3pez Claro.\" loading=\"lazy\" width=\"720\" height=\"480\" decoding=\"async\" data-nimg=\"1\" style=\"color:transparent\" src=\"https:\/\/13.com.ar\/wp-content\/uploads\/2025\/03\/Los-dialoguistas-presionan-en-el-Senado-para-avanzar-en-una.jpg\"\/><span class=\"epigraphe\">Ariel Lijo tiene el dictamen de la comisi\u00f3n de Acuerdos del Senado. Foto: Federico L\u00f3pez Claro.<\/span><span class=\"bkg\"\/><span class=\"picture-open\"><button class=\"open-image\" aria-label=\"Open Image\"\/><\/span><\/picture><\/div>\n<div class=\"sc-80531b6b-0 chRIGJ container-text text-embed\">\n<p>Vale recordar que los senadores de Uni\u00f3n por la Patria Claudia Ledesma (Santiago del Estero), Luc\u00eda Corpacci (Catamarca) y Sergio U\u00f1ac (San Juan) avalaron el dictamen a favor de Lijo y se estima que otros miembros de esa bancada est\u00e1n dispuestos a acompa\u00f1ar con el voto en el recinto. Entre los dialoguistas saben que el panorama es complejo luego del decreto que Milei firm\u00f3 design\u00e1ndolos en comisi\u00f3n y los libertarios son conscientes que tienen un a\u00f1o legislativo para conseguir los apoyos para consagrar a los dos jueces.<\/p>\n<\/div>\n<div class=\"sc-80531b6b-0 chRIGJ container-text text-embed\">\n<p>Otra opci\u00f3n ser\u00eda que el Gobierno decida retirar los mensajes con los que propuso a Lijo y a Garc\u00eda Mansilla. Pero esa medida tambi\u00e9n debe ser avalada por el recinto, aunque con mayor\u00eda simple, la mitad m\u00e1s uno de los presentes. Es una salida que tiene bajas probabilidades, ya que el Ejecutivo despu\u00e9s tendr\u00eda que volver a mandar las nominaciones y el precio que terminar\u00eda pagando podr\u00eda ser m\u00e1s alto. Esta semana descartan que pueda haber alguna novedad, salvo el pedido de sesi\u00f3n.<\/p>\n<\/div>\n<\/div>\n<p><br \/>\n<br \/><a href=\"https:\/\/www.clarin.com\/politica\/dialoguistas-presionan-senado-avanzar-ampliacion-corte-salvar-pliegos-lijo-garcia-mansilla_0_MLRwzpHGcg.html\">Fuente Clarin.com <\/a><\/p>\n","protected":false},"excerpt":{"rendered":"<p>Tras la controversia desatada por el decreto de Javier Milei que design\u00f3 a Ariel Lijo y Manuel Garc\u00eda-Mansilla como jueces de la Corte Suprema de Justicia en comisi\u00f3n se abri\u00f3 un abanico de variantes en el Senado para destrabar las negociaciones con la oposici\u00f3n, conseguir el apoyo del peronismo y obtener los dos tercios que [&hellip;]<\/p>\n","protected":false},"author":1,"featured_media":10138,"comment_status":"open","ping_status":"open","sticky":false,"template":"","format":"standard","meta":{"footnotes":""},"categories":[2],"tags":[10784,3931,297,352,1120,6386,28,6540,16,9592,1524,3258,5153,73],"class_list":["post-10137","post","type-post","status-publish","format-standard","has-post-thumbnail","hentry","category-ultimas-noticias","tag-ampliacion","tag-avanzar","tag-corte","tag-dialoguistas","tag-garcia","tag-lijo","tag-los","tag-mansilla","tag-para","tag-pliegos","tag-presionan","tag-salvar","tag-senado","tag-una"],"_links":{"self":[{"href":"https:\/\/13.com.ar\/index.php\/wp-json\/wp\/v2\/posts\/10137","targetHints":{"allow":["GET"]}}],"collection":[{"href":"https:\/\/13.com.ar\/index.php\/wp-json\/wp\/v2\/posts"}],"about":[{"href":"https:\/\/13.com.ar\/index.php\/wp-json\/wp\/v2\/types\/post"}],"author":[{"embeddable":true,"href":"https:\/\/13.com.ar\/index.php\/wp-json\/wp\/v2\/users\/1"}],"replies":[{"embeddable":true,"href":"https:\/\/13.com.ar\/index.php\/wp-json\/wp\/v2\/comments?post=10137"}],"version-history":[{"count":0,"href":"https:\/\/13.com.ar\/index.php\/wp-json\/wp\/v2\/posts\/10137\/revisions"}],"wp:featuredmedia":[{"embeddable":true,"href":"https:\/\/13.com.ar\/index.php\/wp-json\/wp\/v2\/media\/10138"}],"wp:attachment":[{"href":"https:\/\/13.com.ar\/index.php\/wp-json\/wp\/v2\/media?parent=10137"}],"wp:term":[{"taxonomy":"category","embeddable":true,"href":"https:\/\/13.com.ar\/index.php\/wp-json\/wp\/v2\/categories?post=10137"},{"taxonomy":"post_tag","embeddable":true,"href":"https:\/\/13.com.ar\/index.php\/wp-json\/wp\/v2\/tags?post=10137"}],"curies":[{"name":"wp","href":"https:\/\/api.w.org\/{rel}","templated":true}]}}