{"id":10133,"date":"2025-03-05T06:23:48","date_gmt":"2025-03-05T09:23:48","guid":{"rendered":"https:\/\/13.com.ar\/index.php\/tras-el-alerta-de-milei-en-el-congreso-los-economistas-preven-una-inflacion-del-2-por-tres-meses-y-volatilidad-en-el-dolar\/"},"modified":"2025-03-05T06:23:48","modified_gmt":"2025-03-05T09:23:48","slug":"tras-el-alerta-de-milei-en-el-congreso-los-economistas-preven-una-inflacion-del-2-por-tres-meses-y-volatilidad-en-el-dolar","status":"publish","type":"post","link":"https:\/\/13.com.ar\/index.php\/tras-el-alerta-de-milei-en-el-congreso-los-economistas-preven-una-inflacion-del-2-por-tres-meses-y-volatilidad-en-el-dolar\/","title":{"rendered":"Tras el alerta de Milei en el Congreso, los economistas prev\u00e9n una inflaci\u00f3n del 2% por tres meses y volatilidad en el d\u00f3lar"},"content":{"rendered":"<p> <br \/>\n<br \/><img decoding=\"async\" src=\"https:\/\/13.com.ar\/wp-content\/uploads\/2025\/03\/Tras-el-alerta-de-Milei-en-el-Congreso-los-economistas.jpg\" \/><\/p>\n<div id=\"cuerpo\">\n<div class=\"sc-80531b6b-0 chRIGJ container-text text-embed\">\n<p>En un escenario donde el Gobierno parece prepararse para mayores                                      nubarrones en la econom\u00eda, las consultoras empezaron a proyectar un escenario m\u00e1s desafiante para los pr\u00f3ximos meses. En concreto, un <strong>freno en la reducci\u00f3n de la inflaci\u00f3n hasta abril inclusive y posibles tensiones con el d\u00f3lar<\/strong> por el nuevo esquema cambiario que negocian con el Fondo Monetario, a cambio de entregar fondos frescos.<\/p>\n<\/div>\n<div class=\"sc-80531b6b-0 chRIGJ container-text text-embed\">\n<p>Despu\u00e9s de que los precios bajaran al 2,7% en diciembre y al 2% en enero, <strong>las expectativas de los economistas giran en torno al 2% en febrero, marzo y abril<\/strong>. As\u00ed, de cumplirse ese pron\u00f3stico, la inflaci\u00f3n acumular\u00eda cinco meses sin poder perforar ese piso, pese a la reducci\u00f3n del deslizamiento del d\u00f3lar del 2% al 1% mensual (crawl) en febrero, la moderaci\u00f3n en los aumentos de las tarifas y el tope discreto en las paritarias del 1% mensual.<\/p>\n<\/div>\n<div class=\"sc-80531b6b-0 chRIGJ container-text text-embed\">\n<p>La explicaci\u00f3n de los especialistas es que se trata de un momento del a\u00f1o en el que pesan <strong>alimentos, educaci\u00f3n, transporte y vestimenta<\/strong>. &#8220;Esperamos una inflaci\u00f3n del 2,7% en febrero, pero es algo muy puntual relacionado con la carne, <strong>no creo que est\u00e9 en peligro la inflaci\u00f3n ni el crawl<\/strong>, marzo seguro hay estacionalidad alta y abril tambi\u00e9n, reci\u00e9n en mayo estar\u00eda por debajo del 2%&#8221;, dijo Sebasti\u00e1n Menescaldi, socio adjunto de EcoGo.<\/p>\n<\/div>\n<div class=\"sc-80531b6b-0 chRIGJ container-text text-embed\">\n<p>Los c\u00e1lculos privados<strong> <\/strong>implican <strong>una demora en los planes de Milei<\/strong>, quien dijo el s\u00e1bado que la inflaci\u00f3n &#8220;se va a terminar de una vez por todas&#8221;. Este martes, se sum\u00f3 Domingo Cavallo a la discusi\u00f3n con un art\u00edculo en su blog en el que advierte que en ancla sobre el d\u00f3lar est\u00e1 dejando de ser determinante para recortar la tasa de inflaci\u00f3n mensual. La medici\u00f3n que elabora su hijo Alberto Cavallo prev\u00e9 una variaci\u00f3n del 2,1% hasta el 28 de febrero. <\/p>\n<\/div>\n<div class=\"sc-80531b6b-0 chRIGJ container-text text-embed\">\n<p>La lectura del exministro, al que Milei tach\u00f3 la \u00faltima vez de &#8220;impresentable&#8221;, es que si el gobierno persiste con el actual esquema cambiario podr\u00eda enfrentar <strong>un posible \u201csalto devaluatorio&#8221; que desestabiliza el proceso de desinflaci\u00f3n<\/strong>. As\u00ed, apunt\u00f3 contra el ritmo del crawl y la intervenci\u00f3n sobre el d\u00f3lar financiero con el d\u00f3lar blend, un tipo de cambio que sirve para mantener la brecha cambiaria por debajo del 15% a costa de perder reservas.<\/p>\n<\/div>\n<div class=\"sc-80531b6b-0 chRIGJ container-text text-embed\">\n<p>&#8220;En el fondo, el problema es que<strong> la competitividad cambiaria va a seguir empeorando por la baja del crawl al 1%<\/strong> mientras la inflaci\u00f3n sigue al 2% por dos o tres meses. El desaf\u00edo va a ser intentar que el ancla no sea solo cambiaria, sino que los servicios empiecen a crecer por debajo del 3,5% o 3% mensual. Reci\u00e9n en enero rompieron el piso del 4% por primera vez despu\u00e9s de m\u00e1s de 20 meses&#8221;, dijo Gonzalo Carrera, economista de Equilibra.<\/p>\n<\/div>\n<div class=\"sc-80531b6b-0 chRIGJ container-text text-embed\">\n<p>Atento a Wall Street, donde algunos bancos pronostican un d\u00f3lar a $ 1.400 para fin de a\u00f1o, Milei anticip\u00f3 el s\u00e1bado <strong>un esquema cambiario &#8220;m\u00e1s libre y eficiente&#8221;, sin descartar &#8220;volatilidad&#8221;<\/strong>. &#8220;La vida no funciona de esa manera; no es un movimiento rectil\u00edneo uniforme, siempre hay altos y bajos, momentos de tensi\u00f3n y momentos de tranquilidad&#8221;, afirm\u00f3 el Presidente en un mensaje que Cristina Kirchner interpret\u00f3 como el presagio de una devaluaci\u00f3n.<\/p>\n<\/div>\n<div class=\"sc-80531b6b-0 chRIGJ container-text text-embed\">\n<p>La gesti\u00f3n actual ya enfrent\u00f3 turbulencias en julio del a\u00f1o pasado, cuando oficializ\u00f3 un plan de urgencia para intervenir sobre el d\u00f3lar financiero y contener la mini corrida gatillada por la fuerte baja de tasas. Y en febrero, <strong>la escasez de divisas llev\u00f3 a una baja sorpresiva de las retenciones y a flexibilizar el acceso al cr\u00e9dito en d\u00f3lares<\/strong>, en medio del deterioro de las reservas y la suba del riesgo pa\u00eds, que ya orilla los 800 puntos.<\/p>\n<\/div>\n<div class=\"sc-80531b6b-0 chRIGJ container-text text-embed\">\n<p>&#8220;Lo que dice Milei es que la estabilizaci\u00f3n puede tener alguna reversi\u00f3n. Lo pienso hacia atr\u00e1s en la brecha y el riesgo pa\u00eds y hacia adelante en inflaci\u00f3n y actividad. Un acuerdo con el FMI deber\u00eda implicar un cambio en el r\u00e9gimen cambiario y monetario.<strong> En el corto plazo, aunque no sea de una gran magnitud, puede subir la inflaci\u00f3n y eso impactar en la leve recuperaci\u00f3n de salarios y jubilaciones<\/strong>&#8220;, dijo Claudio Caprarulo, director de Analytica.<\/p>\n<\/div>\n<div class=\"sc-80531b6b-0 chRIGJ container-text text-embed\">\n<p>El mandatario anunci\u00f3 que esta semana iba a presentar el acuerdo con el Fondo en el Congreso, pero <strong>todav\u00eda hay dudas si se van a implementar bandas cambiarias o alg\u00fan otro mecanismo de intervenci\u00f3n &#8220;light&#8221;<\/strong>. En las \u00faltimas horas, se rumore\u00f3 la aceptaci\u00f3n del Fondo en el uso &#8220;discrecional&#8221; de los desembolsos, algo que raramente concede. El mercado, por las dudas, empez\u00f3 a cubrirse de eventuales riesgos con los contratos de d\u00f3lar futuro.<\/p>\n<\/div>\n<\/div>\n<p><br \/>\n<br \/><a href=\"https:\/\/www.clarin.com\/economia\/alerta-milei-congreso-economistas-preven-inflacion-2-meses-volatilidad-dolar_0_6KqyXrpGfX.html\">Fuente Clarin.com <\/a><\/p>\n","protected":false},"excerpt":{"rendered":"<p>En un escenario donde el Gobierno parece prepararse para mayores nubarrones en la econom\u00eda, las consultoras empezaron a proyectar un escenario m\u00e1s desafiante para los pr\u00f3ximos meses. En concreto, un freno en la reducci\u00f3n de la inflaci\u00f3n hasta abril inclusive y posibles tensiones con el d\u00f3lar por el nuevo esquema cambiario que negocian con el [&hellip;]<\/p>\n","protected":false},"author":1,"featured_media":10134,"comment_status":"open","ping_status":"open","sticky":false,"template":"","format":"standard","meta":{"footnotes":""},"categories":[2],"tags":[985,2010,100,3068,2997,1544,28,1075,77,142,10781,312,434,73,8876],"class_list":["post-10133","post","type-post","status-publish","format-standard","has-post-thumbnail","hentry","category-ultimas-noticias","tag-alerta","tag-congreso","tag-del","tag-dolar","tag-economistas","tag-inflacion","tag-los","tag-meses","tag-milei","tag-por","tag-preven","tag-tras","tag-tres","tag-una","tag-volatilidad"],"_links":{"self":[{"href":"https:\/\/13.com.ar\/index.php\/wp-json\/wp\/v2\/posts\/10133","targetHints":{"allow":["GET"]}}],"collection":[{"href":"https:\/\/13.com.ar\/index.php\/wp-json\/wp\/v2\/posts"}],"about":[{"href":"https:\/\/13.com.ar\/index.php\/wp-json\/wp\/v2\/types\/post"}],"author":[{"embeddable":true,"href":"https:\/\/13.com.ar\/index.php\/wp-json\/wp\/v2\/users\/1"}],"replies":[{"embeddable":true,"href":"https:\/\/13.com.ar\/index.php\/wp-json\/wp\/v2\/comments?post=10133"}],"version-history":[{"count":0,"href":"https:\/\/13.com.ar\/index.php\/wp-json\/wp\/v2\/posts\/10133\/revisions"}],"wp:featuredmedia":[{"embeddable":true,"href":"https:\/\/13.com.ar\/index.php\/wp-json\/wp\/v2\/media\/10134"}],"wp:attachment":[{"href":"https:\/\/13.com.ar\/index.php\/wp-json\/wp\/v2\/media?parent=10133"}],"wp:term":[{"taxonomy":"category","embeddable":true,"href":"https:\/\/13.com.ar\/index.php\/wp-json\/wp\/v2\/categories?post=10133"},{"taxonomy":"post_tag","embeddable":true,"href":"https:\/\/13.com.ar\/index.php\/wp-json\/wp\/v2\/tags?post=10133"}],"curies":[{"name":"wp","href":"https:\/\/api.w.org\/{rel}","templated":true}]}}