{"id":10129,"date":"2025-03-05T06:17:37","date_gmt":"2025-03-05T09:17:37","guid":{"rendered":"https:\/\/13.com.ar\/index.php\/quien-es-diego-armando-diaz-el-delantero-de-union-de-santa-fe-que-hizo-un-camino-inusual-para-llegar-a-debutar-en-la-liga-profesional\/"},"modified":"2025-03-05T06:17:37","modified_gmt":"2025-03-05T09:17:37","slug":"quien-es-diego-armando-diaz-el-delantero-de-union-de-santa-fe-que-hizo-un-camino-inusual-para-llegar-a-debutar-en-la-liga-profesional","status":"publish","type":"post","link":"https:\/\/13.com.ar\/index.php\/quien-es-diego-armando-diaz-el-delantero-de-union-de-santa-fe-que-hizo-un-camino-inusual-para-llegar-a-debutar-en-la-liga-profesional\/","title":{"rendered":"\u00bfQui\u00e9n es Diego Armando D\u00edaz? El delantero de Uni\u00f3n de Santa Fe que hizo un camino inusual para llegar a debutar en la Liga Profesional"},"content":{"rendered":"<p> <br \/>\n<br \/><img decoding=\"async\" src=\"https:\/\/13.com.ar\/wp-content\/uploads\/2025\/03\/\u00bfQuien-es-Diego-Armando-Diaz-El-delantero-de-Union-de.jpg\" \/><\/p>\n<div id=\"cuerpo\">\n<div class=\"sc-80531b6b-0 chRIGJ container-text text-embed\">\n<p><strong>El f\u00fatbol transita su \u00e9poca menos disociada de la tecnolog\u00eda<\/strong>. Entrenamientos con <strong>drones<\/strong>, futbolistas seguidos milim\u00e9tricamente por sistemas <strong>GPS<\/strong>, <strong>chips <\/strong>en las pelotas que triangulan informaci\u00f3n con antenas dispuestas en los v\u00e9rtices del campo de juego para que el reloj del \u00e1rbitro de un alerta si la pelota cruz\u00f3 la l\u00ednea. Hasta los refuerzos responden a las m\u00e9tricas que cada jugador le entrega al dispositivo que lleva puesto en un sujetador de lycra.<\/p>\n<\/div>\n<div class=\"sc-80531b6b-0 chRIGJ container-text text-embed\">\n<p>La an\u00e9cdota del entrenamiento de reflejos con chapitas de gaseosas y corchos que <strong>Ubaldo Matildo Fillol<\/strong> le revel\u00f3 a <strong>Clar\u00edn <\/strong>daba cuenta del \u00faltimo rastro anal\u00f3gico en la preparaci\u00f3n de un futbolista, hasta que se conoci\u00f3 la de <strong>Diego Armando D\u00edaz<\/strong>. El delantero de que se prepar\u00f3 para llegar a Uni\u00f3n entrenando en las postas p\u00fablicas de una plaza o en una canchita de tierra con <strong>botellas de fernet por conos<\/strong>. Con la 29 en la espalda, debut\u00f3 como profesional a los 23 a\u00f1os en Uni\u00f3n y a los cinco minutos estrell\u00f3 un remate en el travesa\u00f1o.<\/p>\n<\/div>\n<div class=\"sc-80531b6b-0 chRIGJ container-text text-embed\">\n<p><strong>\u00bfC\u00f3mo lleg\u00f3 a Primera Divisi\u00f3n un futbolista sin recorrido en inferiores de la Asociaci\u00f3n del F\u00fatbol Argentino (AFA)? <\/strong>La respuesta se nutre de varios aspectos, pero uno es obvio: los goles despertaron el inter\u00e9s del <strong>Tatengue<\/strong>. Fueron 47 en 43 partidos de la <strong>Liga Ceresina<\/strong>, un regional que agrupa equipos de Ceres y alrededores en Santa Fe. Pero esa fue la \u00faltima parada antes de llegar a ponerse a las \u00f3rdenes del <strong>Kily Gonz\u00e1lez <\/strong>en la Liga Profesional de F\u00fatbol (<strong>LPF<\/strong>). La historia comienza m\u00e1s al norte, en <strong>Los Frentones<\/strong>, Chaco.<\/p>\n<\/div>\n<div class=\"sc-80531b6b-0 chRIGJ container-text text-embed\">\n<p>Cuando su madre respondi\u00f3 las preguntas del Censo en 2001, estaba a menos de dos meses de parir a su noveno hijo, que llam\u00f3 Diego por Maradona y Armando, por un t\u00edo. Naci\u00f3 el 10 de enero de 2002 un mediod\u00eda que el term\u00f3metro marc\u00f3 50 grados y no est\u00e1 contabilizado entre los 4.712 habitantes que arroj\u00f3 la medici\u00f3n nacional para esa poblaci\u00f3n a casi 300 kil\u00f3metros de la capital provincial.<\/p>\n<\/div>\n<div class=\"sc-106e49c0-0 dcVumd freeHtml-embed undefined\">\n<blockquote class=\"twitter-tweet\">\n<p lang=\"es\" dir=\"ltr\">&#8220;ME TUVE QUE PONER A PUNTO EN POCOS D\u00cdAS Y EN MI PUEBLO ME PUSE A ENTRENAR CON BOTELLAS DE FERNET COMO CONOS&#8221;<\/p>\n<p>La incre\u00edble historia del video viral de Diego Armando D\u00edaz.<\/p>\n<p>\ud83d\udcfa <a rel=\"nofollow\" target=\"_blank\" href=\"https:\/\/twitter.com\/hashtag\/DisneyPlus?src=hash&amp;ref_src=twsrc%5Etfw\">#DisneyPlus<\/a> <a rel=\"nofollow\" target=\"_blank\" href=\"https:\/\/t.co\/tatXsVhody\">pic.twitter.com\/tatXsVhody<\/a><\/p>\n<p>\u2014 SportsCenter (@SC_ESPN) <a rel=\"nofollow\" target=\"_blank\" href=\"https:\/\/twitter.com\/SC_ESPN\/status\/1896033663722119470?ref_src=twsrc%5Etfw\">March 2, 2025<\/a><\/p><\/blockquote>\n<\/div>\n<div class=\"sc-80531b6b-0 chRIGJ container-text text-embed\">\n<p>La casa era de adobe y la pelota el entretenimiento predilecto. Pero tambi\u00e9n desde muy peque\u00f1o hab\u00eda obligaciones: trabajaba en la carboner\u00eda con sus hermanos para arrimar algo de dinero a la econom\u00eda familiar. <strong>Nunca hizo inferiores en ning\u00fan club<\/strong>, pero desde los 18 a\u00f1os juega en la Primera de diversos equipos regionales y sin que lo supiera, se hablaba de \u00e9l desde lugares remotos. Para D\u00edaz, por entonces, cualquier lugar era impensado ya que nunca hab\u00eda salido de Los Frentones.<\/p>\n<\/div>\n<div class=\"sc-80531b6b-0 chRIGJ container-text text-embed\">\n<p>Las primeras camisetas fueron las del club <strong>V\u00eda y Obras<\/strong> y <strong>9 de Julio<\/strong>. El horizonte lo recortaba la amplitud de la Liga Saenzpe\u00f1ense. <strong>\u201cEmpec\u00e9 jugando en el barrio, despu\u00e9s pas\u00e9 a un club de liga, y cuando me dejaron de poner, pas\u00e9 a otro equipo\u201d<\/strong>, resum\u00eda a los 20 a\u00f1os cuando le escucharon la voz por primera vez en Santa Fe. Hab\u00eda llegado a esa provincia porque lo fue a buscar a Chaco un entrenador al que le hab\u00edan dicho que hab\u00eda \u201cun animal\u201d en aquella liga regional.<\/p>\n<\/div>\n<div class=\"sc-80531b6b-0 chRIGJ container-text text-embed\">\n<p>&#8220;Yo era el t\u00e9cnico de Uni\u00f3n Deportiva Ruf\u00f3, mi pueblo. En el mercado de pase de invierno nosotros pod\u00edamos incorporar dos jugadores que ten\u00edan que provenir de otras ligas: ten\u00eda que ser un pase interliga&#8221;, recuerda hoy<strong> Elvio Acosta<\/strong>, en una entrevista al programa <em>Ahora Vengo<\/em> que se emite por radio <strong>AIRE <\/strong>de Santa Fe. El pre\u00e1mbulo revela una trama alejada de un tr\u00e1mite sencillo.<\/p>\n<\/div>\n<div class=\"sc-80531b6b-0 chRIGJ container-text text-embed\">\n<p>Consult\u00f3 a sus contactos de Chaco y le dieron dos nombres. El primero acept\u00f3 el convite por tel\u00e9fono, el otro no estaba seguro de dejar su terru\u00f1o. Ya hab\u00eda pasado los 20, pero nunca se hab\u00eda alejado tanto de Los Frentones. Acosta se subi\u00f3 un micro y lo fue a ver: se jugaba la final de la liga Saenzpe\u00f1ense y el tal Diego Armando D\u00edaz era titular.<\/p>\n<\/div>\n<div class=\"sc-80531b6b-0 chRIGJ container-text text-embed\">\n<p>&#8220;Vi la t\u00e9cnica de un gran jugador y la fuerza de otro, era una mezcla entre el <strong>Bichi Borghi y el B\u00fafalo Funes en la misma persona<\/strong>. Entonces le dije que lo llevaba si \u00e9l quer\u00eda venir. No estaba muy convencido. Su se\u00f1ora, su esposa, fue la que m\u00e1s lo impuls\u00f3 a venir a Ruf\u00f3&#8221;, explica Acosta.<\/p>\n<\/div>\n<div class=\"sc-80531b6b-0 chRIGJ container-text text-embed\">\n<p>D\u00edaz cambi\u00f3 de provincia y segu\u00eda confirmando a nivel regional que la romp\u00eda. Peg\u00f3 el saltito a <strong>Sportivo Las Parejas<\/strong>, que lo cedi\u00f3 a <strong>Club Central Argentino Ol\u00edmpico<\/strong>. Ah\u00ed lo tentaron de un club de Bolivia, pero D\u00edaz dijo que no. Nunca sali\u00f3 del pa\u00eds. <strong>\u201cNo sab\u00eda si me iba a adaptar\u201d<\/strong>, se excus\u00f3.<\/p>\n<\/div>\n<div class=\"sc-80531b6b-0 chRIGJ container-text text-embed\">\n<p>De all\u00ed a <strong>Susanense<\/strong>, donde hizo 47 goles en 43 partidos: 10 en la Copa Federaci\u00f3n, 7 en la Copa Santa Fe, 12 en el Torneo Apertura y 18 en el Clausura, en el que fue la gran figura del campeonato que gan\u00f3 su equipo para cortar una sequ\u00eda de 26 a\u00f1os sin vueltas.<\/p>\n<\/div>\n<div class=\"sc-80531b6b-0 chRIGJ container-text text-embed\">\n<p>Ah\u00ed aparece en la historia <strong>Uni\u00f3n <\/strong>de Santa Fe, que pregunt\u00f3 en Sportivo Las Parejas por un pr\u00e9stamo. R\u00e1pido, en el club acordaron uno con cargo y la opci\u00f3n de compra. Pero en el <strong>Tatengue <\/strong>lo quer\u00edan ver primero y acordaron una prueba en tres d\u00edas. Cuando D\u00edaz lo supo, comenz\u00f3 una carrera contrarreloj para ponerse a punto: <strong>en el regional, el trabajo f\u00edsico no est\u00e1 en las prioridades de las rutinas. Se juega principalmente y se corre hasta que uno est\u00e1 cansado<\/strong>.<\/p>\n<\/div>\n<div class=\"sc-80531b6b-0 chRIGJ container-text text-embed\">\n<p>&#8220;Estaba en una liga donde el entrenamiento no era tan importante\u201d, explica. Por eso no dudo en plantar botellas de fernet sobre la tierra como si fueran conos y, solo sin preparador f\u00edsico, complet\u00f3 una serie de rutinas para llegar lo mejor posible a la prueba de su vida. <strong>Y qued\u00f3.<\/strong><\/p>\n<\/div>\n<div class=\"sc-80531b6b-0 chRIGJ container-text text-embed\">\n<p>\u201cAhora en Uni\u00f3n se me hace m\u00e1s dif\u00edcil, pero de a poco me voy adaptando. Venimos trabajando en los entrenamientos, tengo la cabeza en el arco y tengo que rematar&#8221;, dijo poco despu\u00e9s de su debut, en el que dio una muestra de todo lo que puede dar con un remate que se estrell\u00f3 en el travesa\u00f1o, a apenas cinco minutos de haber pisado la m\u00e1xima categor\u00eda del f\u00fatbol argentino.<\/p>\n<\/div>\n<\/div>\n<p><script async src=\"\/\/platform.twitter.com\/widgets.js\" charset=\"utf-8\"><\/script><br \/>\n<br \/><br \/>\n<br \/><a href=\"https:\/\/www.clarin.com\/deportes\/diego-armando-diaz-delantero-union-santa-fe-hizo-camino-inusual-llegar-debutar-liga-profesional_0_6wy8djQVRj.html\">Fuente Clarin.com <\/a><\/p>\n","protected":false},"excerpt":{"rendered":"<p>El f\u00fatbol transita su \u00e9poca menos disociada de la tecnolog\u00eda. Entrenamientos con drones, futbolistas seguidos milim\u00e9tricamente por sistemas GPS, chips en las pelotas que triangulan informaci\u00f3n con antenas dispuestas en los v\u00e9rtices del campo de juego para que el reloj del \u00e1rbitro de un alerta si la pelota cruz\u00f3 la l\u00ednea. Hasta los refuerzos responden [&hellip;]<\/p>\n","protected":false},"author":1,"featured_media":10130,"comment_status":"open","ping_status":"open","sticky":false,"template":"","format":"standard","meta":{"footnotes":""},"categories":[2],"tags":[10780,2129,5685,10133,4359,880,521,5563,96,1304,16,3298,3,4311,4199],"class_list":["post-10129","post","type-post","status-publish","format-standard","has-post-thumbnail","hentry","category-ultimas-noticias","tag-armando","tag-camino","tag-debutar","tag-delantero","tag-diaz","tag-diego","tag-hizo","tag-inusual","tag-liga","tag-llegar","tag-para","tag-profesional","tag-quien","tag-santa","tag-union"],"_links":{"self":[{"href":"https:\/\/13.com.ar\/index.php\/wp-json\/wp\/v2\/posts\/10129","targetHints":{"allow":["GET"]}}],"collection":[{"href":"https:\/\/13.com.ar\/index.php\/wp-json\/wp\/v2\/posts"}],"about":[{"href":"https:\/\/13.com.ar\/index.php\/wp-json\/wp\/v2\/types\/post"}],"author":[{"embeddable":true,"href":"https:\/\/13.com.ar\/index.php\/wp-json\/wp\/v2\/users\/1"}],"replies":[{"embeddable":true,"href":"https:\/\/13.com.ar\/index.php\/wp-json\/wp\/v2\/comments?post=10129"}],"version-history":[{"count":0,"href":"https:\/\/13.com.ar\/index.php\/wp-json\/wp\/v2\/posts\/10129\/revisions"}],"wp:featuredmedia":[{"embeddable":true,"href":"https:\/\/13.com.ar\/index.php\/wp-json\/wp\/v2\/media\/10130"}],"wp:attachment":[{"href":"https:\/\/13.com.ar\/index.php\/wp-json\/wp\/v2\/media?parent=10129"}],"wp:term":[{"taxonomy":"category","embeddable":true,"href":"https:\/\/13.com.ar\/index.php\/wp-json\/wp\/v2\/categories?post=10129"},{"taxonomy":"post_tag","embeddable":true,"href":"https:\/\/13.com.ar\/index.php\/wp-json\/wp\/v2\/tags?post=10129"}],"curies":[{"name":"wp","href":"https:\/\/api.w.org\/{rel}","templated":true}]}}