{"id":10127,"date":"2025-03-05T06:14:32","date_gmt":"2025-03-05T09:14:32","guid":{"rendered":"https:\/\/13.com.ar\/index.php\/giovanna-pisano-maurin-la-arquera-de-16-anos-que-vendio-sus-patines-y-armo-rifas-poder-competir-en-el-sudamericano-de-chile\/"},"modified":"2025-03-05T06:14:32","modified_gmt":"2025-03-05T09:14:32","slug":"giovanna-pisano-maurin-la-arquera-de-16-anos-que-vendio-sus-patines-y-armo-rifas-poder-competir-en-el-sudamericano-de-chile","status":"publish","type":"post","link":"https:\/\/13.com.ar\/index.php\/giovanna-pisano-maurin-la-arquera-de-16-anos-que-vendio-sus-patines-y-armo-rifas-poder-competir-en-el-sudamericano-de-chile\/","title":{"rendered":"Giovanna Pisano Maurin, la arquera de 16 a\u00f1os que vendi\u00f3 sus patines y arm\u00f3 rifas poder competir en el Sudamericano de Chile"},"content":{"rendered":"<p> <br \/>\n<\/p>\n<div id=\"cuerpo\">\n<div class=\"sc-80531b6b-0 chRIGJ container-text text-embed\">\n<p>La pandemia marc\u00f3 un antes y un despu\u00e9s en la vida de muchas personas. Para <strong>Giovanna Pisano Maurin<\/strong> signific\u00f3 tomar una decisi\u00f3n que cambiar\u00eda su destino: <strong>dejar los patines para empu\u00f1ar un arco con flechas<\/strong>. A los 16 a\u00f1os, se clasific\u00f3 al Sudamericano que se disputar\u00e1 en Santiago de Chile del 10 al 15 de marzo. Pero llegar a competir all\u00ed no fue f\u00e1cil. <strong>\u201cVend\u00ed mis patines para poder ir a Chile\u201d<\/strong>, le cont\u00f3 la deportista a <strong>Clar\u00edn<\/strong>. <\/p>\n<\/div>\n<div class=\"sc-80531b6b-0 chRIGJ container-text text-embed\">\n<p>Su familia golpe\u00f3 muchas puertas en busca de apoyo econ\u00f3mico y no tuvo \u00e9xito. Hasta que con esfuerzo econ\u00f3mico personal y donaciones de amigos, conocidos e hinchas de V\u00e9lez que la escucharon por radio llegaron a cumplir el objetivo.<\/p>\n<\/div>\n<div class=\"sc-80531b6b-0 chRIGJ container-text text-embed\">\n<p><strong>El flechazo con el tiro con arco fue inmediato<\/strong>. Ten\u00eda 12 a\u00f1os y la pandemia la hab\u00eda alejado del patinaje. Un d\u00eda, mientras viajaba en auto con sus padres, vio un cartel en el <strong>club CACE de Aldo Bonzi<\/strong> que dec\u00eda \u201cArchery\u201d. Algo en esas letras la atrap\u00f3. Se anot\u00f3 y desde entonces no par\u00f3. Su sue\u00f1o estuvo en riesgo cuando el club cerr\u00f3 temporalmente, pero reabri\u00f3 sus puertas y, con ellas, la oportunidad de seguir apuntando alto.<\/p>\n<\/div>\n<div class=\"sc-80531b6b-0 chRIGJ container-text text-embed\">\n<p>\u201cEnseguida me dijo: <em>&#8216;Quiero ir&#8217;<\/em>. Entonces le compr\u00e9 un arquito nacional barato como para que vea si realmente le gustaba. Y s\u00ed, le gust\u00f3 y empez\u00f3 a darle con todo\u201d, dijo Andrea, mam\u00e1 de Giovanna. <\/p>\n<\/div>\n<div class=\"sc-80531b6b-0 chRIGJ container-text text-embed\">\n<p>La primera vez que la adolescente sostuvo un arco en sus manos sinti\u00f3 algo dif\u00edcil de explicar. No era s\u00f3lo un pedazo de pl\u00e1stico con una cuerda:<strong> era una puerta a otro mundo<\/strong>. Al principio los arcos eran b\u00e1sicos, toscos, casi inc\u00f3modos. Pero cuando tuvo en sus manos uno de alta gama, la diferencia fue abismal.<strong> &#8220;Para m\u00ed fue como ver una Ferrari&#8221;,<\/strong> record\u00f3 con emoci\u00f3n.<\/p>\n<\/div>\n<div class=\"sc-80531b6b-0 chRIGJ container-text text-embed\">\n<p>La textura, el peso, la precisi\u00f3n de cada pieza. Todo cambiaba seg\u00fan el material: algunos con mangos de madera, suaves al tacto; otros con acabados pulidos que se adaptaban perfectamente a su agarre. Para Giovanna disparar una flecha con un arco as\u00ed no era solo lanzar un proyectil: <strong>era sentir la tensi\u00f3n de la cuerda, la vibraci\u00f3n en la mano y la adrenalina del momento<\/strong>. <\/p>\n<\/div>\n<div class=\"sc-198be8ec-0 cynXbu image-embed  image-embed \"><picture class=\"sc-198be8ec-1 kOjRiQ\"><source media=\"(min-width: 975px)\" width=\"720\" height=\"480\" \/><img alt=\"Para Giovanna Pisano Maurin, sostener un arco de alta gama en sus manos fue como ver una Ferrari.\" loading=\"lazy\" width=\"720\" height=\"480\" decoding=\"async\" data-nimg=\"1\" style=\"color:transparent\" src=\"https:\/\/13.com.ar\/wp-content\/uploads\/2025\/03\/Giovanna-Pisano-Maurin-la-arquera-de-16-anos-que-vendio.jpg\"\/><span class=\"epigraphe\">Para Giovanna Pisano Maurin, sostener un arco de alta gama en sus manos fue como ver una Ferrari.<\/span><span class=\"bkg\"\/><span class=\"picture-open\"><button class=\"open-image\" aria-label=\"Open Image\"\/><\/span><\/picture><\/div>\n<div class=\"sc-80531b6b-0 chRIGJ container-text text-embed\">\n<p>Desde el primer d\u00eda supo que el tiro con arco no era s\u00f3lo un deporte: era su pasi\u00f3n. \u201cMuchos me preguntan qu\u00e9 le veo a este deporte, pero para m\u00ed es hermoso\u201d, dijo con una sonrisa.<\/p>\n<\/div>\n<div class=\"sc-80531b6b-0 chRIGJ container-text text-embed\">\n<p>Sin embargo, dedicarse al deporte implica sacrificios y Giovanna siempre lo tuvo presente. Nacida en Isidro Casanova, partido de La Matanza, organiza su vida en torno al tiro con arco.<strong> <\/strong>Se entrena seis d\u00edas a la semana, durante m\u00e1s de 40 horas: gimnasio a la ma\u00f1ana, club por la tarde y doble turno los fines de semana, con jornadas de hasta ocho horas. <strong>Para sostener ese ritmo, su familia decidi\u00f3 que curse el secundario por la noche.<\/strong><\/p>\n<\/div>\n<div class=\"sc-80531b6b-0 chRIGJ container-text text-embed\">\n<p>Su evoluci\u00f3n fue mete\u00f3rica. Comenz\u00f3 lanzando a 20 metros, pero en cuesti\u00f3n de meses duplic\u00f3 la distancia y pronto alcanz\u00f3 los 60<strong>,<\/strong> la categor\u00eda Sub 18 en la que compite hoy. \u201cEl t\u00e9cnico me dijo que la ve\u00eda bien, con mucha fuerza. Ah\u00ed le compr\u00e9 un arco mejor y as\u00ed fuimos cambiando\u201d, cont\u00f3 Andrea, su madre y docente jubilada, en di\u00e1logo con <strong>Clar\u00edn<\/strong>.<\/p>\n<\/div>\n<div class=\"sc-80531b6b-0 chRIGJ container-text text-embed\">\n<p>Con tan poca preparaci\u00f3n para esa distancia, Giovanna dudaba de su rendimiento. Pero en la final nacional sorprendi\u00f3: termin\u00f3 cuarta y fue convocada al grupo de elite de la Selecci\u00f3n argentina. <strong>Llevaba apenas cuatro meses tirando a 60 metros<\/strong>. \u201cUna locura para m\u00ed\u201d, dijo con asombro.<\/p>\n<\/div>\n<div class=\"sc-80531b6b-0 chRIGJ container-text text-embed\">\n<p>El 28 de enero, en Chajar\u00ed, Entre R\u00edos, Giovanna disput\u00f3 una de las competencias m\u00e1s importantes de su carrera: el clasificatorio para el Sudamericano de Chile. <strong>Termin\u00f3 tercera y asegur\u00f3 su lugar en el equipo argentino. <\/strong>Sin embargo, como le ocurre a muchos deportistas en disciplinas menos populares, todo es a pulm\u00f3n y la clasificaci\u00f3n no garantiza nada.<\/p>\n<\/div>\n<div class=\"sc-198be8ec-0 cynXbu image-embed  image-embed \"><picture class=\"sc-198be8ec-1 kOjRiQ\"><source media=\"(min-width: 975px)\" width=\"720\" height=\"480\" \/><img alt=\"Giovanna Pisano Maurin y su familia est\u00e1n vendiendo rifas para reunir los 905 d\u00f3lares que le  faltan para ir al Sudamericano.\" loading=\"lazy\" width=\"720\" height=\"480\" decoding=\"async\" data-nimg=\"1\" style=\"color:transparent\" src=\"https:\/\/13.com.ar\/wp-content\/uploads\/2025\/03\/1741166072_971_Giovanna-Pisano-Maurin-la-arquera-de-16-anos-que-vendio.jpg\"\/><span class=\"epigraphe\">Giovanna Pisano Maurin y su familia est\u00e1n vendiendo rifas para reunir los 905 d\u00f3lares que le  faltan para ir al Sudamericano.<\/span><span class=\"bkg\"\/><span class=\"picture-open\"><button class=\"open-image\" aria-label=\"Open Image\"\/><\/span><\/picture><\/div>\n<div class=\"sc-80531b6b-0 chRIGJ container-text text-embed\">\n<p>La Federaci\u00f3n de Tiro con Arco cubre los gastos s\u00f3lo de las dos primeras clasificadas. <strong>La tercera y la cuarta deben arregl\u00e1rselas solas.<\/strong> Y la situaci\u00f3n es a\u00fan m\u00e1s injusta: en Chile, Giovanna no s\u00f3lo competir\u00e1 en la prueba individual sino tambi\u00e9n en la modalidad por equipos, donde cada pa\u00eds debe presentar tres arqueras titulares. Aun as\u00ed, la Federaci\u00f3n solo financia a dos.<\/p>\n<\/div>\n<div class=\"sc-80531b6b-0 chRIGJ container-text text-embed\">\n<p>Giovanna enfrentaba una carrera contrarreloj. <strong>Necesitaba reunir 905 d\u00f3lares<\/strong> para costear la inscripci\u00f3n al Sudamericano, el alojamiento y los gastos de traslado. Sus padres, con esfuerzo, cubrieron los pasajes a\u00e9reos y el seguro m\u00e9dico. Adem\u00e1s debieron pelear para evitar el cargo extra por el equipaje deportivo, un gasto significativo debido al tama\u00f1o del arco.<\/p>\n<\/div>\n<div class=\"sc-80531b6b-0 chRIGJ container-text text-embed\">\n<p>Para llegar a reunir ese dinero, la familia se cans\u00f3 de golpear puertas. <strong>\u201cFui a todos lados preguntando: <em>&#8216;\u00bfQuer\u00e9s ser mi sponsor?&#8217;<\/em>, pero directamente no te contestan<\/strong> y ten\u00e9s que estar preparada para que te digan que no todo el tiempo\u201d, explic\u00f3 Giovanna. Su familia organiz\u00f3 rifas para costear el viaje.<\/p>\n<\/div>\n<div class=\"sc-80531b6b-0 chRIGJ container-text text-embed\">\n<p>Una de las puertas fue la de la Municipalidad de La Matanza, pero r\u00e1pidamente la derivaron a la Secretar\u00eda de Deportes, donde obtuvo la misma respuesta: \u201cNo podemos hacer nada\u201d. Mientras tanto, en otras provincias la historia es diferente. <\/p>\n<\/div>\n<div class=\"sc-80531b6b-0 chRIGJ container-text text-embed\">\n<p>\u201cMi compa\u00f1ero <em>Leo<\/em>, que sali\u00f3 tercero, consigui\u00f3 cuatro sponsors en apenas una semana y media. Es de C\u00f3rdoba. Yo no consegu\u00ed nada en Buenos Aires. <strong>Todos te dicen que no hay plata<\/strong>\u201d, cont\u00f3 con frustraci\u00f3n. Incluso la arquera que se clasific\u00f3 cuarta recibi\u00f3 apoyo en La Rioja.<\/p>\n<\/div>\n<div class=\"sc-198be8ec-0 cynXbu image-embed  image-embed \"><picture class=\"sc-198be8ec-1 kOjRiQ\"><source media=\"(min-width: 975px)\" width=\"720\" height=\"480\" \/><img alt=\"Adem\u00e1s del arco, Giovanna disfruta pasar tiempo con su perra, cuidar de sus plantas y desconectar jugando videojuegos.\" loading=\"lazy\" width=\"720\" height=\"480\" decoding=\"async\" data-nimg=\"1\" style=\"color:transparent\" src=\"https:\/\/13.com.ar\/wp-content\/uploads\/2025\/03\/1741166072_828_Giovanna-Pisano-Maurin-la-arquera-de-16-anos-que-vendio.jpg\"\/><span class=\"epigraphe\">Adem\u00e1s del arco, Giovanna disfruta pasar tiempo con su perra, cuidar de sus plantas y desconectar jugando videojuegos.<\/span><span class=\"bkg\"\/><span class=\"picture-open\"><button class=\"open-image\" aria-label=\"Open Image\"\/><\/span><\/picture><\/div>\n<div class=\"sc-80531b6b-0 chRIGJ container-text text-embed\">\n<p>Fuera del deporte, a Giovanna le gusta pasar tiempo con su perra y cuidar de sus plantas, aunque admite entre risas que \u00faltimamente est\u00e1n algo descuidadas. &#8220;No tengo tiempo&#8221;, explic\u00f3 resignada, porque entre entrenamientos y competencias, <strong>su vida gira alrededor del arco y la flecha<\/strong>. Cuando logra un rato libre, lo dedica a los videojuegos, una de las pocas formas en las que realmente desconecta.<\/p>\n<\/div>\n<div class=\"sc-80531b6b-0 chRIGJ container-text text-embed\">\n<p>Pero en el fondo su verdadera pasi\u00f3n es el deporte y poder llegar a competir en unos Juegos Ol\u00edmpicos. Eso la consume por completo. Su mam\u00e1 lo confirma con orgullo: &#8220;Le pone garra y entusiasmo cuando se pone un objetivo. Tiene altibajos como cualquiera, pero sigue adelante y por eso avanz\u00f3 un mont\u00f3n&#8221;. <\/p>\n<\/div>\n<div class=\"sc-80531b6b-0 chRIGJ container-text text-embed\">\n<p>Giovanna ya sabe que competir\u00e1 en el Sudamericano. A\u00fan restan 300 d\u00f3lares para cubrir su estad\u00eda en Chile, porque se le rompi\u00f3 la mira del arco y hubo que reemplazarla. Fue vital la ayuda de hinchas de V\u00e9lez, que de a <em>puchitos <\/em>se solidarizaron cuando la escucharon en la radio. Y a los 16 a\u00f1os viajar\u00e1 a cumplir su sue\u00f1o. Sin sus patines, pero con el orgullo de saber ella super\u00f3 los obst\u00e1culos y representar\u00e1 a la Argentina.<\/p>\n<\/div>\n<\/div>\n<p><br \/>\n<br \/><a href=\"https:\/\/www.clarin.com\/deportes\/giovanna-pisano-maurin-arquera-16-anos-vendio-patines-armo-rifas-poder-competir-sudamericano-chile_0_EHUVmFuM7g.html\">Fuente Clarin.com <\/a><\/p>\n","protected":false},"excerpt":{"rendered":"<p>La pandemia marc\u00f3 un antes y un despu\u00e9s en la vida de muchas personas. Para Giovanna Pisano Maurin signific\u00f3 tomar una decisi\u00f3n que cambiar\u00eda su destino: dejar los patines para empu\u00f1ar un arco con flechas. A los 16 a\u00f1os, se clasific\u00f3 al Sudamericano que se disputar\u00e1 en Santiago de Chile del 10 al 15 de [&hellip;]<\/p>\n","protected":false},"author":1,"featured_media":10128,"comment_status":"open","ping_status":"open","sticky":false,"template":"","format":"standard","meta":{"footnotes":""},"categories":[2],"tags":[636,4422,10777,372,4356,10774,10776,10778,10775,2140,10779,2089,40,7637],"class_list":["post-10127","post","type-post","status-publish","format-standard","has-post-thumbnail","hentry","category-ultimas-noticias","tag-anos","tag-armo","tag-arquera","tag-chile","tag-competir","tag-giovanna","tag-maurin","tag-patines","tag-pisano","tag-poder","tag-rifas","tag-sudamericano","tag-sus","tag-vendio"],"_links":{"self":[{"href":"https:\/\/13.com.ar\/index.php\/wp-json\/wp\/v2\/posts\/10127","targetHints":{"allow":["GET"]}}],"collection":[{"href":"https:\/\/13.com.ar\/index.php\/wp-json\/wp\/v2\/posts"}],"about":[{"href":"https:\/\/13.com.ar\/index.php\/wp-json\/wp\/v2\/types\/post"}],"author":[{"embeddable":true,"href":"https:\/\/13.com.ar\/index.php\/wp-json\/wp\/v2\/users\/1"}],"replies":[{"embeddable":true,"href":"https:\/\/13.com.ar\/index.php\/wp-json\/wp\/v2\/comments?post=10127"}],"version-history":[{"count":0,"href":"https:\/\/13.com.ar\/index.php\/wp-json\/wp\/v2\/posts\/10127\/revisions"}],"wp:featuredmedia":[{"embeddable":true,"href":"https:\/\/13.com.ar\/index.php\/wp-json\/wp\/v2\/media\/10128"}],"wp:attachment":[{"href":"https:\/\/13.com.ar\/index.php\/wp-json\/wp\/v2\/media?parent=10127"}],"wp:term":[{"taxonomy":"category","embeddable":true,"href":"https:\/\/13.com.ar\/index.php\/wp-json\/wp\/v2\/categories?post=10127"},{"taxonomy":"post_tag","embeddable":true,"href":"https:\/\/13.com.ar\/index.php\/wp-json\/wp\/v2\/tags?post=10127"}],"curies":[{"name":"wp","href":"https:\/\/api.w.org\/{rel}","templated":true}]}}