{"id":10123,"date":"2025-03-05T05:25:58","date_gmt":"2025-03-05T08:25:58","guid":{"rendered":"https:\/\/13.com.ar\/index.php\/que-es-el-exposoma-y-por-que-lo-consideran-un-factor-muy-prometedor\/"},"modified":"2025-03-05T05:25:58","modified_gmt":"2025-03-05T08:25:58","slug":"que-es-el-exposoma-y-por-que-lo-consideran-un-factor-muy-prometedor","status":"publish","type":"post","link":"https:\/\/13.com.ar\/index.php\/que-es-el-exposoma-y-por-que-lo-consideran-un-factor-muy-prometedor\/","title":{"rendered":"qu\u00e9 es el exposoma y por qu\u00e9 lo consideran un factor &#8220;muy prometedor&#8221;"},"content":{"rendered":"<p> <br \/>\n<\/p>\n<div id=\"cuerpo\">\n<div class=\"sc-80531b6b-0 chRIGJ container-text text-embed\">\n<p>La enfermedad de Alzheimer es el tipo m\u00e1s com\u00fan de demencia. Afecta de manera gradual tanto la memoria como el pensamiento, el comportamiento y las habilidades sociales. En definitiva, la<strong> identidad de la persona,<\/strong> con un tremendo impacto en familiares y seres queridos.<\/p>\n<\/div>\n<div class=\"sc-80531b6b-0 chRIGJ container-text text-embed\">\n<p>Y dado que la edad avanzada es el <strong>principal factor de riesgo<\/strong> para desarrollar Alzheimer, con el aumento de la expectativa de vida crece su prevalencia. Estos factores hacen que su abordaje sea prioritario.<\/p>\n<\/div>\n<div class=\"sc-80531b6b-0 chRIGJ container-text text-embed\">\n<p>\u00bfEn qu\u00e9 aspectos de la enfermedad se concentran las investigaciones alrededor del mundo? \u00bfPodemos empezar a pensar en la posibilidad de un <strong>diagn\u00f3stico precoz<\/strong>? \u00bfEn un tratamiento efectivo y con menos efectos adversos? \u00bfEn qu\u00e9 sentido influye el entorno, y hasta qu\u00e9 punto la gen\u00e9tica? \u00bfCu\u00e1les son los factores modificables m\u00e1s importantes?<\/p>\n<\/div>\n<div class=\"sc-80531b6b-0 chRIGJ container-text text-embed\">\n<p>Dentro de los principales lineamientos en este sentido, asoman t\u00f3picos tan variados que incluyen desde la posibilidad de<strong> detectarla en forma temprana<\/strong>, el rol de la inteligencia artificial en el diagn\u00f3stico y tratamiento, hasta el impacto del consumo de alimentos ultraprocesados en el cerebro y la importancia de un estilo de vida saludable.<\/p>\n<\/div>\n<div class=\"sc-80531b6b-0 chRIGJ container-text text-embed\">\n<p>As\u00ed lo explica Luc\u00eda Crivelli, jefa de Neuropsicolog\u00eda de Fleni e investigadora de CONICET, quien la semana pasada lider\u00f3 la edici\u00f3n 2025 de la <em>Conferencia Internacional Neuroscience Next: Conectando a la Pr\u00f3xima Generaci\u00f3n de L\u00edderes en Neurociencia<\/em>, organizada por la Alzheimer\u2019s Association y realizada en nuestro pa\u00eds de la mano de Fleni.<\/p>\n<\/div>\n<div class=\"sc-80531b6b-0 chRIGJ container-text text-embed\">\n<p>\u201cA diferencia de las regiones del hemisferio norte, donde los factores de riesgo modificables podr\u00edan prevenir el 40% de los casos de demencia, en Am\u00e9rica Latina ese n\u00famero asciende al 56%, y <strong>en Argentina llega al 60%<\/strong>\u201d, se\u00f1ala.<\/p>\n<\/div>\n<div class=\"sc-198be8ec-0 cynXbu image-embed  image-embed \"><picture class=\"sc-198be8ec-1 kOjRiQ\"><source media=\"(min-width: 975px)\" width=\"720\" height=\"480\" \/><img alt=\"las personas que experimentan una gran desventaja en su vecindario, seg\u00fan lo medido por una m\u00e9trica llamada \u00cdndice de Privaci\u00f3n de \u00c1rea (ADI), demuestran un mayor riesgo de deterioro cognitivoFoto: Archivo. EFE\/Juan Ignacio Roncoroni\" loading=\"lazy\" width=\"720\" height=\"480\" decoding=\"async\" data-nimg=\"1\" style=\"color:transparent\" src=\"https:\/\/13.com.ar\/wp-content\/uploads\/2025\/03\/que-es-el-exposoma-y-por-que-lo-consideran-un.jpg\"\/><span class=\"epigraphe\">las personas que experimentan una gran desventaja en su vecindario, seg\u00fan lo medido por una m\u00e9trica llamada \u00cdndice de Privaci\u00f3n de \u00c1rea (ADI), demuestran un mayor riesgo de deterioro cognitivoFoto: Archivo. EFE\/Juan Ignacio Roncoroni<\/span><span class=\"bkg\"\/><span class=\"picture-open\"><button class=\"open-image\" aria-label=\"Open Image\"\/><\/span><\/picture><\/div>\n<div class=\"sc-80531b6b-0 chRIGJ container-text text-embed\">\n<p>Respecto precisamente a la posibilidad de <strong>implementar cambios para reducir el riesgo<\/strong> respondi\u00f3 Amy Kind, decana asociada de Ciencias y Programas de Salud Social en la Facultad de Medicina y Salud P\u00fablica de la Universidad de Wisconsin (UW); y directora fundadora del Centro de Investigaci\u00f3n en Disparidades en Salud de la UW.<\/p>\n<\/div>\n<div class=\"sc-80531b6b-0 chRIGJ container-text text-embed\">\n<p><strong>\u2014Mucho se habla de la relaci\u00f3n entre el exposoma y la enfermedad de Alzheimer. \u00bfPuede definirlo? \u00bfCu\u00e1l es su alcance?<\/strong><\/p>\n<\/div>\n<div class=\"sc-80531b6b-0 chRIGJ container-text text-embed\">\n<p>\u2014El exposoma es la \u201ccompilaci\u00f3n integrada de influencias f\u00edsicas, qu\u00edmicas, biol\u00f3gicas y sociales que impactan la biolog\u00eda\u201d; factores externos al individuo, que influyen en las v\u00edas fundamentales para producir salud o enfermedad.<\/p>\n<\/div>\n<div class=\"sc-80531b6b-0 chRIGJ container-text text-embed\">\n<p>El exposoma es el mundo que nos rodea, incluidos los factores que son buenos o malos para nuestra salud, que interact\u00faan con nuestra gen\u00e9tica para producir bienestar o enfermedad. El exposoma es muy prometedor porque se puede medir y, a diferencia de la gen\u00e9tica, se puede cambiar.<\/p>\n<\/div>\n<div class=\"sc-198be8ec-0 cynXbu image-embed  image-embed \"><picture class=\"sc-198be8ec-1 kOjRiQ\"><source media=\"(min-width: 975px)\" width=\"720\" height=\"480\" \/><img alt=\"Amy Kind, en la conferencia realizada la semana pasada en el pa\u00eds. Foto cortes\u00eda Fleni.\" loading=\"lazy\" width=\"720\" height=\"480\" decoding=\"async\" data-nimg=\"1\" style=\"color:transparent\" src=\"https:\/\/13.com.ar\/wp-content\/uploads\/2025\/03\/1741163158_977_que-es-el-exposoma-y-por-que-lo-consideran-un.jpg\"\/><span class=\"epigraphe\">Amy Kind, en la conferencia realizada la semana pasada en el pa\u00eds. Foto cortes\u00eda Fleni.<\/span><span class=\"bkg\"\/><span class=\"picture-open\"><button class=\"open-image\" aria-label=\"Open Image\"\/><\/span><\/picture><\/div>\n<div class=\"sc-80531b6b-0 chRIGJ container-text text-embed\">\n<p>El &#8220;exposoma social&#8221; son aquellos factores sociales, como las desventajas del vecindario y el entorno laboral, que pueden aumentar o disminuir los riesgos para la salud.<\/p>\n<\/div>\n<div class=\"sc-80531b6b-0 chRIGJ container-text text-embed\">\n<p>La ciencia del exposoma es prometedora para promover la prevenci\u00f3n de precisi\u00f3n, adoptando el entendimiento b\u00e1sico de que los factores ambientales deben considerarse junto con los enfoques tradicionales de la medicina de precisi\u00f3n basada en la gen\u00e9tica para desbloquear mecanismos, desarrollar nuevas intervenciones y prevenir enfermedades.<\/p>\n<\/div>\n<div class=\"sc-80531b6b-0 chRIGJ container-text text-embed\">\n<p>Esto es especialmente cierto en el caso de la enfermedad de Alzheimer y las demencias relacionadas (ADRD, por sus siglas en ingl\u00e9s), diagn\u00f3sticos devastadores e incurables que a veces tienen una contribuci\u00f3n gen\u00e9tica dominante, pero que m\u00e1s a menudo se deben a una interacci\u00f3n compleja de factores expos\u00f3micos del curso de la vida y factores biol\u00f3gicos individuales.<\/p>\n<\/div>\n<div class=\"sc-80531b6b-0 chRIGJ container-text text-embed\">\n<p>Las ADRD afectan desproporcionadamente a las poblaciones expuestas a factores sociales adversos, como altos niveles de desventaja en los vecindarios, pero los fundamentos sociobiol\u00f3gicos de este riesgo se conocen s\u00f3lo parcialmente. El estudio del exposoma en poblaciones con mayor riesgo de ADRD aumenta fundamentalmente la oportunidad de descubrir nuevas v\u00edas mecan\u00edsticas y el desarrollo de estrategias nuevas y efectivas de mitigaci\u00f3n del riesgo de ADRD.<\/p>\n<\/div>\n<div class=\"sc-80531b6b-0 chRIGJ container-text text-embed\">\n<p><strong>\u2014Dentro de las interacciones contempladas en el exposoma, \u00bfhay algunas que sean m\u00e1s relevantes que otras en su relaci\u00f3n con esta enfermedad? \u00bfCu\u00e1les y por qu\u00e9?<\/strong><\/p>\n<\/div>\n<div class=\"sc-80531b6b-0 chRIGJ container-text text-embed\">\n<p>\u2014El exposoma social adverso incluye determinantes sociales a lo largo de la vida que afectan negativamente la salud, incluidas las desventajas vecinales, las ocupaciones de alto riesgo y otros. Las poblaciones expuestas desproporcionadamente a una exposici\u00f3n social adversa demuestran una peor salud cerebral y tasas m\u00e1s altas de diagn\u00f3sticos cl\u00ednicos de demencia.<\/p>\n<\/div>\n<div class=\"sc-80531b6b-0 chRIGJ container-text text-embed\">\n<p>Estas asociaciones siguen siendo s\u00f3lidas incluso despu\u00e9s de tener en cuenta factores a nivel individual; tanto los factores a nivel de exposoma como a nivel individual est\u00e1n relacionados de forma independiente con los resultados de salud del cerebro.<\/p>\n<\/div>\n<div class=\"sc-80531b6b-0 chRIGJ container-text text-embed\">\n<p>Por ejemplo, las personas que experimentan una gran desventaja en su vecindario, seg\u00fan lo medido por una m\u00e9trica llamada \u00cdndice de Privaci\u00f3n de \u00c1rea (ADI), demuestran un mayor riesgo de deterioro cognitivo, diagn\u00f3stico cl\u00ednico de demencia, marcadores de mala salud cerebral en im\u00e1genes por resonancia magn\u00e9tica y prote\u00ednas de la enfermedad de Alzheimer en sus tejidos cerebrales.<\/p>\n<\/div>\n<div class=\"sc-80531b6b-0 chRIGJ container-text text-embed\">\n<p>Residir en un vecindario con un IDA alto tambi\u00e9n est\u00e1 relacionado con una aceleraci\u00f3n de la edad epigen\u00e9tica (envejecimiento m\u00e1s r\u00e1pido) y una menor esperanza de vida (muerte m\u00e1s temprana).<\/p>\n<\/div>\n<div class=\"sc-e56c8caf-0 gJqTMV\">\n<p class=\"DespieceTitle\">Suscribite a Buena Vida<\/p>\n<div>\n<p>Cada quince d\u00edas, Florencia Cunzolo te cuenta lo \u00faltimo para cuidar tu salud y sentirte bien. Registrate ac\u00e1.\u00a0<\/p>\n<\/div>\n<\/div>\n<div class=\"sc-80531b6b-0 chRIGJ container-text text-embed\">\n<p>El trabajo en una ocupaci\u00f3n de alto riesgo (por ejemplo, agricultura, ej\u00e9rcito, f\u00e1brica) tambi\u00e9n se ha asociado con un mayor riesgo de diagn\u00f3stico cl\u00ednico de demencia, posiblemente debido a la exposici\u00f3n a toxinas en esos campos.<\/p>\n<\/div>\n<div class=\"sc-80531b6b-0 chRIGJ container-text text-embed\">\n<p>Los per\u00edodos cr\u00edticos a lo largo de la vida tambi\u00e9n parecen desempe\u00f1ar un papel, siendo la exposici\u00f3n infantil a una exposici\u00f3n social adversa particularmente importante en la salud cerebral en la vejez. Debido a que es modificable, el exposoma social es muy prometedor para la prevenci\u00f3n del TDAH (Trastorno por D\u00e9ficit de Atenci\u00f3n con Hiperactividad).<\/p>\n<\/div>\n<div class=\"sc-80531b6b-0 chRIGJ container-text text-embed\">\n<p>Nuestro laboratorio se especializa en vincular medidas de exposici\u00f3n social a tejidos cerebrales caracterizados neuropatol\u00f3gicamente para comprender mejor espec\u00edficamente c\u00f3mo y en qu\u00e9 medida los factores adversos de exposici\u00f3n social afectan la biolog\u00eda del cerebro humano para producir Alzheimer y otras demencias relacionadas.<\/p>\n<\/div>\n<div class=\"sc-80531b6b-0 chRIGJ container-text text-embed\">\n<p><strong>\u2014\u00bfCu\u00e1l es la utilidad de que las personas sean conscientes del impacto del exposoma en el riesgo de padecer Alzheimer? \u00bfCu\u00e1les son los factores modificables, que est\u00e1n al alcance de su mano?<\/strong><\/p>\n<\/div>\n<div class=\"sc-80531b6b-0 chRIGJ container-text text-embed\">\n<p>\u2014El exposoma se puede medir y cambiar, fundamentalmente. Esto puede ayudar a una persona que est\u00e1 en riesgo de padecer ADRD a saber m\u00e1s sobre por qu\u00e9 podr\u00eda estar en riesgo de padecer la enfermedad y qu\u00e9 deber\u00eda cambiar espec\u00edficamente para disminuir su riesgo.<\/p>\n<\/div>\n<div class=\"sc-80531b6b-0 chRIGJ container-text text-embed\">\n<p><strong>\u2014\u00bfCu\u00e1les cree que son las medidas que deber\u00edan tomarse a nivel macro para reducir este riesgo?<\/strong><\/p>\n<\/div>\n<div class=\"sc-80531b6b-0 chRIGJ container-text text-embed\">\n<p>\u2014Los vecindarios saludables, solidarios y seguros, con acceso a recursos, como educaci\u00f3n de alta calidad, redes sociales s\u00f3lidas y alimentos nutritivos, son buenos para la salud en general y para reducir los riesgos. Y las pol\u00edticas que mantienen a nuestras comunidades y lugares de trabajo a salvo de la exposici\u00f3n a toxinas tambi\u00e9n pueden ayudar.<\/p>\n<\/div>\n<div class=\"sc-80531b6b-0 chRIGJ container-text text-embed\">\n<p>\u27aa\u00bfTen\u00e9s alguna duda sobre salud y bienestar que te gustar\u00eda que abordemos en la secci\u00f3n? Entr\u00e1 al Centro de Ayuda de Clar\u00edn haciendo click ac\u00e1, ingres\u00e1 a<strong> Mensaje a la redacci\u00f3n <\/strong>y luego a <strong>Preguntas a Buena Vida<\/strong>. Escribinos tu consulta y envi\u00e1. \u00a1Listo!<\/p>\n<\/div>\n<\/div>\n<p><br \/>\n<br \/><a href=\"https:\/\/www.clarin.com\/buena-vida\/alzheimer-exposoma-consideran-factor-prometedor_0_gULxM1e5XN.html\">Fuente Clarin.com <\/a><\/p>\n","protected":false},"excerpt":{"rendered":"<p>La enfermedad de Alzheimer es el tipo m\u00e1s com\u00fan de demencia. Afecta de manera gradual tanto la memoria como el pensamiento, el comportamiento y las habilidades sociales. En definitiva, la identidad de la persona, con un tremendo impacto en familiares y seres queridos. Y dado que la edad avanzada es el principal factor de riesgo [&hellip;]<\/p>\n","protected":false},"author":1,"featured_media":10124,"comment_status":"open","ping_status":"open","sticky":false,"template":"","format":"standard","meta":{"footnotes":""},"categories":[2],"tags":[6531,10769,339,188,142,10770,286],"class_list":["post-10123","post","type-post","status-publish","format-standard","has-post-thumbnail","hentry","category-ultimas-noticias","tag-consideran","tag-exposoma","tag-factor","tag-muy","tag-por","tag-prometedor","tag-que"],"_links":{"self":[{"href":"https:\/\/13.com.ar\/index.php\/wp-json\/wp\/v2\/posts\/10123","targetHints":{"allow":["GET"]}}],"collection":[{"href":"https:\/\/13.com.ar\/index.php\/wp-json\/wp\/v2\/posts"}],"about":[{"href":"https:\/\/13.com.ar\/index.php\/wp-json\/wp\/v2\/types\/post"}],"author":[{"embeddable":true,"href":"https:\/\/13.com.ar\/index.php\/wp-json\/wp\/v2\/users\/1"}],"replies":[{"embeddable":true,"href":"https:\/\/13.com.ar\/index.php\/wp-json\/wp\/v2\/comments?post=10123"}],"version-history":[{"count":0,"href":"https:\/\/13.com.ar\/index.php\/wp-json\/wp\/v2\/posts\/10123\/revisions"}],"wp:featuredmedia":[{"embeddable":true,"href":"https:\/\/13.com.ar\/index.php\/wp-json\/wp\/v2\/media\/10124"}],"wp:attachment":[{"href":"https:\/\/13.com.ar\/index.php\/wp-json\/wp\/v2\/media?parent=10123"}],"wp:term":[{"taxonomy":"category","embeddable":true,"href":"https:\/\/13.com.ar\/index.php\/wp-json\/wp\/v2\/categories?post=10123"},{"taxonomy":"post_tag","embeddable":true,"href":"https:\/\/13.com.ar\/index.php\/wp-json\/wp\/v2\/tags?post=10123"}],"curies":[{"name":"wp","href":"https:\/\/api.w.org\/{rel}","templated":true}]}}