{"id":1012,"date":"2025-01-31T15:38:52","date_gmt":"2025-01-31T18:38:52","guid":{"rendered":"https:\/\/13.com.ar\/index.php\/que-organizaciones-politicos-y-famosos-convocan-para-el-sabado\/"},"modified":"2025-01-31T15:38:52","modified_gmt":"2025-01-31T18:38:52","slug":"que-organizaciones-politicos-y-famosos-convocan-para-el-sabado","status":"publish","type":"post","link":"https:\/\/13.com.ar\/index.php\/que-organizaciones-politicos-y-famosos-convocan-para-el-sabado\/","title":{"rendered":"qu\u00e9 organizaciones, pol\u00edticos y famosos convocan para el s\u00e1bado"},"content":{"rendered":"<p> <br \/>\n<br \/><img decoding=\"async\" src=\"https:\/\/13.com.ar\/wp-content\/uploads\/2025\/01\/que-organizaciones-politicos-y-famosos-convocan-para-el-sabado.jpg\" \/><\/p>\n<div id=\"cuerpo\">\n<div class=\"sc-80531b6b-0 chRIGJ container-text text-embed\">\n<p>La &#8220;Marcha Federal del Orgullo Antifascista y Antirracista LGBTQI+&#8221; surgi\u00f3 como respuesta al discurso de<strong> Javier Milei<\/strong> en el Foro de Davos donde <strong>critic\u00f3 la figura penal del &#8220;femicidio&#8221; y asoci\u00f3 la homosexualidad con la pedofilia<\/strong>. Convocan organizaciones vinculadas a cuestiones de g\u00e9nero y la diversidad, pero se plegaron partidos pol\u00edticos, sindicatos, organismos de derechos humanos, artistas y otros famosos.<\/p>\n<\/div>\n<div class=\"sc-80531b6b-0 chRIGJ container-text text-embed\">\n<p>La propuesta es para este s\u00e1bad<strong>o a partir de las 16 en el Congreso. Desde ah\u00ed se partir\u00e1 hasta la Plaza de Mayo.<\/strong><\/p>\n<\/div>\n<div class=\"sc-80531b6b-0 chRIGJ container-text text-embed\">\n<p>&#8220;El discurso del presidente de Argentina es una grave amenaza, peligro y alerta para la democracia, la libertad, la igualdad y la no discriminaci\u00f3n. Con m\u00e1s orgullo que nunca: no al odio,  y al closet no volvemos nunca m\u00e1s&#8221;, sentenciaron desde la Fundaci\u00f3n Igualdad, una de las que marchar\u00e1.<\/p>\n<\/div>\n<p><h2>Desde Cristina Kirchner, Lousteau y Elisa Carri\u00f3 hasta la CGT<\/h2>\n<\/p>\n<div class=\"sc-80531b6b-0 chRIGJ container-text text-embed\">\n<p>Con el correr de los d\u00edas, viendo la magnitud que tom\u00f3 el tema, y el da\u00f1o que le signific\u00f3 al gobierno se fueron subiendo los actores de la pol\u00edtica.<\/p>\n<\/div>\n<div class=\"sc-80531b6b-0 chRIGJ container-text text-embed\">\n<p>&#8220;Che Milei\u2026 \u00bfC\u00f3mo era ese verso que recit\u00e1s cuando quer\u00e9s explicar qu\u00e9 es el &#8216;libertarismo&#8217;? Se ve que era pura sanata, porque en este Davos 2025 s\u00f3lo te dedicaste a insultar, atacar y difamar a mujeres y homosexuales&#8221;, sentenci\u00f3 en un tuit Cristina Kirchner el jueves. <\/p>\n<\/div>\n<div class=\"sc-80531b6b-0 chRIGJ container-text text-embed\">\n<p>La C\u00e1mpora est\u00e1 convocando en sus redes con el lema &#8220;Milei atrasa, nosotrxs no retrocedemos&#8221;.<\/p>\n<\/div>\n<div class=\"sc-80531b6b-0 chRIGJ container-text text-embed\">\n<p>La UCR liderada por <strong>Mart\u00edn Lousteau<\/strong> tambi\u00e9n llama a marchar &#8220;en defensa de la diversidad&#8221;. <\/p>\n<\/div>\n<div class=\"sc-80531b6b-0 chRIGJ container-text text-embed\">\n<p>&#8220;Vamos a acompa\u00f1ar esta marcha en defensa de los derechos de las mujeres y la comunidad LGBTTIQ+, que este gobierno intenta lesionar todos los d\u00edas de distintas maneras. En una sociedad libre y democr\u00e1tica cada cual debe poder vivir su vida, con los mismos derechos vitales que los dem\u00e1s, sin ser objeto de cr\u00edticas, insultos o discriminaciones&#8221;,plante\u00f3 Lousteau.<\/p>\n<\/div>\n<div class=\"sc-80531b6b-0 chRIGJ container-text text-embed\">\n<p>Elisa Carri\u00f3, por su parte, public\u00f3 una carta dirigida a Milei: &#8220;El discurso formulado por Ud. ante el Foro Econ\u00f3mico de Davos me exige manifestar el m\u00e1s absoluto rechazo y una honda preocupaci\u00f3n porque su contenido discriminatorio y violento lo hace impropio del Presidente de la Naci\u00f3n, titular del Poder Ejecutivo, elegido democr\u00e1ticamente, de conformidad con lo establecido por la Constituci\u00f3n Nacional y las leyes&#8221;, sentenci\u00f3.<\/p>\n<\/div>\n<div class=\"sc-80531b6b-0 chRIGJ container-text text-embed\">\n<p>El presidente de la Coalici\u00f3n C\u00edvica, el diputado Maximiliano Ferraro, afirm\u00f3 que marchar\u00e1. Voy a ir a la Marcha Federal LGTBIQ+. Siempre defend\u00ed los mismos principios, con coherencia y sin oportunismo. \u00bfPueden decir lo mismo?&#8221;, se\u00f1al\u00f3.<\/p>\n<\/div>\n<div class=\"sc-80531b6b-0 chRIGJ container-text text-embed\">\n<p>La CGT se reuni\u00f3 para tratar el tema. No todos los sindicatos participaron ni adhirieron pero la Central manifest\u00f3 a trav\u00e9s de sus l\u00edderes que participar\u00e1. Al igual que la CTA, CTA Aut\u00f3noma y ATE.<\/p>\n<\/div>\n<p><h2>Artistas y famosos<\/h2>\n<\/p>\n<div class=\"sc-80531b6b-0 chRIGJ container-text text-embed\">\n<p>&#8220;El odio est\u00e1 demod\u00e9, no podemos retrocer&#8221;, declar\u00f3 la cantante Julia Zenko , mientras que su par Sandra Mihanovich comparti\u00f3 la convocatoria a la marcha con la leyenda: &#8220;\u00bfSer\u00e1 posible que a esta altura haya que volver a hacer esto?&#8221;. Son solo dos de los tantos artistas que est\u00e1n llamando a movilizar.<\/p>\n<\/div>\n<div class=\"sc-106e49c0-0 dcVumd freeHtml-embed undefined\">\n<blockquote class=\"twitter-tweet\">\n<p lang=\"es\" dir=\"ltr\">No son una joda, amigo.  Son una VERGUENZA  la CGT y sus c\u00f3mplices.  Ahora: me dec\u00eds lo que pensas de lo que se dijo desde el gobierno de las parejas gays, de ser homosexual a puertas cerradas, de los femicidios y dem\u00e1s? Yo s\u00e9 que sos buena gente y sabes de ser discriminado por\u2026 https:\/\/t.co\/BXbYaoSwN2<\/p>\n<p>\u2014 luis novaresio (@luisnovaresio) <a rel=\"nofollow\" target=\"_blank\" href=\"https:\/\/twitter.com\/luisnovaresio\/status\/1885019781046141365?ref_src=twsrc%5Etfw\">January 30, 2025<\/a><\/p><\/blockquote>\n<\/div>\n<div class=\"sc-80531b6b-0 chRIGJ container-text text-embed\">\n<p>El periodista Luis Novaresio destac\u00f3 en sus redes: &#8220;Podr\u00edan darse estad\u00edsticas respecto de los abusos intrafamiliares q predominan largamente en familias hetero. Podr\u00eda explicarse la falacia de vincular orientaci\u00f3n sexual con abuso. Podr\u00edan mostrarse n\u00fameros de femicidios y postergaciones arbitrarias a las mujeres&#8221;, y agreg\u00f3: &#8220;Vale recordar que el insulto califica al insultante y no al Insultado.  Elegir el modo de insultar es, un poco, definirse a uno mismo    La igualdad ante la ley es el principio de toda libertad&#8221;.<\/p>\n<\/div>\n<\/div>\n<p><script async src=\"\/\/platform.twitter.com\/widgets.js\" charset=\"utf-8\"><\/script><br \/>\n<br \/><br \/>\n<br \/><a href=\"https:\/\/www.clarin.com\/politica\/marcha-discriminacion-organizaciones-politicos-famosos-convocan-sabado_0_Rn0Tzb23TB.html\">Fuente Clarin.com <\/a><\/p>\n","protected":false},"excerpt":{"rendered":"<p>La &#8220;Marcha Federal del Orgullo Antifascista y Antirracista LGBTQI+&#8221; surgi\u00f3 como respuesta al discurso de Javier Milei en el Foro de Davos donde critic\u00f3 la figura penal del &#8220;femicidio&#8221; y asoci\u00f3 la homosexualidad con la pedofilia. Convocan organizaciones vinculadas a cuestiones de g\u00e9nero y la diversidad, pero se plegaron partidos pol\u00edticos, sindicatos, organismos de derechos [&hellip;]<\/p>\n","protected":false},"author":1,"featured_media":1013,"comment_status":"open","ping_status":"open","sticky":false,"template":"","format":"standard","meta":{"footnotes":""},"categories":[2],"tags":[2391,2390,2389,16,2286,286,2156],"class_list":["post-1012","post","type-post","status-publish","format-standard","has-post-thumbnail","hentry","category-ultimas-noticias","tag-convocan","tag-famosos","tag-organizaciones","tag-para","tag-politicos","tag-que","tag-sabado"],"_links":{"self":[{"href":"https:\/\/13.com.ar\/index.php\/wp-json\/wp\/v2\/posts\/1012","targetHints":{"allow":["GET"]}}],"collection":[{"href":"https:\/\/13.com.ar\/index.php\/wp-json\/wp\/v2\/posts"}],"about":[{"href":"https:\/\/13.com.ar\/index.php\/wp-json\/wp\/v2\/types\/post"}],"author":[{"embeddable":true,"href":"https:\/\/13.com.ar\/index.php\/wp-json\/wp\/v2\/users\/1"}],"replies":[{"embeddable":true,"href":"https:\/\/13.com.ar\/index.php\/wp-json\/wp\/v2\/comments?post=1012"}],"version-history":[{"count":0,"href":"https:\/\/13.com.ar\/index.php\/wp-json\/wp\/v2\/posts\/1012\/revisions"}],"wp:featuredmedia":[{"embeddable":true,"href":"https:\/\/13.com.ar\/index.php\/wp-json\/wp\/v2\/media\/1013"}],"wp:attachment":[{"href":"https:\/\/13.com.ar\/index.php\/wp-json\/wp\/v2\/media?parent=1012"}],"wp:term":[{"taxonomy":"category","embeddable":true,"href":"https:\/\/13.com.ar\/index.php\/wp-json\/wp\/v2\/categories?post=1012"},{"taxonomy":"post_tag","embeddable":true,"href":"https:\/\/13.com.ar\/index.php\/wp-json\/wp\/v2\/tags?post=1012"}],"curies":[{"name":"wp","href":"https:\/\/api.w.org\/{rel}","templated":true}]}}