{"id":10119,"date":"2025-03-05T05:16:41","date_gmt":"2025-03-05T08:16:41","guid":{"rendered":"https:\/\/13.com.ar\/index.php\/la-mejor-respuesta-a-la-pregunta-de-por-que-deberian-contratarte\/"},"modified":"2025-03-05T05:16:41","modified_gmt":"2025-03-05T08:16:41","slug":"la-mejor-respuesta-a-la-pregunta-de-por-que-deberian-contratarte","status":"publish","type":"post","link":"https:\/\/13.com.ar\/index.php\/la-mejor-respuesta-a-la-pregunta-de-por-que-deberian-contratarte\/","title":{"rendered":"la mejor respuesta a la pregunta de &#8220;por qu\u00e9 deber\u00edan contratarte&#8221;"},"content":{"rendered":"<p> <br \/>\n<\/p>\n<div id=\"cuerpo\">\n<div class=\"sc-80531b6b-0 chRIGJ container-text text-embed\">\n<p>Encontrar trabajo es un verdadero trabajo, dice el dicho. Y quienes est\u00e1n a la <strong>b\u00fasqueda de un empleo<\/strong>, lo saben. Todo comienza cuando aparece la oferta m\u00e1s adecuada y enviamos el CV con nuestros datos b\u00e1sicos. Pero ese es solo el comienzo.<\/p>\n<\/div>\n<div class=\"sc-80531b6b-0 chRIGJ container-text text-embed\">\n<p>Si de la empresa nos contestan de manera afirmativa, pasaremos a una siguiente etapa: las <strong>entrevistas<\/strong>. En efecto, estas pueden ser varias, una por tel\u00e9fono, otra por videollamada y, finalmente, una en persona.<\/p>\n<\/div>\n<div class=\"sc-80531b6b-0 chRIGJ container-text text-embed\">\n<p>Como candidatos debemos <strong>prepararnos<\/strong>, en la medida de lo posible, claro, para enfrentar a los llamados reclutadores, quienes algunas veces sorprenden con sus preguntas.<\/p>\n<\/div>\n<div class=\"sc-80531b6b-0 chRIGJ container-text text-embed\">\n<p>Una de las <strong>preguntas habituales<\/strong> consiste en poner el foco del lado del aspirante, para que realice una especie de <strong>autoevaluaci\u00f3n<\/strong>. Entonces, seg\u00fan los expertos, hay que ser humilde y, al mismo tiempo, mostrar confianza en uno mismo.<\/p>\n<\/div>\n<p><h2>La respuesta perfecta a la pregunta: \u00bfPor qu\u00e9 deber\u00edamos contratarte?<\/h2>\n<\/p>\n<div class=\"sc-198be8ec-0 cynXbu image-embed  image-embed \"><picture class=\"sc-198be8ec-1 kOjRiQ\"><source media=\"(min-width: 975px)\" width=\"720\" height=\"480\" \/><img alt=\"Una actitud soberbia puede convertir la entrevista en una batalla de egos.\" loading=\"lazy\" width=\"720\" height=\"480\" decoding=\"async\" data-nimg=\"1\" style=\"color:transparent\" src=\"https:\/\/13.com.ar\/wp-content\/uploads\/2025\/03\/la-mejor-respuesta-a-la-pregunta-de-por-que-deberian.jpg\"\/><span class=\"epigraphe\">Una actitud soberbia puede convertir la entrevista en una batalla de egos.<\/span><span class=\"bkg\"\/><span class=\"picture-open\"><button class=\"open-image\" aria-label=\"Open Image\"\/><\/span><\/picture><\/div>\n<div class=\"sc-80531b6b-0 chRIGJ container-text text-embed\">\n<p>Sonar demasiado arrogante en una entrevista de trabajo puede traducirse en un <strong>fracaso seguro<\/strong>. Tampoco hay que menospreciar el puesto que ofrecen, algo improbable, pero que puede ocurrir.<\/p>\n<\/div>\n<div class=\"sc-80531b6b-0 chRIGJ container-text text-embed\">\n<p>Lo peor, con todo, es quedarse con la mente en blanco y no saber qu\u00e9 contestar. Para evitar esto, conviene seguir estos <strong>consejos<\/strong> publicados en la red <em>Linkedin<\/em>.<\/p>\n<\/div>\n<p><h3>1)\tNo hables con soberbia y digas que eres el mejor candidato para el puesto<\/h3>\n<\/p>\n<div class=\"sc-80531b6b-0 chRIGJ container-text text-embed\">\n<p>Si lo eres, los reclutadores lo sabr\u00e1n de inmediato, no es necesario que lo recalques pues <strong>puedes caer en un<\/strong> <strong>juego de ego<\/strong>. De todas formas, puede ser acertada una frase como \u201cHe visto que se requieren estas habilidades y conocimientos, es algo que he desempe\u00f1ado a lo largo de este tiempo y que quiero seguir perfeccionando pues me gustar\u00eda seguir creciendo, seguir aprendiendo y seguir en este camino. Por ello pienso que es una oportunidad para m\u00ed donde, adem\u00e1s, puedo desempe\u00f1ar de buena manera mi trabajo.\u201d<\/p>\n<\/div>\n<p><h3>2)\tExplica lo que puedes hacer en el cargo<\/h3>\n<\/p>\n<div class=\"sc-80531b6b-0 chRIGJ container-text text-embed\">\n<p>La estrategia consiste en enumerar <strong>tareas y habilidades concretas<\/strong> que puedes realizar de acuerdo al cargo. \u201cSeg\u00fan la descripci\u00f3n del puesto, estas son algunas de las tareas que hay que realizar. Desde mi experiencia, puedo aportar estos conocimientos que se acompa\u00f1an muy bien con las actividades, adem\u00e1s de que puedo implementar estas t\u00e9cnicas\u2026 \u00bfpodr\u00edamos hablar de algunas otras tareas a realizar? De esta forma empatamos todos los conocimientos.\u201d<\/p>\n<\/div>\n<div class=\"sc-198be8ec-0 cynXbu image-embed  image-embed \"><picture class=\"sc-198be8ec-1 kOjRiQ\"><source media=\"(min-width: 975px)\" width=\"720\" height=\"480\" \/><img alt=\"Resaltar los valores y la cultura de la empresa en sinton\u00eda con los propios, un recurso efectivo.\" loading=\"lazy\" width=\"720\" height=\"480\" decoding=\"async\" data-nimg=\"1\" style=\"color:transparent\" src=\"https:\/\/13.com.ar\/wp-content\/uploads\/2025\/03\/1741162601_706_la-mejor-respuesta-a-la-pregunta-de-por-que-deberian.jpg\"\/><span class=\"epigraphe\">Resaltar los valores y la cultura de la empresa en sinton\u00eda con los propios, un recurso efectivo.<\/span><span class=\"bkg\"\/><span class=\"picture-open\"><button class=\"open-image\" aria-label=\"Open Image\"\/><\/span><\/picture><\/div>\n<p><h3>3) Di por qu\u00e9 te gustar\u00eda trabajar ah\u00ed<\/h3>\n<\/p>\n<div class=\"sc-80531b6b-0 chRIGJ container-text text-embed\">\n<p>Habla de los <strong>valores y cultura de la empresa<\/strong>, por qu\u00e9 te parece el lugar indicado para ti y c\u00f3mo es que se empalman tus valores con los de ella. Desde esta perspectiva dejar\u00e1s en claro que sabes qu\u00e9 es lo que quieres y la raz\u00f3n por la que deseas trabajar en ese sitio y no en otro. As\u00ed, sin responder directamente a la pregunta de nuestro problema central, si dejas entrever el porqu\u00e9 deber\u00edan contratarte.<\/p>\n<\/div>\n<p><h3>4) Describe las habilidades que te hacen el candidato indicado<\/h3>\n<\/p>\n<div class=\"sc-80531b6b-0 chRIGJ container-text text-embed\">\n<p>Trata de describir de forma eficiente las habilidades con las que cuentas que te ayudar\u00e1n a cubrir el puesto de la forma m\u00e1s efectiva y eficiente para la empresa y para ti mismo. Esto no es lo mismo que hablar desde el ego, s\u00f3lo expones <strong>aquello que resalta de tu marca personal<\/strong> y que te adecua para la vacante.<\/p>\n<\/div>\n<\/div>\n<p><br \/>\n<br \/><a href=\"https:\/\/www.clarin.com\/informacion-general\/entrevista-laboral-mejor-respuesta-pregunta-deberian-contratarte_0_KJUMllsiWr.html\">Fuente Clarin.com <\/a><\/p>\n","protected":false},"excerpt":{"rendered":"<p>Encontrar trabajo es un verdadero trabajo, dice el dicho. Y quienes est\u00e1n a la b\u00fasqueda de un empleo, lo saben. Todo comienza cuando aparece la oferta m\u00e1s adecuada y enviamos el CV con nuestros datos b\u00e1sicos. Pero ese es solo el comienzo. Si de la empresa nos contestan de manera afirmativa, pasaremos a una siguiente [&hellip;]<\/p>\n","protected":false},"author":1,"featured_media":10120,"comment_status":"open","ping_status":"open","sticky":false,"template":"","format":"standard","meta":{"footnotes":""},"categories":[2],"tags":[10768,8973,727,142,4025,286,3482],"class_list":["post-10119","post","type-post","status-publish","format-standard","has-post-thumbnail","hentry","category-ultimas-noticias","tag-contratarte","tag-deberian","tag-mejor","tag-por","tag-pregunta","tag-que","tag-respuesta"],"_links":{"self":[{"href":"https:\/\/13.com.ar\/index.php\/wp-json\/wp\/v2\/posts\/10119","targetHints":{"allow":["GET"]}}],"collection":[{"href":"https:\/\/13.com.ar\/index.php\/wp-json\/wp\/v2\/posts"}],"about":[{"href":"https:\/\/13.com.ar\/index.php\/wp-json\/wp\/v2\/types\/post"}],"author":[{"embeddable":true,"href":"https:\/\/13.com.ar\/index.php\/wp-json\/wp\/v2\/users\/1"}],"replies":[{"embeddable":true,"href":"https:\/\/13.com.ar\/index.php\/wp-json\/wp\/v2\/comments?post=10119"}],"version-history":[{"count":0,"href":"https:\/\/13.com.ar\/index.php\/wp-json\/wp\/v2\/posts\/10119\/revisions"}],"wp:featuredmedia":[{"embeddable":true,"href":"https:\/\/13.com.ar\/index.php\/wp-json\/wp\/v2\/media\/10120"}],"wp:attachment":[{"href":"https:\/\/13.com.ar\/index.php\/wp-json\/wp\/v2\/media?parent=10119"}],"wp:term":[{"taxonomy":"category","embeddable":true,"href":"https:\/\/13.com.ar\/index.php\/wp-json\/wp\/v2\/categories?post=10119"},{"taxonomy":"post_tag","embeddable":true,"href":"https:\/\/13.com.ar\/index.php\/wp-json\/wp\/v2\/tags?post=10119"}],"curies":[{"name":"wp","href":"https:\/\/api.w.org\/{rel}","templated":true}]}}