{"id":10115,"date":"2025-03-05T05:10:30","date_gmt":"2025-03-05T08:10:30","guid":{"rendered":"https:\/\/13.com.ar\/index.php\/julian-alvarez-tiene-rendidos-a-los-medios-de-espana-por-sus-goles-en-el-atletico-de-madrid-es-una-maquina-perfecta\/"},"modified":"2025-03-05T05:10:30","modified_gmt":"2025-03-05T08:10:30","slug":"julian-alvarez-tiene-rendidos-a-los-medios-de-espana-por-sus-goles-en-el-atletico-de-madrid-es-una-maquina-perfecta","status":"publish","type":"post","link":"https:\/\/13.com.ar\/index.php\/julian-alvarez-tiene-rendidos-a-los-medios-de-espana-por-sus-goles-en-el-atletico-de-madrid-es-una-maquina-perfecta\/","title":{"rendered":"Juli\u00e1n \u00c1lvarez tiene rendidos a los medios de Espa\u00f1a por sus goles en el Atl\u00e9tico de Madrid: &#8220;Es una m\u00e1quina perfecta&#8221;"},"content":{"rendered":"<p> <br \/>\n<br \/><img decoding=\"async\" src=\"https:\/\/13.com.ar\/wp-content\/uploads\/2025\/03\/Julian-Alvarez-tiene-rendidos-a-los-medios-de-Espana-por.jpg\" \/><\/p>\n<div>\n<p>La temporada de <strong>Juli\u00e1n \u00c1lvarez<\/strong> es magn\u00edfica y no son pocos los que se preguntan si el nacido en Calch\u00edn hace 25 a\u00f1os no es el mejor futbolista de la actualidad. Muchos, adem\u00e1s, ya lo candidatean para el Bal\u00f3n de Oro. Y los n\u00fameros no mienten: el Ara\u00f1a lleva 22 goles en 41 partidos. &#8220;Empezamos muy bien, hasta que Juli\u00e1n hizo un gran gol&#8221;, cont\u00f3 <strong>Carlo Ancelotti<\/strong> en la rueda de prensa tras la victoria 2-1 de <strong>Real Madrid<\/strong> ante <strong>Atl\u00e9tico de Madrid <\/strong>en la ida de los octavos de final de la <strong>Champions League<\/strong>. <\/p>\n<\/div>\n<div>\n<p>Los medios internacionales y los protagonistas del f\u00fatbol se multiplican en elogios para con Juli\u00e1n. &#8220;El gol que hizo fue terrible. En partidos as\u00ed es donde los grandes jugadores aparecen. Se ha sacado un gol de la nada, nos ha dado much\u00edsima fuerza y ojal\u00e1 siga a ese nivel, que es muy alto&#8221;, dijo su compa\u00f1ero Marcos Llorente. &#8220;Juli\u00e1n todav\u00eda no sabe cu\u00e1l es su techo&#8221;, hab\u00eda dicho en la previa Simeone.<\/p>\n<\/div>\n<div>\n<p>&#8220;Juli\u00e1n es la gran estrella. De su inspiraci\u00f3n depende buena parte del \u00e9xito rojiblanco. Su primer intento de remate fue en el minuto 9. A la media hora, golazo desde fuera del \u00e1rea. Un chut imparable&#8221;, escribi\u00f3 <strong>Marca<\/strong>.<\/p>\n<\/div>\n<div>\n<p>&#8220;El jugador sobre el que edificar un futuro brillante del club. Qu\u00e9 delantero ha llegado al Atl\u00e9tico. Pocos minutos despu\u00e9s de hacer una cobertura tremenda como lateral derecho puso el bal\u00f3n en toda la escuadra invent\u00e1ndose un gol de leyenda. Lo tiene todo, calidad y trabajo. Una m\u00e1quina perfecta para moldear por Simeone. Se invent\u00f3 un gol de la nada, lo m\u00e1s caro en el f\u00fatbol. No tuvo muchas m\u00e1s, le toc\u00f3 trabajar, pegarse e intentar encontrar el \u00e1rea de influencia. Acab\u00f3 tirado a banda izquierda&#8221;, fueron los elogios del <strong>diario As<\/strong>.<\/p>\n<\/div>\n<div>\n<p>&#8220;Baj\u00f3 en varias ocasiones al inicio de partido para intentar conectar entre l\u00edneas y otras. Se sac\u00f3 un golazo de la nada para empatar el partido. Es pura genialidad el argentino. Acab\u00f3 tirado a la izquierda, con las modificaciones&#8221;, describi\u00f3 <strong>Mundo Deportivo <\/strong>de Catalu\u00f1a.<\/p>\n<\/div>\n<div>\n<p>&#8220;Cuando el Madrid ten\u00eda el bal\u00f3n se le ve\u00eda las costuras en su ataque en est\u00e1tico ante defensas cerradas, incapaz de encontrar un hueco y con el Atl\u00e9tico llevando m\u00e1s peligro. Concret\u00f3 su mejor juego con un golazo de Juli\u00e1n \u00c1lvarez, al que le sale todo, un caracoleo por el pico del \u00e1rea que cerr\u00f3 con un remate a la escuadra que acall\u00f3 al Bernab\u00e9u&#8221;, public\u00f3 <strong>La Vanguardia<\/strong>.<\/p>\n<\/div>\n<div>\n<p>Juli\u00e1n jugar\u00e1 el domingo contra Getafe y luego se concentrar\u00e1 en la vuelta contra Real Madrid, prevista para el mi\u00e9rcoles 12 en el estadio Wanda Metropolitano. En la previa del cl\u00e1sico, todos hablar\u00e1n del Ara\u00f1a y las esperanzas de los colchoneros estar\u00e1n depositadas en \u00e9l. \u00bfPicar\u00e1 nuevamente en el Metropolitano para que todos se vuelvan a rendir a sus pies?<\/p>\n<\/div>\n<p><br \/>\n<br \/><a href=\"https:\/\/www.clarin.com\/deportes\/julian-alvarez-rendidos-medios-espana-goles-atletico-madrid-maquina-perfecta_0_ZvC9ibxkUM.html\">Fuente Clarin.com <\/a><\/p>\n","protected":false},"excerpt":{"rendered":"<p>La temporada de Juli\u00e1n \u00c1lvarez es magn\u00edfica y no son pocos los que se preguntan si el nacido en Calch\u00edn hace 25 a\u00f1os no es el mejor futbolista de la actualidad. Muchos, adem\u00e1s, ya lo candidatean para el Bal\u00f3n de Oro. Y los n\u00fameros no mienten: el Ara\u00f1a lleva 22 goles en 41 partidos. &#8220;Empezamos [&hellip;]<\/p>\n","protected":false},"author":1,"featured_media":10116,"comment_status":"open","ping_status":"open","sticky":false,"template":"","format":"standard","meta":{"footnotes":""},"categories":[2],"tags":[2241,1372,2785,1077,2240,28,102,4261,4536,1484,142,10765,40,1486,73],"class_list":["post-10115","post","type-post","status-publish","format-standard","has-post-thumbnail","hentry","category-ultimas-noticias","tag-alvarez","tag-atletico","tag-espana","tag-goles","tag-julian","tag-los","tag-madrid","tag-maquina","tag-medios","tag-perfecta","tag-por","tag-rendidos","tag-sus","tag-tiene","tag-una"],"_links":{"self":[{"href":"https:\/\/13.com.ar\/index.php\/wp-json\/wp\/v2\/posts\/10115","targetHints":{"allow":["GET"]}}],"collection":[{"href":"https:\/\/13.com.ar\/index.php\/wp-json\/wp\/v2\/posts"}],"about":[{"href":"https:\/\/13.com.ar\/index.php\/wp-json\/wp\/v2\/types\/post"}],"author":[{"embeddable":true,"href":"https:\/\/13.com.ar\/index.php\/wp-json\/wp\/v2\/users\/1"}],"replies":[{"embeddable":true,"href":"https:\/\/13.com.ar\/index.php\/wp-json\/wp\/v2\/comments?post=10115"}],"version-history":[{"count":0,"href":"https:\/\/13.com.ar\/index.php\/wp-json\/wp\/v2\/posts\/10115\/revisions"}],"wp:featuredmedia":[{"embeddable":true,"href":"https:\/\/13.com.ar\/index.php\/wp-json\/wp\/v2\/media\/10116"}],"wp:attachment":[{"href":"https:\/\/13.com.ar\/index.php\/wp-json\/wp\/v2\/media?parent=10115"}],"wp:term":[{"taxonomy":"category","embeddable":true,"href":"https:\/\/13.com.ar\/index.php\/wp-json\/wp\/v2\/categories?post=10115"},{"taxonomy":"post_tag","embeddable":true,"href":"https:\/\/13.com.ar\/index.php\/wp-json\/wp\/v2\/tags?post=10115"}],"curies":[{"name":"wp","href":"https:\/\/api.w.org\/{rel}","templated":true}]}}