{"id":10113,"date":"2025-03-05T04:49:32","date_gmt":"2025-03-05T07:49:32","guid":{"rendered":"https:\/\/13.com.ar\/index.php\/incidentes-en-el-cierre-y-polemica-por-la-eleccion-de-la-comparsa-ganadora\/"},"modified":"2025-03-05T04:49:32","modified_gmt":"2025-03-05T07:49:32","slug":"incidentes-en-el-cierre-y-polemica-por-la-eleccion-de-la-comparsa-ganadora","status":"publish","type":"post","link":"https:\/\/13.com.ar\/index.php\/incidentes-en-el-cierre-y-polemica-por-la-eleccion-de-la-comparsa-ganadora\/","title":{"rendered":"incidentes en el cierre y pol\u00e9mica por la elecci\u00f3n de la comparsa ganadora"},"content":{"rendered":"<p> <br \/>\n<br \/><img decoding=\"async\" src=\"https:\/\/13.com.ar\/wp-content\/uploads\/2025\/03\/incidentes-en-el-cierre-y-polemica-por-la-eleccion-de.jpg\" \/><\/p>\n<div id=\"cuerpo\">\n<div class=\"sc-80531b6b-0 chRIGJ container-text text-embed\">\n<p>La fiesta del<strong> Carnaval de Gualeguaych\u00fa 2025 termin\u00f3 en esc\u00e1ndalo<\/strong>. En una ajustada definici\u00f3n, por 0,25 d\u00e9cimas, la comparsa Papelitos fue la ganadora. Sin embargo, disconforme con el resultado, Ar\u00e1 Yev\u00ed apel\u00f3 la decisi\u00f3n del jurado y eval\u00faa hacerlo este mi\u00e9rcoles tambi\u00e9n ante la Justicia, dado que en el recuento de votos, a \u00faltimo momento, <strong>se le descont\u00f3 un punto<\/strong>, con el que le hubiera alcanzado para adjudicarse la edici\u00f3n de este a\u00f1o. La infracci\u00f3n fue por el uso de unas mallas que portaban las integrantes de una escuadra de danza.<\/p>\n<\/div>\n<div class=\"sc-80531b6b-0 chRIGJ container-text text-embed\">\n<p>Luego de conocerse el veredicto, integrantes y simpatizantes de Ar\u00e1 Yev\u00ed denunciaron que la sanci\u00f3n estaba fuera del reglamento y se concentraron frente a las puertas del Centro de Convenciones, donde pidieron &#8220;<strong>que se vayan todos<\/strong>&#8221; los de la Comisi\u00f3n del Carnaval, a quienes se acus\u00f3 de &#8220;falta de transparencia y se le exigi\u00f3 que &#8220;dejen de hacer negocios con el Carnaval&#8221;. <\/p>\n<\/div>\n<div class=\"sc-80531b6b-0 chRIGJ container-text text-embed\">\n<p>Al grito de \u201cla copa no se vende&#8221;, la tensi\u00f3n fue en aumento y el reclamo incluy\u00f3 insultos, empujones y hasta botellazos. Acto seguido, la Polic\u00eda tuvo que intervenir para disuadir el conflicto, que escal\u00f3 a tal punto que se posterg\u00f3 el nombramiento de la comparsa ganadora.<\/p>\n<\/div>\n<div class=\"sc-80531b6b-0 chRIGJ container-text text-embed\">\n<p>&#8220;Teniendo en cuenta la situaci\u00f3n dada en cuanto al descarte anunciado al final de la apertura de sobres, y en base a lo interpuesto por el reglamento, la Comisi\u00f3n de Carnaval anunciar\u00e1 en las pr\u00f3ximos d\u00edas el dictamen final en cuanto a la edici\u00f3n 2025&#8221;, informaron desde la Oficina de Prensa del Carnaval el \u00faltimo lunes, cuando finaliz\u00f3 el evento.<\/p>\n<\/div>\n<div class=\"sc-c2c2a3c6-0 ecgiEX border-video video-embed horizontal border-video video-embed horizontal\">\n<div class=\"sc-c2c2a3c6-1 kQhBlc videoText videoText\">\n<h2>Video<\/h2>\n<div>\n<p>Sobre el final del recuento de votos, se le descont\u00f3 un punto a la comparsa que sali\u00f3 segunda y que le hubiera alcanzado para ganar el certamen.<\/p>\n<\/div>\n<\/div>\n<\/div>\n<div class=\"sc-80531b6b-0 chRIGJ container-text text-embed\">\n<p>En paralelo, en el galp\u00f3n del Club Juventud Unida, Papelitos celebr\u00f3 el tetracampeonato consecutivo conquistado en el Carnaval del Pa\u00eds, que finalmente fue ratificado por la dirigencia del Carnaval este martes luego de que se desestimara el reclamo de Ar\u00e1 Yev\u00ed (club Tiro Federal).<\/p>\n<\/div>\n<div class=\"sc-80531b6b-0 chRIGJ container-text text-embed\">\n<p>El conteo final de votos, luego de aplicar los descartes y descuentos, determin\u00f3 que Papelitos result\u00f3 ganadora por una diferencia de 0,25 d\u00e9cimos sobre Ara Yev\u00ed, con 191,50 puntos frente a 191,25. M\u00e1s atr\u00e1s, Mari Mar\u00ed obtuvo 184,50 puntos, mientras que Kamarr, al quedar en \u00faltimo lugar con 179,50, no participar\u00e1 en la pr\u00f3xima edici\u00f3n.<\/p>\n<\/div>\n<p><h2>El descargo de la comparsa Ar\u00e1 Yev\u00ed tras el pol\u00e9mico final en el Carnaval de Gualeguaych\u00fa<\/h2>\n<\/p>\n<div class=\"sc-80531b6b-0 chRIGJ container-text text-embed\">\n<p>En las \u00faltimas horas, desde Ar\u00e1 Yev\u00ed se public\u00f3 un comunicado en el que se denunci\u00f3 que desde el inicio del Carnaval, fueron &#8220;objeto de intentos de descuento de puntos basados en acuerdos entre los delegados de las otras comparsas, en muchos casos sin fundamento o aplicando el reglamento con un rigor no empleado en otras situaciones donde hubo incumplimientos evidentes por parte de las dem\u00e1s comparsas&#8221;.<\/p>\n<\/div>\n<div class=\"sc-80531b6b-0 chRIGJ container-text text-embed\">\n<p>En el descargo tambi\u00e9n se detall\u00f3: &#8220;Se nos impusieron sanciones expresamente prohibidas por el reglamento, como la obligaci\u00f3n de desfilar con el forro de una malla en una escuadra completa durante toda la edici\u00f3n, cuando dicho requerimiento hab\u00eda sido cumplido en la segunda noche y por reglamento, se pod\u00eda completar trajes hasta la tercera noche&#8221;.<\/p>\n<\/div>\n<div class=\"sc-80531b6b-0 chRIGJ container-text text-embed\">\n<p>Y a\u00f1adieron: &#8220;Finalmente, luego de la \u00faltima noche de desfile,<strong> se nos descont\u00f3 un punto<\/strong>, desconociendo el acta firmada, con el argumento de que el ballet &#8216;La Fiesta&#8217; no forma parte de la escuadra &#8216;La Fiesta&#8217;, a pesar de compartir el mismo nombre y de que todas llevan la famosa &#8216;malla&#8217; observada. <strong>Esta sanci\u00f3n, adem\u00e1s de ser infundada<\/strong>, se aplic\u00f3 de manera extempor\u00e1nea, ya que desde el domingo el ballet desfil\u00f3 de la misma manera y en la fiscalizaci\u00f3n posterior no se realiz\u00f3 ninguna observaci\u00f3n&#8221;. <\/p>\n<\/div>\n<div class=\"sc-80531b6b-0 chRIGJ container-text text-embed\">\n<p>&#8220;Seg\u00fan el reglamento, cualquier descuento debe efectuarse en esa instancia, por lo que este accionar no solo contraviene la normativa, sino que tambi\u00e9n va en contra de la buena fe de los presidentes de los otros clubes y del abogado presente, ante quienes se dej\u00f3 claro nuestro deseo que las ni\u00f1as del ballet salgan, aunque sea las dos \u00faltimas noches, con el traje completo&#8221;, enfatizaron.<\/p>\n<\/div>\n<div class=\"sc-80531b6b-0 chRIGJ container-text text-embed\">\n<p>&#8220;De algo no hay dudas, ante los ojos de 44 jurados durante 11 noches, Ar\u00e1 Yev\u00ed fue la mejor puntuada de la edici\u00f3n 2025, y por la quita de este punto, perder\u00edamos el primer puesto habiendo incluso desfilado en inferioridad de condiciones, por llevar una escuadra incompleta la mayor parte de las noches&#8221;, agregaron.<\/p>\n<\/div>\n<div class=\"sc-80531b6b-0 chRIGJ container-text text-embed\">\n<p>Y concluyeron: &#8220;Lamentablemente, este acto nos ha dejado una sensaci\u00f3n de injusticia, pero hemos sido testigos de la verdadera esencia del carnaval: el trabajo conjunto y el apoyo mutuo entre sus integrantes&#8221;.<\/p>\n<\/div>\n<\/div>\n<p><br \/>\n<br \/><a href=\"https:\/\/www.clarin.com\/sociedad\/escandalo-carnaval-gualeguaychu-incidentes-cierre-polemica-eleccion-comparsa-ganadora_0_V14x6wGdKQ.html\">Fuente Clarin.com <\/a><\/p>\n","protected":false},"excerpt":{"rendered":"<p>La fiesta del Carnaval de Gualeguaych\u00fa 2025 termin\u00f3 en esc\u00e1ndalo. En una ajustada definici\u00f3n, por 0,25 d\u00e9cimas, la comparsa Papelitos fue la ganadora. Sin embargo, disconforme con el resultado, Ar\u00e1 Yev\u00ed apel\u00f3 la decisi\u00f3n del jurado y eval\u00faa hacerlo este mi\u00e9rcoles tambi\u00e9n ante la Justicia, dado que en el recuento de votos, a \u00faltimo momento, [&hellip;]<\/p>\n","protected":false},"author":1,"featured_media":10114,"comment_status":"open","ping_status":"open","sticky":false,"template":"","format":"standard","meta":{"footnotes":""},"categories":[2],"tags":[967,10764,3294,10489,2325,814,142],"class_list":["post-10113","post","type-post","status-publish","format-standard","has-post-thumbnail","hentry","category-ultimas-noticias","tag-cierre","tag-comparsa","tag-eleccion","tag-ganadora","tag-incidentes","tag-polemica","tag-por"],"_links":{"self":[{"href":"https:\/\/13.com.ar\/index.php\/wp-json\/wp\/v2\/posts\/10113","targetHints":{"allow":["GET"]}}],"collection":[{"href":"https:\/\/13.com.ar\/index.php\/wp-json\/wp\/v2\/posts"}],"about":[{"href":"https:\/\/13.com.ar\/index.php\/wp-json\/wp\/v2\/types\/post"}],"author":[{"embeddable":true,"href":"https:\/\/13.com.ar\/index.php\/wp-json\/wp\/v2\/users\/1"}],"replies":[{"embeddable":true,"href":"https:\/\/13.com.ar\/index.php\/wp-json\/wp\/v2\/comments?post=10113"}],"version-history":[{"count":0,"href":"https:\/\/13.com.ar\/index.php\/wp-json\/wp\/v2\/posts\/10113\/revisions"}],"wp:featuredmedia":[{"embeddable":true,"href":"https:\/\/13.com.ar\/index.php\/wp-json\/wp\/v2\/media\/10114"}],"wp:attachment":[{"href":"https:\/\/13.com.ar\/index.php\/wp-json\/wp\/v2\/media?parent=10113"}],"wp:term":[{"taxonomy":"category","embeddable":true,"href":"https:\/\/13.com.ar\/index.php\/wp-json\/wp\/v2\/categories?post=10113"},{"taxonomy":"post_tag","embeddable":true,"href":"https:\/\/13.com.ar\/index.php\/wp-json\/wp\/v2\/tags?post=10113"}],"curies":[{"name":"wp","href":"https:\/\/api.w.org\/{rel}","templated":true}]}}