{"id":1010,"date":"2025-01-31T15:35:34","date_gmt":"2025-01-31T18:35:34","guid":{"rendered":"https:\/\/13.com.ar\/index.php\/el-dia-en-que-no-este-bien-o-no-haya-mas-de-donde-sacar-me-ire-y-sera-el-dia-mas-triste-de-mi-vida\/"},"modified":"2025-01-31T15:35:34","modified_gmt":"2025-01-31T18:35:34","slug":"el-dia-en-que-no-este-bien-o-no-haya-mas-de-donde-sacar-me-ire-y-sera-el-dia-mas-triste-de-mi-vida","status":"publish","type":"post","link":"https:\/\/13.com.ar\/index.php\/el-dia-en-que-no-este-bien-o-no-haya-mas-de-donde-sacar-me-ire-y-sera-el-dia-mas-triste-de-mi-vida\/","title":{"rendered":"El d\u00eda en que no est\u00e9 bien o no haya m\u00e1s de d\u00f3nde sacar, me ir\u00e9 y ser\u00e1 el d\u00eda m\u00e1s triste de mi vida"},"content":{"rendered":"<p> <br \/>\n<br \/><img decoding=\"async\" src=\"https:\/\/13.com.ar\/wp-content\/uploads\/2025\/01\/El-dia-en-que-no-este-bien-o-no-haya.jpg\" \/><\/p>\n<div>\n<p><strong>Lionel Scaloni<\/strong> lleva m\u00e1s de seis a\u00f1os al mando del seleccionado argentino, con el que ha conseguido el Mundial de Qatar 2022 y dos ediciones de la Copa Am\u00e9rica. En estos d\u00edas, resulta dif\u00edcil imaginar al combinado nacional sin el timonel que lo condujo a estos \u00e9xitos. Sin embargo, <strong>el entrenador se permiti\u00f3 hacer referencia a ese futuro y asegur\u00f3 que el adi\u00f3s marcar\u00e1 \u201cel d\u00eda m\u00e1s triste\u201d de su vida.<\/strong><\/p>\n<\/div>\n<div>\n<p><em>\u201cEstoy en el lugar so\u00f1ado, pero eso no implica que tenga que atornillarme al asiento. El d\u00eda en que no est\u00e9 bien o vea que ya no hay m\u00e1s de d\u00f3nde sacar, me ir\u00e9 y ser\u00e1 el d\u00eda m\u00e1s triste de mi vida. Pero por ahora, estoy bien\u201d<\/em>, asegur\u00f3 Scaloni durante una entrevista emitida en el canal Dsports. Igualmente, el t\u00e9cnico que no estaba pensando en futuros destinos y que tampoco hab\u00eda recibido propuestas laborales de clubes o federaciones. \u201cNo estoy en el mercado\u201d, enfatiz\u00f3.<\/p>\n<\/div>\n<div>\n<p>Mirando hacia adelante, el hombre nacido en Pujato tambi\u00e9n hizo referencia a la incertidumbre que todav\u00eda persiste sobre <strong>la presencia de Lionel Messi en el Mundial que se disputar\u00e1 en 2026 en Canad\u00e1, M\u00e9xico y Estados Unidos<\/strong>. <em>\u201cNosotros no le decimos nada ni a \u00e9l ni a nadie. No somos nadie para preguntarle qu\u00e9 piensa hacer de su futuro. \u00c9l es suficientemente grande e inteligente para saber si tendr\u00e1 ganas de afrontar el Mundial. Sabe que la puerta est\u00e1 abierta y que para nosotros es indispensable. Hay que dejar pasar los partidos y las convocatorias. Cuando llegue el momento, ojal\u00e1 est\u00e9. Pero no es un tema que nos preocupe hoy\u201d<\/em>, explic\u00f3.<\/p>\n<\/div>\n<div>\n<p>\u201c<em>Leo juega porque es el mejor de todos. Lo \u00fanico que quiero es que sea feliz. Cuando llegue el momento del Mundial, que decida \u00e9l. \u00c9l sabe muy bien lo que pensamos y es el m\u00e1s inteligente de todos. Va a jugar hasta que \u00e9l lo decida. Lo necesitamos, pero eso no significa que tenga que venir a toda costa, tiene que venir si es feliz. Yo s\u00e9 que \u00e9l es feliz, pero hay un tiempo y hay que esperar<\/em>\u201d, a\u00f1adi\u00f3 el DT.<\/p>\n<\/div>\n<div>\n<p>Los pr\u00f3ximos compromisos del seleccionado argentino ser\u00e1n el 21 de marzo frente a <strong>Uruguay<\/strong> en el Centenario de Montevideo y cuatro d\u00edas despu\u00e9s frente a <strong>Brasil <\/strong>en el Monumental por la clasificaci\u00f3n de la Confederaci\u00f3n Sudamericana de F\u00fatbol para la Copa del Mundo.<strong> Scaloni adelant\u00f3 que su idea es dar participaci\u00f3n en esos partidos a futbolistas j\u00f3venes que todav\u00eda no tuvieron muchas chances de jugar en el combinado albiceleste<\/strong>.<\/p>\n<\/div>\n<div>\n<p><em>\u201cLos chicos m\u00e1s j\u00f3venes han entrado con unas ganas diferentes, no tienen miedo a no ganar y han tra\u00eddo cosas positivas. Es un momento lindo para verlos. Si la convocatoria lo amerita, (queremos) darles la oportunidad de demostrar porque todav\u00eda tenemos un tiempo prudencial y estamos bien en la clasificaci\u00f3n. \u00bfPor qu\u00e9 no pensar que esos chicos tengan la oportunidad de jugar en la selecci\u00f3n?\u201d<\/em>, propuso el t\u00e9cnico.<\/p>\n<\/div>\n<div>\n<p><em>\u201c<\/em><strong><em>Si queremos pensar en el Mundial, es el momento de darles oportunidades a chicos que todav\u00eda no han estado. Lo estamos pensando<\/em><\/strong><em>. La base est\u00e1, pero por qu\u00e9 no pensar que en alg\u00fan chico que pueda aportarnos. Despu\u00e9s vendr\u00e1 lo serio y habr\u00e1 que competir en un Mundial con chicos que sepamos qu\u00e9 pueden dar con esta camiseta puesta. Creemos que este es el momento y antes de la convocatoria veremos si lo hacemos\u201d<\/em>, agreg\u00f3.<\/p>\n<\/div>\n<div>\n<p>Sobre los rivales en esta doble fecha de la clasificaci\u00f3n, Scaloni se\u00f1al\u00f3 que<em> \u201cBrasil ha mejorado, tiene un entrenador nuevo que necesita tiempo y tiene grandes jugadores\u201d<\/em> y que <em>&#8220;Uruguay viene bien y tiene un entrenador que ya sabemos c\u00f3mo juega\u201d<\/em>. \u201cVa a ser una fecha dif\u00edcil, pero en Sudam\u00e9rica todas las fechas son dif\u00edciles\u201d, reflexion\u00f3.<\/p>\n<\/div>\n<p><br \/>\n<br \/><a href=\"https:\/\/www.clarin.com\/deportes\/scaloni-futuro-seleccion-argentina-dia-bien-sacar-ire-dia-triste-vida_0_IjFo3tjcXK.html\">Fuente Clarin.com <\/a><\/p>\n","protected":false},"excerpt":{"rendered":"<p>Lionel Scaloni lleva m\u00e1s de seis a\u00f1os al mando del seleccionado argentino, con el que ha conseguido el Mundial de Qatar 2022 y dos ediciones de la Copa Am\u00e9rica. En estos d\u00edas, resulta dif\u00edcil imaginar al combinado nacional sin el timonel que lo condujo a estos \u00e9xitos. Sin embargo, el entrenador se permiti\u00f3 hacer referencia [&hellip;]<\/p>\n","protected":false},"author":1,"featured_media":1011,"comment_status":"open","ping_status":"open","sticky":false,"template":"","format":"standard","meta":{"footnotes":""},"categories":[2],"tags":[2385,1154,743,139,2386,2387,155,1628,153,2388,113],"class_list":["post-1010","post","type-post","status-publish","format-standard","has-post-thumbnail","hentry","category-ultimas-noticias","tag-bien","tag-dia","tag-donde","tag-este","tag-haya","tag-ire","tag-mas","tag-sacar","tag-sera","tag-triste","tag-vida"],"_links":{"self":[{"href":"https:\/\/13.com.ar\/index.php\/wp-json\/wp\/v2\/posts\/1010","targetHints":{"allow":["GET"]}}],"collection":[{"href":"https:\/\/13.com.ar\/index.php\/wp-json\/wp\/v2\/posts"}],"about":[{"href":"https:\/\/13.com.ar\/index.php\/wp-json\/wp\/v2\/types\/post"}],"author":[{"embeddable":true,"href":"https:\/\/13.com.ar\/index.php\/wp-json\/wp\/v2\/users\/1"}],"replies":[{"embeddable":true,"href":"https:\/\/13.com.ar\/index.php\/wp-json\/wp\/v2\/comments?post=1010"}],"version-history":[{"count":0,"href":"https:\/\/13.com.ar\/index.php\/wp-json\/wp\/v2\/posts\/1010\/revisions"}],"wp:featuredmedia":[{"embeddable":true,"href":"https:\/\/13.com.ar\/index.php\/wp-json\/wp\/v2\/media\/1011"}],"wp:attachment":[{"href":"https:\/\/13.com.ar\/index.php\/wp-json\/wp\/v2\/media?parent=1010"}],"wp:term":[{"taxonomy":"category","embeddable":true,"href":"https:\/\/13.com.ar\/index.php\/wp-json\/wp\/v2\/categories?post=1010"},{"taxonomy":"post_tag","embeddable":true,"href":"https:\/\/13.com.ar\/index.php\/wp-json\/wp\/v2\/tags?post=1010"}],"curies":[{"name":"wp","href":"https:\/\/api.w.org\/{rel}","templated":true}]}}