{"id":1008,"date":"2025-01-31T15:32:21","date_gmt":"2025-01-31T18:32:21","guid":{"rendered":"https:\/\/13.com.ar\/index.php\/inseguridad-en-moreno-un-municipio-gobernado-por-una-intendenta-cercana-a-cristina-kirchner\/"},"modified":"2025-01-31T15:32:21","modified_gmt":"2025-01-31T18:32:21","slug":"inseguridad-en-moreno-un-municipio-gobernado-por-una-intendenta-cercana-a-cristina-kirchner","status":"publish","type":"post","link":"https:\/\/13.com.ar\/index.php\/inseguridad-en-moreno-un-municipio-gobernado-por-una-intendenta-cercana-a-cristina-kirchner\/","title":{"rendered":"Inseguridad en Moreno, un municipio gobernado por una intendenta cercana a Cristina Kirchner"},"content":{"rendered":"<p> <br \/>\n<\/p>\n<div id=\"cuerpo\">\n<div class=\"sc-80531b6b-0 chRIGJ container-text text-embed\">\n<p>En el cierre de la semana, el municipio de<strong> Moreno<\/strong>, comandado por la intendenta ultra kirchnerista <strong>Mariel Fern\u00e1ndez<\/strong>, se encuentra en el ojo de la tormenta ya que, en medio de la escalada de casos de robos en el conurbano bonaerense, en ese distrito de la zona oeste sucedieron <strong>dos hechos de inseguridad en las \u00faltimas 48 horas.<\/strong><\/p>\n<\/div>\n<div class=\"sc-80531b6b-0 chRIGJ container-text text-embed\">\n<p>El primer episodio ocurri\u00f3 este mi\u00e9rcoles cuando un delincuente de 18 a\u00f1os intent\u00f3 asaltar a un polic\u00eda de la Ciudad que se defendi\u00f3 y lo bale\u00f3. Al d\u00eda siguiente, un joven que trabajaba como delivery fue asesinado luego de intervenir en defensa de un vendedor ambulante que hab\u00eda sido atacado por un sujeto con un arma blanca.<\/p>\n<\/div>\n<div class=\"sc-80531b6b-0 chRIGJ container-text text-embed\">\n<p>&#8220;Es<strong> tierra de nadie<\/strong>&#8220;, expres\u00f3 un vecino ante los medios presentes frente a la sede de la Municipalidad de Moreno, donde este viernes se reuni\u00f3 un nutrido grupo de amigos y compa\u00f1eros de Lucas Aguilar, el repartidor asesinado de al menos 7 pu\u00f1aladas. Y se desataron serios incidentes sobre el mediod\u00eda, momento en el que hubo piedrazos y balas de goma.<\/p>\n<\/div>\n<div class=\"sc-80531b6b-0 chRIGJ container-text text-embed\">\n<p>Desde 2019, Moreno se encuentra bajo el mandato de Mariel Fern\u00e1ndez. <strong>Surgida del Movimiento Evita<\/strong>, la intendenta asumi\u00f3 al frente de la gesti\u00f3n municipal como sucesora de Walter Festa, de cuestionada gesti\u00f3n, a quien desbanc\u00f3 en una PASO enteramente kirchnerista. En 2023, fue reelecta con casi el 60% de los votos.<\/p>\n<\/div>\n<div class=\"sc-80531b6b-0 chRIGJ container-text text-embed\">\n<p>Melina Mariel Fern\u00e1ndez naci\u00f3 en Cuartel V, el 12 de junio de 1977, un enclave instalado en pleno municipio de Moreno, lindero a Pilar y Jos\u00e9 C. Paz. Se trata de una de las intendentas que forma parte del selecto grupo de dirigentes que rodea a Cristina Kirchner.<\/p>\n<\/div>\n<div class=\"sc-80531b6b-0 chRIGJ container-text text-embed\">\n<p>Si bien Fern\u00e1ndez se mueve desde hace meses cerca de la ex presidenta, el pasado 9 de diciembre fue la anfitriona de una de las apariciones p\u00fablicas m\u00e1s importantes de Cristina Kirchner. En aquella oportunidad, la titular del PJ Nacional encabez\u00f3 la reuni\u00f3n del Consejo Provincial del peronismo bonaerense en Moreno y logr\u00f3 la foto que pretend\u00eda: comparti\u00f3 el centro de la escena con el titular partidario en el distrito, M\u00e1ximo Kirchner, pero tambi\u00e9n con Axel Kicillof y Sergio Massa.<\/p>\n<\/div>\n<div class=\"sc-106e49c0-0 dcVumd freeHtml-embed undefined\">\n<blockquote class=\"twitter-tweet\">\n<p lang=\"es\" dir=\"ltr\">Reuni\u00f3n del Partido Justicialista Bonaerense en Los Robles, nuestra Reserva Municipal de Moreno. <\/p>\n<p>Un placer recibirlos compa\u00f1eros y compa\u00f1eras \u270c\ud83c\udffb <a rel=\"nofollow\" target=\"_blank\" href=\"https:\/\/t.co\/qzvRVz6Zg3\">pic.twitter.com\/qzvRVz6Zg3<\/a><\/p>\n<p>\u2014 Mariel Fern\u00e1ndez (@marielfmoreno1) <a rel=\"nofollow\" target=\"_blank\" href=\"https:\/\/twitter.com\/marielfmoreno1\/status\/1866227366013304922?ref_src=twsrc%5Etfw\">December 9, 2024<\/a><\/p><\/blockquote>\n<\/div>\n<div class=\"sc-80531b6b-0 chRIGJ container-text text-embed\">\n<p>Durante aquel encuentro partidario, la intendenta se sent\u00f3 en la mesa principal junto a la ex vicepresidenta. Actualmente, <strong>la jefa comunal de Moreno es la intendenta m\u00e1s cercana a Cristina Kirchner<\/strong>, incluso por encima de referentes hist\u00f3ricas de La C\u00e1mpora como Mayra Mendoza, de Quilmes. Las \u00faltimas tres apariciones p\u00fablicas m\u00e1s importantes de Cristina la tuvieron a Fern\u00e1ndez como protagonista y, dos de ellas, a Moreno como sede.<\/p>\n<\/div>\n<div class=\"sc-80531b6b-0 chRIGJ container-text text-embed\">\n<p>La \u00faltima foto que compartieron las dos Fern\u00e1ndez en 2024 fue justamente en la cumbre convocada para lograr una foto de unidad dentro del PJ. La imagen mostr\u00f3 a Cristina y M\u00e1ximo Kirchner, a Sergio Massa, a Axel Kicillof, a Ver\u00f3nica Magario y a Mariel Fern\u00e1ndez, la anfitriona del encuentro en la reserva municipal Los Robles.<\/p>\n<\/div>\n<div class=\"sc-198be8ec-0 cynXbu image-embed  image-embed \"><picture class=\"sc-198be8ec-1 kOjRiQ\"><source media=\"(min-width: 975px)\" width=\"720\" height=\"480\" \/><img alt=\"M\u00e1ximo Kirchner, Sergio Massa, Cristina Kirchner, Mariel Fern\u00e1ndez, Axel Kicillof y Veronica Magario \" loading=\"lazy\" width=\"720\" height=\"480\" decoding=\"async\" data-nimg=\"1\" style=\"color:transparent\" src=\"https:\/\/13.com.ar\/wp-content\/uploads\/2025\/01\/Inseguridad-en-Moreno-un-municipio-gobernado-por-una-intendenta-cercana.jpg\"\/><span class=\"epigraphe\">M\u00e1ximo Kirchner, Sergio Massa, Cristina Kirchner, Mariel Fern\u00e1ndez, Axel Kicillof y Veronica Magario <\/span><span class=\"bkg\"\/><span class=\"picture-open\"><button class=\"open-image\" aria-label=\"Open Image\"\/><\/span><\/picture><\/div>\n<div class=\"sc-80531b6b-0 chRIGJ container-text text-embed\">\n<p>Los dirigentes se reunieron a solas en el interior de &#8220;Los Robles&#8221;, un bosque de 260 hect\u00e1reas, con el objetivo de &#8220;volver a conectar y dejar atr\u00e1s las internas&#8221;. Seg\u00fan el documento difundido previamente, ten\u00edan previsto hacer &#8220;consideraciones&#8221; sobre el \u00faltimo encuentro del PJ Bonaerense realizado hace 10 meses, y luego un an\u00e1lisis de la situaci\u00f3n pol\u00edtica.<\/p>\n<\/div>\n<div class=\"sc-80531b6b-0 chRIGJ container-text text-embed\">\n<p>El mismo lugar hab\u00eda sido elegido el 13 de noviembre de 2024, cuando Cristina lider\u00f3 un encuentro de 400 mujeres que organiz\u00f3 la intendenta de Moreno. Aquella no fue una ma\u00f1ana m\u00e1s para la ex presidenta ya que, en simult\u00e1neo a esa reuni\u00f3n, la C\u00e1mara de Casaci\u00f3n Federal ratificaba su condena por seis a\u00f1os en la denominada causa Vialidad. <\/p>\n<\/div>\n<div class=\"sc-80531b6b-0 chRIGJ container-text text-embed\">\n<p>As\u00ed, Mariel Fern\u00e1ndez acompa\u00f1\u00f3 a Cristina en su d\u00eda m\u00e1s dif\u00edcil, que luego la tuvo a la ex titular del Senado como protagonista de un encuentro en el Instituto Patria, en el barrio de Congreso, junto a un grupo de incondicionales a la jefa del justicialismo. No obstante, muchos hist\u00f3ricos le dieron la espalda en un d\u00eda clave.<\/p>\n<\/div>\n<div class=\"sc-198be8ec-0 cynXbu image-embed  image-embed \"><picture class=\"sc-198be8ec-1 kOjRiQ\"><source media=\"(min-width: 975px)\" width=\"720\" height=\"480\" \/><img alt=\"Cristina Kirchner saliendo al balc\u00f3n del Instituto Patria.&#10;Foto: Federico Lopez Claro\" loading=\"lazy\" width=\"720\" height=\"480\" decoding=\"async\" data-nimg=\"1\" style=\"color:transparent\" src=\"https:\/\/13.com.ar\/wp-content\/uploads\/2025\/01\/1738348341_238_Inseguridad-en-Moreno-un-municipio-gobernado-por-una-intendenta-cercana.jpg\"\/><span class=\"epigraphe\">Cristina Kirchner saliendo al balc\u00f3n del Instituto Patria.<br \/>\nFoto: Federico Lopez Claro<\/span><span class=\"bkg\"\/><span class=\"picture-open\"><button class=\"open-image\" aria-label=\"Open Image\"\/><\/span><\/picture><\/div>\n<div class=\"sc-80531b6b-0 chRIGJ container-text text-embed\">\n<p>Dos d\u00edas antes de esa cumbre, Mariel Fern\u00e1ndez fue parte de la foto en la sede de SMATA con la que Cristina oficializ\u00f3 su lista &#8220;Primero la Patria&#8221; para conducir el PJ. <\/p>\n<\/div>\n<div class=\"sc-80531b6b-0 chRIGJ container-text text-embed\">\n<p>La intendenta de Moreno fue elegida para ocupar una de las vicepresidencias del partido, en lo que representa otro espaldarazo de la ex presidenta, que parece moldearla para competir electoralmente, ya sea en 2025 o en 2027, como una referencia del kirchnerismo en la Provincia.<\/p>\n<\/div>\n<\/div>\n<p><script async src=\"\/\/platform.twitter.com\/widgets.js\" charset=\"utf-8\"><\/script><br \/>\n<br \/><br \/>\n<br \/><a href=\"https:\/\/www.clarin.com\/politica\/inseguridad-moreno-municipio-gobernado-intendenta-cercana-cristina-kirchner_0_eEFVP6RDmC.html\">Fuente Clarin.com <\/a><\/p>\n","protected":false},"excerpt":{"rendered":"<p>En el cierre de la semana, el municipio de Moreno, comandado por la intendenta ultra kirchnerista Mariel Fern\u00e1ndez, se encuentra en el ojo de la tormenta ya que, en medio de la escalada de casos de robos en el conurbano bonaerense, en ese distrito de la zona oeste sucedieron dos hechos de inseguridad en las [&hellip;]<\/p>\n","protected":false},"author":1,"featured_media":1009,"comment_status":"open","ping_status":"open","sticky":false,"template":"","format":"standard","meta":{"footnotes":""},"categories":[2],"tags":[2384,497,2382,2381,2383,1381,1383,1199,142,73],"class_list":["post-1008","post","type-post","status-publish","format-standard","has-post-thumbnail","hentry","category-ultimas-noticias","tag-cercana","tag-cristina","tag-gobernado","tag-inseguridad","tag-intendenta","tag-kirchner","tag-moreno","tag-municipio","tag-por","tag-una"],"_links":{"self":[{"href":"https:\/\/13.com.ar\/index.php\/wp-json\/wp\/v2\/posts\/1008","targetHints":{"allow":["GET"]}}],"collection":[{"href":"https:\/\/13.com.ar\/index.php\/wp-json\/wp\/v2\/posts"}],"about":[{"href":"https:\/\/13.com.ar\/index.php\/wp-json\/wp\/v2\/types\/post"}],"author":[{"embeddable":true,"href":"https:\/\/13.com.ar\/index.php\/wp-json\/wp\/v2\/users\/1"}],"replies":[{"embeddable":true,"href":"https:\/\/13.com.ar\/index.php\/wp-json\/wp\/v2\/comments?post=1008"}],"version-history":[{"count":0,"href":"https:\/\/13.com.ar\/index.php\/wp-json\/wp\/v2\/posts\/1008\/revisions"}],"wp:featuredmedia":[{"embeddable":true,"href":"https:\/\/13.com.ar\/index.php\/wp-json\/wp\/v2\/media\/1009"}],"wp:attachment":[{"href":"https:\/\/13.com.ar\/index.php\/wp-json\/wp\/v2\/media?parent=1008"}],"wp:term":[{"taxonomy":"category","embeddable":true,"href":"https:\/\/13.com.ar\/index.php\/wp-json\/wp\/v2\/categories?post=1008"},{"taxonomy":"post_tag","embeddable":true,"href":"https:\/\/13.com.ar\/index.php\/wp-json\/wp\/v2\/tags?post=1008"}],"curies":[{"name":"wp","href":"https:\/\/api.w.org\/{rel}","templated":true}]}}