{"id":10071,"date":"2025-03-04T20:58:28","date_gmt":"2025-03-04T23:58:28","guid":{"rendered":"https:\/\/13.com.ar\/index.php\/fue-preparado-para-hacer-un-acto-de-campana\/"},"modified":"2025-03-04T20:58:28","modified_gmt":"2025-03-04T23:58:28","slug":"fue-preparado-para-hacer-un-acto-de-campana","status":"publish","type":"post","link":"https:\/\/13.com.ar\/index.php\/fue-preparado-para-hacer-un-acto-de-campana\/","title":{"rendered":"Fue preparado para hacer un acto de campa\u00f1a"},"content":{"rendered":"<p> <br \/>\n<br \/><img decoding=\"async\" src=\"https:\/\/13.com.ar\/wp-content\/uploads\/2025\/03\/Fue-preparado-para-hacer-un-acto-de-campana.jpg\" \/><\/p>\n<div id=\"cuerpo\">\n<div class=\"sc-80531b6b-0 chRIGJ container-text text-embed\">\n<p>Aunque <strong>se quiso alejar al menos por dos d\u00edas<\/strong> del ajetreo pol\u00edtico, <strong>Guillermo Francos<\/strong> no pudo escapar a las repercusiones del episodio de intimidaci\u00f3n que protagoniz\u00f3 Santiago Caputo contra Facundo Manes. El jefe de Gabinete sali\u00f3 en defensa del asesor presidencial y sostuvo que el diputado<strong> &#8220;fue preparado para hacer un acto de campa\u00f1a&#8221;. <\/strong><\/p>\n<\/div>\n<div class=\"sc-80531b6b-0 chRIGJ container-text text-embed\">\n<p>Francos habl\u00f3 este martes desde Aeroparque con<em> A24<\/em>, a su regreso de una miniescapada <strong>a Villa La Angostura<\/strong>. Ante la prensa reconoci\u00f3 que conoce a Manes &#8220;hace muchos a\u00f1os&#8221;, pero que lo que hizo<strong> &#8220;no se corresponde con la trayectoria que \u00e9l ten\u00eda&#8221;. <\/strong><\/p>\n<\/div>\n<div class=\"sc-80531b6b-0 chRIGJ container-text text-embed\">\n<p>&#8220;Creo que<strong> fue preparado para hacer un acto de campa\u00f1a <\/strong>el diputado Manes&#8221;, reflexion\u00f3 el jefe de ministros sobre la interrupci\u00f3n que realiz\u00f3 el legislador de origen radical al Presidente mientras daba su discurso ante la Asamblea Legislativa.<\/p>\n<\/div>\n<div class=\"sc-80531b6b-0 chRIGJ container-text text-embed\">\n<p>Manes le reclam\u00f3 a Milei que lea la Constituci\u00f3n Nacional, mientras agitaba en su mano un ejemplar, al tiempo que tambi\u00e9n le cuestion\u00f3 las designaciones en comisi\u00f3n de Manuel Garc\u00eda-Mansilla y Ariel Lijo para la Corte Suprema. Ese hecho, dijo Francos, <strong> &#8220;molest\u00f3 a Caputo, que le contest\u00f3&#8221;.<\/strong><\/p>\n<\/div>\n<div class=\"sc-c2c2a3c6-0 ecgiEX border-video video-embed horizontal border-video video-embed horizontal\">\n<div class=\"sc-c2c2a3c6-1 kQhBlc videoText videoText\">\n<h2>Video<\/h2>\n<p>Cruce entre Santiago Caputo y Facundo Manes: un nuevo video del tenso momento<\/p>\n<\/div>\n<\/div>\n<div class=\"sc-80531b6b-0 chRIGJ container-text text-embed\">\n<p>&#8220;Pero todo <strong>lo dem\u00e1s que dijo de<\/strong> la intimidaci\u00f3n, la violencia,<strong> la amenaza me parece una cosa totalmente rid\u00edcula y fuera de lugar<\/strong> lo que se coment\u00f3 sobre eso&#8221;, consider\u00f3 sobre el enfrentamiento posterior, cuando el asesor presidencial lo cruz\u00f3 en los pasillos del Congreso a Manes, le dio dos palmadas en el pecho y le dijo palabras al o\u00eddo que no quedaron registradas en ninguna de las grabaciones del momento que circularon, pero que <strong>Manes consider\u00f3 intimidatorias<\/strong>.<\/p>\n<\/div>\n<div class=\"sc-80531b6b-0 chRIGJ container-text text-embed\">\n<p>De acuerdo al relato que hizo el diputado el lunes pasado en una entrevista, Caputo le dijo que le iba a &#8220;tirar todo el Estado encima&#8221;. &#8220;Me dijo que lo iba a a escuchar, que yo no estoy limpio. Me dijo eso: &#8216;Vos no pod\u00e9s hacer eso que hiciste, porque para hacerlo<strong> vos ten\u00e9s que estar limpio&#8217;.<\/strong> Yo le respond\u00ed que estoy limpio&#8221;, profundiz\u00f3 Manes.<\/p>\n<\/div>\n<p><h2>Para Guillermo Francos, Manes demostr\u00f3 no ser serio y &#8220;Caputo expres\u00f3 su posici\u00f3n&#8221;<\/h2>\n<\/p>\n<div class=\"sc-80531b6b-0 chRIGJ container-text text-embed\">\n<p>Francos se mostr\u00f3 decepcionado con la actitud adoptada por Manes. &#8220;<strong>Demostr\u00f3 no ser lo serio que yo pensaba. <\/strong>Lament\u00e9 mucho la interrupci\u00f3n que hizo del discurso del Presidente&#8221;, sostuvo.<\/p>\n<\/div>\n<div class=\"sc-80531b6b-0 chRIGJ container-text text-embed\">\n<p>Tambi\u00e9n consider\u00f3 que los dos episodios entre la c\u00fapula libertaria y Manes en el Congreso el pasado s\u00e1bado a la noche <strong>se &#8220;agrandaron much\u00edsimo&#8221;,<\/strong> aunque evit\u00f3 buscar culpables por la trascendencia que tuvieron.<\/p>\n<\/div>\n<div class=\"sc-c2c2a3c6-0 ecgiEX border-video video-embed horizontal border-video video-embed horizontal\">\n<div class=\"sc-c2c2a3c6-1 kQhBlc videoText videoText\">\n<h2>Video<\/h2>\n<p>As\u00ed increp\u00f3 Santiago Caputo a Facundo Manes en la Asamblea Legislativa<\/p>\n<\/div>\n<\/div>\n<div class=\"sc-80531b6b-0 chRIGJ container-text text-embed\">\n<p>&#8220;Creo que <strong>el propio diputado Manes gener\u00f3 estas repercusiones<\/strong>, fue a hacer un acto de campa\u00f1a, est\u00e1 <strong>iniciando un proceso electoral<\/strong>. Me pareci\u00f3 <strong>desubicado<\/strong>&#8220;, insisti\u00f3 con su teor\u00eda el jefe de Gabinete.<\/p>\n<\/div>\n<div class=\"sc-80531b6b-0 chRIGJ container-text text-embed\">\n<p>Al mismo tiempo, sali\u00f3 en defensa de Caputo. &#8220;Lo que pas\u00f3 despu\u00e9s no es que un asesor del Presidente que increp\u00f3 a un diputado de la Naci\u00f3n, sino que <strong>expres\u00f3 su posici\u00f3n as\u00ed como la expres\u00f3 Manes en el recinto. <\/strong>Caputo se lo cruz\u00f3 a la salida del acto y lo increp\u00f3, le cuestion\u00f3 lo que hab\u00eda hecho Manes&#8221;, detall\u00f3.<\/p>\n<\/div>\n<div class=\"sc-80531b6b-0 chRIGJ container-text text-embed\">\n<p>Francos tambi\u00e9n opin\u00f3 sobre los recientes halagos de Donald Trump a Milei y la posibilidad de que el buen v\u00ednculo entre los mandatarios facilite el acuerdo de la Argentina con el FMI.<\/p>\n<\/div>\n<div class=\"sc-80531b6b-0 chRIGJ container-text text-embed\">\n<p>&#8220;Hay una <strong>sinton\u00eda muy importante<\/strong> que va a servir para muchas cosas, entre otras, para conseguir el apoyo el tratamiento del acuerdo que est\u00e1 muy avanzado&#8221;, analiz\u00f3.<\/p>\n<\/div>\n<div class=\"sc-80531b6b-0 chRIGJ container-text text-embed\">\n<p>Por \u00faltimo, subray\u00f3 que <strong>el acompa\u00f1amiento de Estados Unidos &#8220;es decisivo&#8221;<\/strong>. &#8220;Es muy importante este apoyo y seguramente el presidente Milei lo va a obtener&#8221;, concluy\u00f3.<\/p>\n<\/div>\n<\/div>\n<p><br \/>\n<br \/><a href=\"https:\/\/www.clarin.com\/politica\/guillermo-francos-salio-defender-santiago-caputo-apunto-facundo-manes-preparado-hacer-acto-campana_0_9cm4aA5HMS.html\">Fuente Clarin.com <\/a><\/p>\n","protected":false},"excerpt":{"rendered":"<p>Aunque se quiso alejar al menos por dos d\u00edas del ajetreo pol\u00edtico, Guillermo Francos no pudo escapar a las repercusiones del episodio de intimidaci\u00f3n que protagoniz\u00f3 Santiago Caputo contra Facundo Manes. El jefe de Gabinete sali\u00f3 en defensa del asesor presidencial y sostuvo que el diputado &#8220;fue preparado para hacer un acto de campa\u00f1a&#8221;. Francos [&hellip;]<\/p>\n","protected":false},"author":1,"featured_media":10072,"comment_status":"open","ping_status":"open","sticky":false,"template":"","format":"standard","meta":{"footnotes":""},"categories":[2],"tags":[9056,2813,105,127,16,5088],"class_list":["post-10071","post","type-post","status-publish","format-standard","has-post-thumbnail","hentry","category-ultimas-noticias","tag-acto","tag-campana","tag-fue","tag-hacer","tag-para","tag-preparado"],"_links":{"self":[{"href":"https:\/\/13.com.ar\/index.php\/wp-json\/wp\/v2\/posts\/10071","targetHints":{"allow":["GET"]}}],"collection":[{"href":"https:\/\/13.com.ar\/index.php\/wp-json\/wp\/v2\/posts"}],"about":[{"href":"https:\/\/13.com.ar\/index.php\/wp-json\/wp\/v2\/types\/post"}],"author":[{"embeddable":true,"href":"https:\/\/13.com.ar\/index.php\/wp-json\/wp\/v2\/users\/1"}],"replies":[{"embeddable":true,"href":"https:\/\/13.com.ar\/index.php\/wp-json\/wp\/v2\/comments?post=10071"}],"version-history":[{"count":0,"href":"https:\/\/13.com.ar\/index.php\/wp-json\/wp\/v2\/posts\/10071\/revisions"}],"wp:featuredmedia":[{"embeddable":true,"href":"https:\/\/13.com.ar\/index.php\/wp-json\/wp\/v2\/media\/10072"}],"wp:attachment":[{"href":"https:\/\/13.com.ar\/index.php\/wp-json\/wp\/v2\/media?parent=10071"}],"wp:term":[{"taxonomy":"category","embeddable":true,"href":"https:\/\/13.com.ar\/index.php\/wp-json\/wp\/v2\/categories?post=10071"},{"taxonomy":"post_tag","embeddable":true,"href":"https:\/\/13.com.ar\/index.php\/wp-json\/wp\/v2\/tags?post=10071"}],"curies":[{"name":"wp","href":"https:\/\/api.w.org\/{rel}","templated":true}]}}